{"id":4720,"date":"2026-08-05T00:20:21","date_gmt":"2026-08-05T00:20:21","guid":{"rendered":"https:\/\/turkiyemhaber.com\/?p=4720"},"modified":"2026-08-05T00:20:27","modified_gmt":"2026-08-05T00:20:27","slug":"yildirim-belediyesinden-kadinlara-ucretsiz-mavi-tur","status":"publish","type":"post","link":"https:\/\/turkiyemhaber.com\/?p=4720","title":{"rendered":"Y\u0131ld\u0131r\u0131m Belediyesi&#8217;nden Kad\u0131nlara \u00dccretsiz Mavi Tur"},"content":{"rendered":"\n<p class=\"wp-block-paragraph\"><strong>Bursa Y\u0131ld\u0131r\u0131m Belediyesi&#8217;nin kad\u0131nlara \u00f6zel d\u00fczenledi\u011fi \u00fccretsiz Mavi Tur etkinli\u011fi yo\u011fun ilgi g\u00f6r\u00fcyor. Mudanya&#8217;dan ba\u015flayan deniz turunda kad\u0131nlar hem do\u011fan\u0131n e\u015fsiz g\u00fczelliklerini ke\u015ffediyor hem de keyifli bir g\u00fcn ge\u00e7iriyor.<\/strong><\/p>\n\n\n\n<p class=\"wp-block-paragraph\">Y\u0131ld\u0131r\u0131m Belediyesi, il\u00e7ede ya\u015fayan kad\u0131nlar\u0131n sosyal ya\u015fama daha aktif kat\u0131l\u0131m\u0131n\u0131 sa\u011flamak amac\u0131yla hayata ge\u00e7irdi\u011fi <strong>\u00dccretsiz Mavi Tur<\/strong> program\u0131n\u0131 s\u00fcrd\u00fcr\u00fcyor.<\/p>\n\n\n\n<h2 class=\"wp-block-heading\">Mudanya&#8217;dan Ba\u015flay\u0131p Tirilye&#8217;de Son Buluyor<\/h2>\n\n\n\n<p class=\"wp-block-paragraph\">Mudanya&#8217;dan hareket eden Mavi Tur rotas\u0131;<\/p>\n\n\n\n<ul class=\"wp-block-list\">\n<li>F\u0131st\u0131kl\u0131,<\/li>\n\n\n\n<li>Armutlu,<\/li>\n\n\n\n<li>Tirilye<\/li>\n<\/ul>\n\n\n\n<p class=\"wp-block-paragraph\">g\u00fczerg\u00e2h\u0131n\u0131 kaps\u0131yor.<\/p>\n\n\n\n<p class=\"wp-block-paragraph\">Etkinlik sayesinde kad\u0131nlar, Marmara Denizi&#8217;nin do\u011fal g\u00fczellikleri e\u015fli\u011finde unutulmaz bir g\u00fcn ya\u015farken, g\u00fcnl\u00fck hayat\u0131n yo\u011fun temposundan uzakla\u015fma f\u0131rsat\u0131 buluyor.<\/p>\n\n\n\n<p class=\"wp-block-paragraph\">Son tur program\u0131na <strong>Ba\u011flaralt\u0131, Erikli, Esenevler ve Yi\u011fitler mahallelerinde<\/strong> ya\u015fayan y\u00fczlerce kad\u0131n kat\u0131ld\u0131.<\/p>\n\n\n\n<h2 class=\"wp-block-heading\">Ba\u015fkan Oktay Y\u0131lmaz&#8217;dan S\u00fcrpriz Ziyaret<\/h2>\n\n\n\n<p class=\"wp-block-paragraph\">Y\u0131ld\u0131r\u0131m Belediye Ba\u015fkan\u0131 <strong>Oktay Y\u0131lmaz<\/strong>, turun Tirilye dura\u011f\u0131nda tekneye \u00e7\u0131karak kad\u0131nlara s\u00fcrpriz yapt\u0131.<\/p>\n\n\n\n<p class=\"wp-block-paragraph\">Kad\u0131nlarla tek tek sohbet eden Ba\u015fkan Y\u0131lmaz, etkinli\u011fe kat\u0131lanlarla birlikte keyifli anlar ya\u015fad\u0131.<\/p>\n\n\n\n<h2 class=\"wp-block-heading\">&#8220;Kad\u0131nlar\u0131m\u0131z\u0131n Sosyal Hayata Kat\u0131l\u0131m\u0131n\u0131 \u00d6nemsiyoruz&#8221;<\/h2>\n\n\n\n<p class=\"wp-block-paragraph\">Ba\u015fkan Oktay Y\u0131lmaz, Y\u0131ld\u0131r\u0131m&#8217;da yaln\u0131zca fiziki yat\u0131r\u0131mlara de\u011fil, sosyal belediyecilik projelerine de b\u00fcy\u00fck \u00f6nem verdiklerini belirterek \u015funlar\u0131 s\u00f6yledi:<\/p>\n\n\n\n<blockquote class=\"wp-block-quote is-layout-flow wp-block-quote-is-layout-flow\">\n<p class=\"wp-block-paragraph\"><strong>&#8220;Y\u0131ld\u0131r\u0131m&#8217;\u0131 sadece yollar\u0131, parklar\u0131 ve binalar\u0131yla de\u011fil; sosyal ya\u015fam\u0131yla da g\u00fc\u00e7l\u00fc bir kent haline getirmek istiyoruz. Kad\u0131nlar\u0131m\u0131z\u0131n sosyal hayata daha aktif kat\u0131lmalar\u0131n\u0131 \u00f6nemsiyoruz. Mavi Tur program\u0131yla onlar\u0131n g\u00fcnl\u00fck ya\u015fam\u0131n yo\u011funlu\u011fundan uzakla\u015farak keyifli vakit ge\u00e7irmelerini ama\u00e7l\u0131yoruz. Sosyal projelerimizle vatanda\u015flar\u0131m\u0131z\u0131n ya\u015fam\u0131na dokunmaya devam edece\u011fiz.&#8221;<\/strong><\/p>\n<\/blockquote>\n\n\n\n<h2 class=\"wp-block-heading\">Kad\u0131nlardan Te\u015fekk\u00fcr<\/h2>\n\n\n\n<p class=\"wp-block-paragraph\">Mavi Tur etkinli\u011fine kat\u0131lan kad\u0131nlar ise organizasyondan duyduklar\u0131 memnuniyeti dile getirerek, kendilerine bu imk\u00e2n\u0131 sunan Y\u0131ld\u0131r\u0131m Belediye Ba\u015fkan\u0131 Oktay Y\u0131lmaz ve belediye ekiplerine te\u015fekk\u00fcr etti.<\/p>\n\n\n\n<p class=\"wp-block-paragraph\">Y\u0131ld\u0131r\u0131m Belediyesi, sosyal belediyecilik anlay\u0131\u015f\u0131 do\u011frultusunda vatanda\u015flar\u0131n ya\u015fam kalitesini art\u0131rmaya y\u00f6nelik projelerini s\u00fcrd\u00fcrmeye devam ediyor.<\/p>\n","protected":false},"excerpt":{"rendered":"<p>Bursa Y\u0131ld\u0131r\u0131m Belediyesi&#8217;nin kad\u0131nlara \u00f6zel d\u00fczenledi\u011fi \u00fccretsiz Mavi Tur etkinli\u011fi yo\u011fun ilgi g\u00f6r\u00fcyor. Mudanya&#8217;dan ba\u015flayan<\/p>\n","protected":false},"author":1,"featured_media":4721,"comment_status":"open","ping_status":"open","sticky":false,"template":"","format":"standard","meta":{"_rtcl_gb_attr":"","footnotes":""},"categories":[74],"tags":[],"class_list":["post-4720","post","type-post","status-publish","format-standard","has-post-thumbnail","hentry","category-yerel-haberler"],"_links":{"self":[{"href":"https:\/\/turkiyemhaber.com\/index.php?rest_route=\/wp\/v2\/posts\/4720","targetHints":{"allow":["GET"]}}],"collection":[{"href":"https:\/\/turkiyemhaber.com\/index.php?rest_route=\/wp\/v2\/posts"}],"about":[{"href":"https:\/\/turkiyemhaber.com\/index.php?rest_route=\/wp\/v2\/types\/post"}],"author":[{"embeddable":true,"href":"https:\/\/turkiyemhaber.com\/index.php?rest_route=\/wp\/v2\/users\/1"}],"replies":[{"embeddable":true,"href":"https:\/\/turkiyemhaber.com\/index.php?rest_route=%2Fwp%2Fv2%2Fcomments&post=4720"}],"version-history":[{"count":1,"href":"https:\/\/turkiyemhaber.com\/index.php?rest_route=\/wp\/v2\/posts\/4720\/revisions"}],"predecessor-version":[{"id":4722,"href":"https:\/\/turkiyemhaber.com\/index.php?rest_route=\/wp\/v2\/posts\/4720\/revisions\/4722"}],"wp:featuredmedia":[{"embeddable":true,"href":"https:\/\/turkiyemhaber.com\/index.php?rest_route=\/wp\/v2\/media\/4721"}],"wp:attachment":[{"href":"https:\/\/turkiyemhaber.com\/index.php?rest_route=%2Fwp%2Fv2%2Fmedia&parent=4720"}],"wp:term":[{"taxonomy":"category","embeddable":true,"href":"https:\/\/turkiyemhaber.com\/index.php?rest_route=%2Fwp%2Fv2%2Fcategories&post=4720"},{"taxonomy":"post_tag","embeddable":true,"href":"https:\/\/turkiyemhaber.com\/index.php?rest_route=%2Fwp%2Fv2%2Ftags&post=4720"}],"curies":[{"name":"wp","href":"https:\/\/api.w.org\/{rel}","templated":true}]}}