{"id":4717,"date":"2026-08-05T00:18:24","date_gmt":"2026-08-05T00:18:24","guid":{"rendered":"https:\/\/turkiyemhaber.com\/?p=4717"},"modified":"2026-08-05T00:18:29","modified_gmt":"2026-08-05T00:18:29","slug":"balikesirin-tarihi-kamu-yapilari-ilk-kez-kapsamli-sekilde-arastirildi","status":"publish","type":"post","link":"https:\/\/turkiyemhaber.com\/?p=4717","title":{"rendered":"Bal\u0131kesir&#8217;in Tarihi Kamu Yap\u0131lar\u0131 \u0130lk Kez Kapsaml\u0131 \u015eekilde Ara\u015ft\u0131r\u0131ld\u0131"},"content":{"rendered":"\n<p class=\"wp-block-paragraph\"><strong>Bal\u0131kesir \u00dcniversitesi akademisyeni Dr. \u00d6\u011fr. G\u00f6r. E. G\u00fcl\u015fah Yetgin G\u00f6z\u00fca\u00e7\u0131k, Bal\u0131kesir&#8217;in Ge\u00e7 Osmanl\u0131 D\u00f6nemi&#8217;ne ait kamu yap\u0131lar\u0131n\u0131 konu alan doktora tezini tamamlad\u0131. \u00c7al\u0131\u015fma, kentin mimari miras\u0131n\u0131n korunmas\u0131na y\u00f6nelik \u00f6nemli bilimsel veriler ortaya koydu.<\/strong><\/p>\n\n\n\n<p class=\"wp-block-paragraph\">Bal\u0131kesir \u00dcniversitesi Ayval\u0131k Meslek Y\u00fcksekokulu Mimarl\u0131k ve \u015eehir Planlama B\u00f6l\u00fcm\u00fc \u00f6\u011fretim eleman\u0131, Koruma ve Restorasyon Uzman\u0131 <strong>Dr. \u00d6\u011fr. G\u00f6r. E. G\u00fcl\u015fah Yetgin G\u00f6z\u00fca\u00e7\u0131k<\/strong>, Mimar Sinan G\u00fczel Sanatlar \u00dcniversitesi Fen Bilimleri Enstit\u00fcs\u00fc Mimarl\u0131k Anabilim Dal\u0131&#8217;nda haz\u0131rlad\u0131\u011f\u0131 doktora tezini ba\u015far\u0131yla tamamlad\u0131.<\/p>\n\n\n\n<h2 class=\"wp-block-heading\">Bal\u0131kesir&#8217;in Mimari Miras\u0131na I\u015f\u0131k Tutuyor<\/h2>\n\n\n\n<p class=\"wp-block-paragraph\"><strong>&#8220;19. Y\u00fczy\u0131l-20. Y\u00fczy\u0131l Ba\u015f\u0131na Tarihlenen Bal\u0131kesir Karesi Sanca\u011f\u0131 Kamu Yap\u0131lar\u0131n\u0131n Mimari Analizi ve Miras De\u011ferleri \u00dczerinden \u00d6neri Koruma Yakla\u015f\u0131m\u0131&#8221;<\/strong> ba\u015fl\u0131kl\u0131 \u00e7al\u0131\u015fma, Bal\u0131kesir&#8217;in Ge\u00e7 Osmanl\u0131 D\u00f6nemi kamu yap\u0131lar\u0131n\u0131 b\u00f6lgesel \u00f6l\u00e7ekte ve b\u00fct\u00fcnc\u00fcl bir yakla\u015f\u0131mla ele alan ilk kapsaml\u0131 bilimsel ara\u015ft\u0131rma olma \u00f6zelli\u011fini ta\u015f\u0131yor.<\/p>\n\n\n\n<p class=\"wp-block-paragraph\">Uzun y\u0131llara yay\u0131lan arazi \u00e7al\u0131\u015fmalar\u0131, ar\u015fiv ara\u015ft\u0131rmalar\u0131 ve belgeleme faaliyetleri sonucunda haz\u0131rlanan tezde, Karesi Sanca\u011f\u0131 d\u00f6neminden g\u00fcn\u00fcm\u00fcze ula\u015fan kamu yap\u0131lar\u0131n\u0131n mimari \u00f6zellikleri, tarihsel geli\u015fimi ve k\u00fclt\u00fcrel miras de\u011ferleri ayr\u0131nt\u0131l\u0131 olarak incelendi.<\/p>\n\n\n\n<h2 class=\"wp-block-heading\">Unutulan Yap\u0131lar Yeniden Kay\u0131t Alt\u0131na Al\u0131nd\u0131<\/h2>\n\n\n\n<p class=\"wp-block-paragraph\">Ara\u015ft\u0131rma sonucunda Bal\u0131kesir&#8217;in san\u0131landan \u00e7ok daha zengin ve \u00e7e\u015fitli bir kamu yap\u0131s\u0131 miras\u0131na sahip oldu\u011fu ortaya konuldu.<\/p>\n\n\n\n<p class=\"wp-block-paragraph\">\u00c7al\u0131\u015fma kapsam\u0131nda uzun y\u0131llard\u0131r unutulmu\u015f, terk edilmi\u015f veya i\u015flevini yitirmi\u015f \u00e7ok say\u0131da tarihi kamu yap\u0131s\u0131 yeniden tespit edilerek kay\u0131t alt\u0131na al\u0131nd\u0131.<\/p>\n\n\n\n<p class=\"wp-block-paragraph\">Bu yap\u0131lar\u0131n yaln\u0131zca mimarl\u0131k tarihi a\u00e7\u0131s\u0131ndan de\u011fil; d\u00f6nemin idari yap\u0131s\u0131n\u0131, in\u015fa tekniklerini, kullan\u0131lan malzemeleri, sosyal ya\u015fam\u0131n\u0131 ve k\u00fclt\u00fcrel \u00e7e\u015fitlili\u011fini yans\u0131tan \u00f6nemli k\u00fclt\u00fcrel miras unsurlar\u0131 oldu\u011fu vurguland\u0131.<\/p>\n\n\n\n<h2 class=\"wp-block-heading\">Koruma \u0130\u00e7in Bilimsel Y\u00f6ntem Geli\u015ftirildi<\/h2>\n\n\n\n<p class=\"wp-block-paragraph\">Dr. \u00d6\u011fr. G\u00f6r. E. G\u00fcl\u015fah Yetgin G\u00f6z\u00fca\u00e7\u0131k, tarihi yap\u0131lar\u0131n korunmas\u0131nda yaln\u0131zca fiziksel durumlar\u0131n\u0131n de\u011fil; tarihsel, mimari, sosyal ve k\u00fclt\u00fcrel de\u011ferlerinin birlikte de\u011ferlendirilmesi gerekti\u011fini belirtti.<\/p>\n\n\n\n<p class=\"wp-block-paragraph\">Bu kapsamda tezde, hangi yap\u0131lar\u0131n \u00f6ncelikli olarak korunmas\u0131 gerekti\u011fini belirlemeye y\u00f6nelik bilimsel bir de\u011ferlendirme y\u00f6ntemi de geli\u015ftirildi.<\/p>\n\n\n\n<h2 class=\"wp-block-heading\">S\u00fcrd\u00fcr\u00fclebilir Koruma Politikalar\u0131na Katk\u0131<\/h2>\n\n\n\n<p class=\"wp-block-paragraph\">Ara\u015ft\u0131rmada ayr\u0131ca kullan\u0131m d\u0131\u015f\u0131 kalan tarihi kamu yap\u0131lar\u0131n\u0131n yeniden i\u015flevlendirilerek korunmas\u0131 ve kent ya\u015fam\u0131na kazand\u0131r\u0131lmas\u0131 i\u00e7in \u00e7e\u015fitli \u00f6neriler sunuldu.<\/p>\n\n\n\n<p class=\"wp-block-paragraph\">Bal\u0131kesir&#8217;in kamu yap\u0131s\u0131 miras\u0131n\u0131 il genelinde ilk kez b\u00fct\u00fcnc\u00fcl bir bak\u0131\u015f a\u00e7\u0131s\u0131yla de\u011ferlendiren \u00e7al\u0131\u015fman\u0131n, gelecekte ger\u00e7ekle\u015ftirilecek koruma, restorasyon ve \u015fehir planlama projelerine \u00f6nemli bir bilimsel kaynak olu\u015fturmas\u0131 bekleniyor.<\/p>\n\n\n\n<p class=\"wp-block-paragraph\">Ara\u015ft\u0131rman\u0131n, Bal\u0131kesir&#8217;in tarihi kimli\u011finin korunmas\u0131na ve k\u00fclt\u00fcrel miras\u0131n gelecek nesillere aktar\u0131lmas\u0131na \u00f6nemli katk\u0131lar sa\u011flamas\u0131 hedefleniyor.<\/p>\n","protected":false},"excerpt":{"rendered":"<p>Bal\u0131kesir \u00dcniversitesi akademisyeni Dr. \u00d6\u011fr. G\u00f6r. E. G\u00fcl\u015fah Yetgin G\u00f6z\u00fca\u00e7\u0131k, Bal\u0131kesir&#8217;in Ge\u00e7 Osmanl\u0131 D\u00f6nemi&#8217;ne ait<\/p>\n","protected":false},"author":1,"featured_media":4718,"comment_status":"open","ping_status":"open","sticky":false,"template":"","format":"standard","meta":{"_rtcl_gb_attr":"","footnotes":""},"categories":[42],"tags":[],"class_list":["post-4717","post","type-post","status-publish","format-standard","has-post-thumbnail","hentry","category-kultur-ve-sanat"],"_links":{"self":[{"href":"https:\/\/turkiyemhaber.com\/index.php?rest_route=\/wp\/v2\/posts\/4717","targetHints":{"allow":["GET"]}}],"collection":[{"href":"https:\/\/turkiyemhaber.com\/index.php?rest_route=\/wp\/v2\/posts"}],"about":[{"href":"https:\/\/turkiyemhaber.com\/index.php?rest_route=\/wp\/v2\/types\/post"}],"author":[{"embeddable":true,"href":"https:\/\/turkiyemhaber.com\/index.php?rest_route=\/wp\/v2\/users\/1"}],"replies":[{"embeddable":true,"href":"https:\/\/turkiyemhaber.com\/index.php?rest_route=%2Fwp%2Fv2%2Fcomments&post=4717"}],"version-history":[{"count":1,"href":"https:\/\/turkiyemhaber.com\/index.php?rest_route=\/wp\/v2\/posts\/4717\/revisions"}],"predecessor-version":[{"id":4719,"href":"https:\/\/turkiyemhaber.com\/index.php?rest_route=\/wp\/v2\/posts\/4717\/revisions\/4719"}],"wp:featuredmedia":[{"embeddable":true,"href":"https:\/\/turkiyemhaber.com\/index.php?rest_route=\/wp\/v2\/media\/4718"}],"wp:attachment":[{"href":"https:\/\/turkiyemhaber.com\/index.php?rest_route=%2Fwp%2Fv2%2Fmedia&parent=4717"}],"wp:term":[{"taxonomy":"category","embeddable":true,"href":"https:\/\/turkiyemhaber.com\/index.php?rest_route=%2Fwp%2Fv2%2Fcategories&post=4717"},{"taxonomy":"post_tag","embeddable":true,"href":"https:\/\/turkiyemhaber.com\/index.php?rest_route=%2Fwp%2Fv2%2Ftags&post=4717"}],"curies":[{"name":"wp","href":"https:\/\/api.w.org\/{rel}","templated":true}]}}