{"id":4714,"date":"2026-08-05T00:15:11","date_gmt":"2026-08-05T00:15:11","guid":{"rendered":"https:\/\/turkiyemhaber.com\/?p=4714"},"modified":"2026-08-05T00:15:16","modified_gmt":"2026-08-05T00:15:16","slug":"anadolu-dostluk-rallisi-edremitten-izmire-ugurlandi","status":"publish","type":"post","link":"https:\/\/turkiyemhaber.com\/?p=4714","title":{"rendered":"Anadolu Dostluk Rallisi Edremit&#8217;ten \u0130zmir&#8217;e U\u011furland\u0131"},"content":{"rendered":"\n<p class=\"wp-block-paragraph\"><strong>T\u00dcVT\u00dcRK&#8217;\u00fcn deste\u011fiyle ilk kez d\u00fczenlenen Anadolu Dostluk Rallisi&#8217;nin Bal\u0131kesir-\u0130zmir etab\u0131, Edremit&#8217;ten ba\u015flad\u0131. T\u00fcrkiye&#8217;nin k\u00fclt\u00fcrel ve do\u011fal zenginliklerini tan\u0131tmay\u0131 ama\u00e7layan organizasyon, 12 A\u011fustos&#8217;a kadar 11 \u015fehirde devam edecek.<\/strong><\/p>\n\n\n\n<p class=\"wp-block-paragraph\">\u0130stanbul&#8217;dan ba\u015flayan ve T\u00fcrkiye&#8217;nin farkl\u0131 b\u00f6lgelerini kapsayan <strong>Anadolu Dostluk Rallisi<\/strong>, \u00c7anakkale-Bal\u0131kesir etab\u0131n\u0131 tamamlad\u0131ktan sonra Bal\u0131kesir&#8217;in <strong>Edremit il\u00e7esinde<\/strong> mola verdi.<\/p>\n\n\n\n<p class=\"wp-block-paragraph\">35 ki\u015filik ralli ekibi, Edremit&#8217;teki program\u0131n ard\u0131ndan <strong>\u0130zmir&#8217;in Sel\u00e7uk il\u00e7esindeki Efes Antik Kenti<\/strong>&#8216;ne gitmek \u00fczere yola \u00e7\u0131kt\u0131.<\/p>\n\n\n\n<h2 class=\"wp-block-heading\">\u00c7ocuklar ve Ya\u015fl\u0131lar Ziyaret Edildi<\/h2>\n\n\n\n<p class=\"wp-block-paragraph\">Edremit \u0130l\u00e7e Gen\u00e7lik ve Spor M\u00fcd\u00fcrl\u00fc\u011f\u00fc&#8217;n\u00fcn ev sahipli\u011finde ger\u00e7ekle\u015ftirilen program kapsam\u0131nda ralli ekibi, <strong>T\u00fcrkiye Gen\u00e7lik Vakf\u0131 (T\u00dcGVA) Edremit Yaz Okulu<\/strong>&#8216;nu ziyaret etti.<\/p>\n\n\n\n<p class=\"wp-block-paragraph\">Ralli ara\u00e7lar\u0131 \u00e7ocuklardan b\u00fcy\u00fck ilgi g\u00f6r\u00fcrken, \u00e7e\u015fitli etkinliklerde ba\u015far\u0131l\u0131 olan \u00f6\u011frencilere \u0130l\u00e7e Gen\u00e7lik ve Spor M\u00fcd\u00fcr\u00fc <strong>Fethi Bilge<\/strong> ile T\u00dcGVA Edremit \u015eube Ba\u015fkan\u0131 <strong>Soner \u00c7etin<\/strong>&#8216;in kat\u0131l\u0131m\u0131yla hediyeler verildi.<\/p>\n\n\n\n<p class=\"wp-block-paragraph\">Ekip daha sonra il\u00e7edeki bir <strong>ya\u015fl\u0131 bak\u0131m evini<\/strong> ziyaret ederek b\u00fcy\u00fcklerle bir araya geldi.<\/p>\n\n\n\n<h2 class=\"wp-block-heading\">&#8220;Rotam\u0131z Boyunca \u0130yilik G\u00f6t\u00fcr\u00fcyoruz&#8221;<\/h2>\n\n\n\n<p class=\"wp-block-paragraph\">Do\u011fu-Bat\u0131 Dostluk ve \u0130pek Yolu Rallisi Derne\u011fi Ba\u015fkan\u0131 <strong>Nadir Serin<\/strong>, organizasyonun yaln\u0131zca bir gezi olmad\u0131\u011f\u0131n\u0131 belirterek \u015funlar\u0131 s\u00f6yledi:<\/p>\n\n\n\n<blockquote class=\"wp-block-quote is-layout-flow wp-block-quote-is-layout-flow\">\n<p class=\"wp-block-paragraph\">&#8220;\u00c7anakkale&#8217;den Kazda\u011flar\u0131&#8217;n\u0131n muhte\u015fem manzaras\u0131 e\u015fli\u011finde geldik. Bir\u00e7ok yar\u0131\u015fmac\u0131 bu b\u00f6lgeyi ilk kez g\u00f6rd\u00fc. Edremit&#8217;te \u00e7ocuklar\u0131m\u0131z\u0131 ziyaret edip hediyelerimizi verdikten sonra huzurevine u\u011frad\u0131k. Buradan da Efes&#8217;e do\u011fru hareket ediyoruz.&#8221;<\/p>\n<\/blockquote>\n\n\n\n<p class=\"wp-block-paragraph\">Ralli kat\u0131l\u0131mc\u0131lar\u0131ndan <strong>Erg\u00fcn Y\u00fckselmi\u015f<\/strong> ise organizasyonun temel amac\u0131n\u0131n T\u00fcrkiye&#8217;nin k\u00fclt\u00fcr\u00fcn\u00fc, do\u011fas\u0131n\u0131 ve de\u011ferlerini tan\u0131tmak oldu\u011funu belirterek, <strong>&#8220;Rotam\u0131z boyunca gitti\u011fimiz her yere iyilik g\u00f6t\u00fcrmenin pe\u015findeyiz.&#8221;<\/strong> ifadelerini kulland\u0131.<\/p>\n\n\n\n<h2 class=\"wp-block-heading\">11 \u015eehirlik Dostluk Yolculu\u011fu<\/h2>\n\n\n\n<p class=\"wp-block-paragraph\">Ankara&#8217;dan ralliye kat\u0131lan <strong>Melih G\u00f6kalp<\/strong>, organizasyonun dostluk ve dayan\u0131\u015fma ruhunu \u00f6n plana \u00e7\u0131kard\u0131\u011f\u0131n\u0131, T\u00fcrkiye&#8217;nin tan\u0131t\u0131m\u0131na katk\u0131 sunmay\u0131 hedeflediklerini s\u00f6yledi.<\/p>\n\n\n\n<p class=\"wp-block-paragraph\">\u0130stanbul&#8217;dan ba\u015flayan Anadolu Dostluk Rallisi&#8217;nin rotas\u0131 s\u0131ras\u0131yla;<\/p>\n\n\n\n<ul class=\"wp-block-list\">\n<li>Edremit,<\/li>\n\n\n\n<li>Efes (Sel\u00e7uk),<\/li>\n\n\n\n<li>Bodrum,<\/li>\n\n\n\n<li>Pamukkale,<\/li>\n\n\n\n<li>Olimpos (Kumluca),<\/li>\n\n\n\n<li>Konya,<\/li>\n\n\n\n<li>Ni\u011fde,<\/li>\n\n\n\n<li>Kapadokya,<\/li>\n\n\n\n<li>Aksaray<\/li>\n<\/ul>\n\n\n\n<p class=\"wp-block-paragraph\">\u00fczerinden devam edecek ve <strong>Ankara&#8217;da<\/strong> sona erecek.<\/p>\n\n\n\n<p class=\"wp-block-paragraph\">Organizasyon boyunca kat\u0131l\u0131mc\u0131lar, ziyaret ettikleri \u015fehirlerin tarihi, k\u00fclt\u00fcrel ve do\u011fal de\u011ferlerini deneyimleyerek T\u00fcrkiye&#8217;nin zenginliklerini tan\u0131tmay\u0131 ama\u00e7l\u0131yor.<\/p>\n","protected":false},"excerpt":{"rendered":"<p>T\u00dcVT\u00dcRK&#8217;\u00fcn deste\u011fiyle ilk kez d\u00fczenlenen Anadolu Dostluk Rallisi&#8217;nin Bal\u0131kesir-\u0130zmir etab\u0131, Edremit&#8217;ten ba\u015flad\u0131. T\u00fcrkiye&#8217;nin k\u00fclt\u00fcrel ve<\/p>\n","protected":false},"author":1,"featured_media":4715,"comment_status":"open","ping_status":"open","sticky":false,"template":"","format":"standard","meta":{"_rtcl_gb_attr":"","footnotes":""},"categories":[3],"tags":[],"class_list":["post-4714","post","type-post","status-publish","format-standard","has-post-thumbnail","hentry","category-spor"],"_links":{"self":[{"href":"https:\/\/turkiyemhaber.com\/index.php?rest_route=\/wp\/v2\/posts\/4714","targetHints":{"allow":["GET"]}}],"collection":[{"href":"https:\/\/turkiyemhaber.com\/index.php?rest_route=\/wp\/v2\/posts"}],"about":[{"href":"https:\/\/turkiyemhaber.com\/index.php?rest_route=\/wp\/v2\/types\/post"}],"author":[{"embeddable":true,"href":"https:\/\/turkiyemhaber.com\/index.php?rest_route=\/wp\/v2\/users\/1"}],"replies":[{"embeddable":true,"href":"https:\/\/turkiyemhaber.com\/index.php?rest_route=%2Fwp%2Fv2%2Fcomments&post=4714"}],"version-history":[{"count":1,"href":"https:\/\/turkiyemhaber.com\/index.php?rest_route=\/wp\/v2\/posts\/4714\/revisions"}],"predecessor-version":[{"id":4716,"href":"https:\/\/turkiyemhaber.com\/index.php?rest_route=\/wp\/v2\/posts\/4714\/revisions\/4716"}],"wp:featuredmedia":[{"embeddable":true,"href":"https:\/\/turkiyemhaber.com\/index.php?rest_route=\/wp\/v2\/media\/4715"}],"wp:attachment":[{"href":"https:\/\/turkiyemhaber.com\/index.php?rest_route=%2Fwp%2Fv2%2Fmedia&parent=4714"}],"wp:term":[{"taxonomy":"category","embeddable":true,"href":"https:\/\/turkiyemhaber.com\/index.php?rest_route=%2Fwp%2Fv2%2Fcategories&post=4714"},{"taxonomy":"post_tag","embeddable":true,"href":"https:\/\/turkiyemhaber.com\/index.php?rest_route=%2Fwp%2Fv2%2Ftags&post=4714"}],"curies":[{"name":"wp","href":"https:\/\/api.w.org\/{rel}","templated":true}]}}