{"id":4711,"date":"2026-08-05T00:13:08","date_gmt":"2026-08-05T00:13:08","guid":{"rendered":"https:\/\/turkiyemhaber.com\/?p=4711"},"modified":"2026-08-05T00:13:13","modified_gmt":"2026-08-05T00:13:13","slug":"edirne-il-ozel-idaresi-ilk-6-ayda-1386-milyon-lira-butce-fazlasi-verdi","status":"publish","type":"post","link":"https:\/\/turkiyemhaber.com\/?p=4711","title":{"rendered":"Edirne \u0130l \u00d6zel \u0130daresi \u0130lk 6 Ayda 138,6 Milyon Lira B\u00fct\u00e7e Fazlas\u0131 Verdi"},"content":{"rendered":"\n<p class=\"wp-block-paragraph\"><strong>Edirne \u0130l \u00d6zel \u0130daresi, 2026 y\u0131l\u0131n\u0131n ilk alt\u0131 ay\u0131nda 856,4 milyon lira gelir elde ederken, 717,8 milyon lira harcama yapt\u0131. Kurum, d\u00f6nemi 138,6 milyon liral\u0131k b\u00fct\u00e7e fazlas\u0131yla tamamlad\u0131.<\/strong><\/p>\n\n\n\n<p class=\"wp-block-paragraph\">Edirne \u0130l Genel Meclisi&#8217;nin a\u011fustos ay\u0131 toplant\u0131lar\u0131nda g\u00f6r\u00fc\u015f\u00fclen <strong>Plan ve B\u00fct\u00e7e Komisyonu Raporu<\/strong>, \u0130l \u00d6zel \u0130daresi&#8217;nin 2026 y\u0131l\u0131n\u0131n ilk yar\u0131s\u0131na ili\u015fkin mali sonu\u00e7lar\u0131n\u0131 ortaya koydu.<\/p>\n\n\n\n<p class=\"wp-block-paragraph\">Komisyon Ba\u015fkan\u0131 <strong>\u015eenol K\u0131l\u0131\u00e7<\/strong> taraf\u0131ndan meclise sunulan rapora g\u00f6re, \u0130l \u00d6zel \u0130daresi y\u0131l\u0131n ilk alt\u0131 ay\u0131nda:<\/p>\n\n\n\n<ul class=\"wp-block-list\">\n<li><strong>856 milyon 438 bin 874 lira gelir<\/strong><\/li>\n\n\n\n<li><strong>717 milyon 815 bin 488 lira gider<\/strong><\/li>\n<\/ul>\n\n\n\n<p class=\"wp-block-paragraph\">ger\u00e7ekle\u015ftirdi.<\/p>\n\n\n\n<p class=\"wp-block-paragraph\">B\u00f6ylece kurum, <strong>138 milyon 623 bin 386 lira b\u00fct\u00e7e fazlas\u0131<\/strong> verdi.<\/p>\n\n\n\n<h2 class=\"wp-block-heading\">Gelirlerin B\u00fcy\u00fck B\u00f6l\u00fcm\u00fc Di\u011fer Gelirlerden<\/h2>\n\n\n\n<p class=\"wp-block-paragraph\">Rapora g\u00f6re, kurumun gelirlerinin en b\u00fcy\u00fck b\u00f6l\u00fcm\u00fcn\u00fc <strong>788 milyon 691 bin 176 lira<\/strong> ile &#8220;di\u011fer gelirler&#8221; olu\u015fturdu.<\/p>\n\n\n\n<p class=\"wp-block-paragraph\">Gider kalemlerinde ise en y\u00fcksek pay\u0131 <strong>340 milyon 7 bin 637 lira<\/strong> ile mal ve hizmet al\u0131mlar\u0131 ald\u0131.<\/p>\n\n\n\n<h2 class=\"wp-block-heading\">Engelli Bireylere Y\u00f6nelik Hizmetler De\u011ferlendirildi<\/h2>\n\n\n\n<p class=\"wp-block-paragraph\">Mecliste g\u00f6r\u00fc\u015f\u00fclen <strong>E\u011fitim, K\u00fclt\u00fcr ve Sosyal Hizmetler Komisyonu Raporu&#8217;nda<\/strong>, Aile ve Sosyal Hizmetler \u0130l M\u00fcd\u00fcrl\u00fc\u011f\u00fc&#8217;n\u00fcn engelli bireylere y\u00f6nelik \u00e7al\u0131\u015fmalar\u0131 da ele al\u0131nd\u0131.<\/p>\n\n\n\n<p class=\"wp-block-paragraph\">Komisyon Ba\u015fkan\u0131 <strong>Halil Akda\u011f<\/strong> taraf\u0131ndan sunulan rapora g\u00f6re:<\/p>\n\n\n\n<ul class=\"wp-block-list\">\n<li>\u0130l genelinde <strong>1&#8217;i resmi, 4&#8217;\u00fc \u00f6zel olmak \u00fczere toplam 5 bak\u0131m ve rehabilitasyon merkezinde<\/strong>,<\/li>\n\n\n\n<li><strong>419 engelli bireye yat\u0131l\u0131 bak\u0131m hizmeti<\/strong> veriliyor.<\/li>\n<\/ul>\n\n\n\n<p class=\"wp-block-paragraph\">Ayr\u0131ca Temmuz 2026 itibar\u0131yla:<\/p>\n\n\n\n<ul class=\"wp-block-list\">\n<li><strong>2 bin 300 ki\u015fiye evde bak\u0131m yard\u0131m\u0131<\/strong> sa\u011fland\u0131\u011f\u0131,<\/li>\n\n\n\n<li><strong>3 bin 983 engelli kimlik kart\u0131n\u0131n<\/strong> d\u00fczenlendi\u011fi bildirildi.<\/li>\n<\/ul>\n\n\n\n<h2 class=\"wp-block-heading\">Di\u011fer Komisyon Raporlar\u0131 da G\u00f6r\u00fc\u015f\u00fcld\u00fc<\/h2>\n\n\n\n<p class=\"wp-block-paragraph\">Toplant\u0131da ayr\u0131ca;<\/p>\n\n\n\n<ul class=\"wp-block-list\">\n<li><strong>Avrupa Birli\u011fi ve D\u0131\u015f \u0130li\u015fkiler Komisyonu<\/strong>, Edirne&#8217;deki g\u00fcmr\u00fck kap\u0131lar\u0131ndan giri\u015f yapan m\u0131s\u0131r, ay\u00e7i\u00e7e\u011fi, \u00e7eltik ve pirin\u00e7 miktarlar\u0131 ile bu \u00fcr\u00fcnlere y\u00f6nelik denetimleri de\u011ferlendirdi.<\/li>\n\n\n\n<li><strong>Ara\u015ft\u0131rma ve \u0130nceleme Komisyonu<\/strong>, K\u00d6YDES kapsam\u0131ndaki yat\u0131r\u0131m programlar\u0131na ili\u015fkin bilgi sundu.<\/li>\n\n\n\n<li><strong>\u0130dari ve Mali \u0130\u015fler Komisyonu<\/strong> ise \u0130l \u00d6zel \u0130daresi envanterinde bulunan ara\u00e7lar\u0131n mevcut durumuna ili\u015fkin meclis \u00fcyelerini bilgilendirdi.<\/li>\n<\/ul>\n\n\n\n<p class=\"wp-block-paragraph\">Edirne \u0130l Genel Meclisi&#8217;nin a\u011fustos ay\u0131 toplant\u0131lar\u0131nda komisyon raporlar\u0131 g\u00f6r\u00fc\u015f\u00fclerek ilgili konular hakk\u0131nda de\u011ferlendirmelerde bulunuldu.<\/p>\n","protected":false},"excerpt":{"rendered":"<p>Edirne \u0130l \u00d6zel \u0130daresi, 2026 y\u0131l\u0131n\u0131n ilk alt\u0131 ay\u0131nda 856,4 milyon lira gelir elde ederken,<\/p>\n","protected":false},"author":1,"featured_media":4712,"comment_status":"open","ping_status":"open","sticky":false,"template":"","format":"standard","meta":{"_rtcl_gb_attr":"","footnotes":""},"categories":[1],"tags":[],"class_list":["post-4711","post","type-post","status-publish","format-standard","has-post-thumbnail","hentry","category-http-turkiyemhaber-com-wp-content-uploads-2026-03-saray-59-haber-13-mart-pdf"],"_links":{"self":[{"href":"https:\/\/turkiyemhaber.com\/index.php?rest_route=\/wp\/v2\/posts\/4711","targetHints":{"allow":["GET"]}}],"collection":[{"href":"https:\/\/turkiyemhaber.com\/index.php?rest_route=\/wp\/v2\/posts"}],"about":[{"href":"https:\/\/turkiyemhaber.com\/index.php?rest_route=\/wp\/v2\/types\/post"}],"author":[{"embeddable":true,"href":"https:\/\/turkiyemhaber.com\/index.php?rest_route=\/wp\/v2\/users\/1"}],"replies":[{"embeddable":true,"href":"https:\/\/turkiyemhaber.com\/index.php?rest_route=%2Fwp%2Fv2%2Fcomments&post=4711"}],"version-history":[{"count":1,"href":"https:\/\/turkiyemhaber.com\/index.php?rest_route=\/wp\/v2\/posts\/4711\/revisions"}],"predecessor-version":[{"id":4713,"href":"https:\/\/turkiyemhaber.com\/index.php?rest_route=\/wp\/v2\/posts\/4711\/revisions\/4713"}],"wp:featuredmedia":[{"embeddable":true,"href":"https:\/\/turkiyemhaber.com\/index.php?rest_route=\/wp\/v2\/media\/4712"}],"wp:attachment":[{"href":"https:\/\/turkiyemhaber.com\/index.php?rest_route=%2Fwp%2Fv2%2Fmedia&parent=4711"}],"wp:term":[{"taxonomy":"category","embeddable":true,"href":"https:\/\/turkiyemhaber.com\/index.php?rest_route=%2Fwp%2Fv2%2Fcategories&post=4711"},{"taxonomy":"post_tag","embeddable":true,"href":"https:\/\/turkiyemhaber.com\/index.php?rest_route=%2Fwp%2Fv2%2Ftags&post=4711"}],"curies":[{"name":"wp","href":"https:\/\/api.w.org\/{rel}","templated":true}]}}