{"id":4708,"date":"2026-08-05T00:10:14","date_gmt":"2026-08-05T00:10:14","guid":{"rendered":"https:\/\/turkiyemhaber.com\/?p=4708"},"modified":"2026-08-05T00:10:19","modified_gmt":"2026-08-05T00:10:19","slug":"trakya-universitesi-tanzanyadan-gelen-akademisyenleri-agirladi","status":"publish","type":"post","link":"https:\/\/turkiyemhaber.com\/?p=4708","title":{"rendered":"Trakya \u00dcniversitesi, Tanzanya&#8217;dan Gelen Akademisyenleri A\u011f\u0131rlad\u0131"},"content":{"rendered":"\n<p class=\"wp-block-paragraph\"><strong>Trakya \u00dcniversitesi, Erasmus+ KA171 Projesi kapsam\u0131nda Tanzanya&#8217;daki Dar\u00fcsselam \u00dcniversitesi&#8217;nden gelen akademik ve idari personeli Edirne&#8217;de a\u011f\u0131rlad\u0131. Ziyarette e\u011fitim, ara\u015ft\u0131rma ve uluslararas\u0131 i\u015f birlikleri ele al\u0131nd\u0131.<\/strong><\/p>\n\n\n\n<p class=\"wp-block-paragraph\">Trakya \u00dcniversitesi, Erasmus+ KA171 Projesi kapsam\u0131nda uluslararas\u0131 akademik i\u015f birliklerini g\u00fc\u00e7lendirmeye y\u00f6nelik faaliyetlerini s\u00fcrd\u00fcr\u00fcyor.<\/p>\n\n\n\n<p class=\"wp-block-paragraph\">\u00dcniversitenin D\u0131\u015f \u0130li\u015fkiler Uygulama ve Ara\u015ft\u0131rma Merkezi koordinasyonunda ger\u00e7ekle\u015ftirilen program kapsam\u0131nda, <strong>Tanzanya&#8217;daki Dar\u00fcsselam \u00dcniversitesi&#8217;nden gelen akademik ve idari heyet<\/strong>, Trakya \u00dcniversitesi&#8217;nin e\u011fitim, ara\u015ft\u0131rma ve kurumsal yap\u0131s\u0131n\u0131 yak\u0131ndan inceleme f\u0131rsat\u0131 buldu.<\/p>\n\n\n\n<h2 class=\"wp-block-heading\">Akademik Birimler Ziyaret Edildi<\/h2>\n\n\n\n<p class=\"wp-block-paragraph\">Program kapsam\u0131nda konuk heyet;<\/p>\n\n\n\n<ul class=\"wp-block-list\">\n<li>T\u0131p Fak\u00fcltesi,<\/li>\n\n\n\n<li>\u0130ktisadi ve \u0130dari Bilimler Fak\u00fcltesi,<\/li>\n\n\n\n<li>K\u0131rkp\u0131nar Spor Bilimleri Fak\u00fcltesi,<\/li>\n\n\n\n<li>Sosyal Bilimler Enstit\u00fcs\u00fc,<\/li>\n\n\n\n<li>Kurumsal \u0130leti\u015fim Koordinat\u00f6rl\u00fc\u011f\u00fc<\/li>\n<\/ul>\n\n\n\n<p class=\"wp-block-paragraph\">ba\u015fta olmak \u00fczere \u00e7e\u015fitli akademik ve idari birimleri ziyaret etti.<\/p>\n\n\n\n<p class=\"wp-block-paragraph\">Ziyaretlerde e\u011fitim-\u00f6\u011fretim faaliyetleri, bilimsel ara\u015ft\u0131rmalar, uluslararas\u0131 projeler ve kurumsal uygulamalar hakk\u0131nda kar\u015f\u0131l\u0131kl\u0131 g\u00f6r\u00fc\u015f al\u0131\u015fveri\u015finde bulunuldu.<\/p>\n\n\n\n<h2 class=\"wp-block-heading\">Uluslararas\u0131 \u0130\u015f Birlikleri G\u00fc\u00e7leniyor<\/h2>\n\n\n\n<p class=\"wp-block-paragraph\">\u00dcniversiteden yap\u0131lan a\u00e7\u0131klamada, Erasmus+ KA171 Projesi&#8217;nin Avrupa Birli\u011fi d\u0131\u015f\u0131ndaki y\u00fcksek\u00f6\u011fretim kurumlar\u0131yla akademik i\u015f birli\u011fini geli\u015ftirmeyi ve \u00f6\u011frenci ile personel hareketlili\u011fini desteklemeyi ama\u00e7lad\u0131\u011f\u0131 belirtildi.<\/p>\n\n\n\n<p class=\"wp-block-paragraph\">Ger\u00e7ekle\u015ftirilen ziyaretlerin, Trakya \u00dcniversitesi ile uluslararas\u0131 payda\u015flar\u0131 aras\u0131ndaki akademik ve kurumsal ili\u015fkilerin daha da g\u00fc\u00e7lenmesine katk\u0131 sa\u011flamas\u0131n\u0131n hedeflendi\u011fi ifade edildi.<\/p>\n\n\n\n<hr class=\"wp-block-separator has-alpha-channel-opacity\"\/>\n\n\n\n<h1 class=\"wp-block-heading\">Edirne Belediye Meclisi 7 A\u011fustos&#8217;ta Toplanacak<\/h1>\n\n\n\n<p class=\"wp-block-paragraph\">Edirne Belediye Meclisi&#8217;nin a\u011fustos ay\u0131 ola\u011fan toplant\u0131s\u0131 <strong>7 A\u011fustos Cuma g\u00fcn\u00fc saat 15.00&#8217;te<\/strong>, Belediye Ba\u015fkan\u0131 <strong>Filiz Gencan<\/strong> ba\u015fkanl\u0131\u011f\u0131nda Atat\u00fcrk K\u00fclt\u00fcr Merkezi ve Belediye Konservatuvar\u0131 Edirne Belediye Meclisi Toplant\u0131 Salonu&#8217;nda ger\u00e7ekle\u015ftirilecek.<\/p>\n\n\n\n<p class=\"wp-block-paragraph\">Toplant\u0131da g\u00fcndemde yer alan maddeler g\u00f6r\u00fc\u015f\u00fclerek karara ba\u011flanacak.<\/p>\n\n\n\n<hr class=\"wp-block-separator has-alpha-channel-opacity\"\/>\n\n\n\n<h1 class=\"wp-block-heading\">Y\u00d6K&#8217;\u00fcn Uluslararas\u0131 Ara\u015ft\u0131rma Programlar\u0131nda Ba\u015fvurular Ba\u015flad\u0131<\/h1>\n\n\n\n<p class=\"wp-block-paragraph\">Trakya \u00dcniversitesi, <strong>Y\u00fcksek\u00f6\u011fretim Kurulu (Y\u00d6K)<\/strong> taraf\u0131ndan y\u00fcr\u00fct\u00fclen <strong>2026 Uluslararas\u0131 Ara\u015ft\u0131rma Programlar\u0131<\/strong> kapsam\u0131nda \u00fc\u00e7\u00fcnc\u00fc d\u00f6nem ba\u015fvurular\u0131n\u0131n ba\u015flad\u0131\u011f\u0131n\u0131 duyurdu.<\/p>\n\n\n\n<p class=\"wp-block-paragraph\">Ba\u015fvurular <strong>21 A\u011fustos&#8217;a kadar<\/strong> devam edecek.<\/p>\n\n\n\n<p class=\"wp-block-paragraph\">Program kapsam\u0131nda;<\/p>\n\n\n\n<ul class=\"wp-block-list\">\n<li><strong>Akademik Birikim Program\u0131 (AKAP):<\/strong> 200 \u00f6\u011fretim \u00fcyesi,<\/li>\n\n\n\n<li><strong>Doktora Sonras\u0131 Ara\u015ft\u0131rma Program\u0131 (DOSAP):<\/strong> 100 ara\u015ft\u0131rma g\u00f6revlisi ve doktor \u00f6\u011fretim \u00fcyesi,<\/li>\n\n\n\n<li><strong>Gen\u00e7 Beyinler Program\u0131 (GEP):<\/strong> 100 doktora \u00f6\u011frencisi<\/li>\n<\/ul>\n\n\n\n<p class=\"wp-block-paragraph\">uluslararas\u0131 ara\u015ft\u0131rma f\u0131rsatlar\u0131ndan yararlanabilecek.<\/p>\n\n\n\n<hr class=\"wp-block-separator has-alpha-channel-opacity\"\/>\n\n\n\n<h1 class=\"wp-block-heading\">Trakya \u00dcniversitesi&#8217;nde Yurt D\u0131\u015f\u0131ndan \u00d6\u011frenci Kabul Sonu\u00e7lar\u0131 A\u00e7\u0131kland\u0131<\/h1>\n\n\n\n<p class=\"wp-block-paragraph\">Trakya \u00dcniversitesi, <strong>2026-2027 e\u011fitim-\u00f6\u011fretim y\u0131l\u0131 yurt d\u0131\u015f\u0131ndan \u00f6\u011frenci kabul sonu\u00e7lar\u0131n\u0131n<\/strong> a\u00e7\u0131kland\u0131\u011f\u0131n\u0131 bildirdi.<\/p>\n\n\n\n<p class=\"wp-block-paragraph\">Kay\u0131t hakk\u0131 kazanan \u00f6\u011frenciler, <strong>10-14 A\u011fustos<\/strong> tarihleri aras\u0131nda i\u015flemlerini <strong>Balkan Yerle\u015fkesi D\u0131\u015f \u0130li\u015fkiler Uygulama ve Ara\u015ft\u0131rma Merkezi&#8217;nde<\/strong> y\u00fcz y\u00fcze ger\u00e7ekle\u015ftirebilecek.<\/p>\n\n\n\n<p class=\"wp-block-paragraph\">\u00dcniversite, adaylar\u0131n kabul sonu\u00e7lar\u0131 ve kay\u0131t s\u00fcrecine ili\u015fkin ayr\u0131nt\u0131l\u0131 bilgilere resmi internet sitesi \u00fczerinden ula\u015fabileceklerini a\u00e7\u0131klad\u0131.<\/p>\n","protected":false},"excerpt":{"rendered":"<p>Trakya \u00dcniversitesi, Erasmus+ KA171 Projesi kapsam\u0131nda Tanzanya&#8217;daki Dar\u00fcsselam \u00dcniversitesi&#8217;nden gelen akademik ve idari personeli Edirne&#8217;de<\/p>\n","protected":false},"author":1,"featured_media":4709,"comment_status":"open","ping_status":"open","sticky":false,"template":"","format":"standard","meta":{"_rtcl_gb_attr":"","footnotes":""},"categories":[1],"tags":[],"class_list":["post-4708","post","type-post","status-publish","format-standard","has-post-thumbnail","hentry","category-http-turkiyemhaber-com-wp-content-uploads-2026-03-saray-59-haber-13-mart-pdf"],"_links":{"self":[{"href":"https:\/\/turkiyemhaber.com\/index.php?rest_route=\/wp\/v2\/posts\/4708","targetHints":{"allow":["GET"]}}],"collection":[{"href":"https:\/\/turkiyemhaber.com\/index.php?rest_route=\/wp\/v2\/posts"}],"about":[{"href":"https:\/\/turkiyemhaber.com\/index.php?rest_route=\/wp\/v2\/types\/post"}],"author":[{"embeddable":true,"href":"https:\/\/turkiyemhaber.com\/index.php?rest_route=\/wp\/v2\/users\/1"}],"replies":[{"embeddable":true,"href":"https:\/\/turkiyemhaber.com\/index.php?rest_route=%2Fwp%2Fv2%2Fcomments&post=4708"}],"version-history":[{"count":1,"href":"https:\/\/turkiyemhaber.com\/index.php?rest_route=\/wp\/v2\/posts\/4708\/revisions"}],"predecessor-version":[{"id":4710,"href":"https:\/\/turkiyemhaber.com\/index.php?rest_route=\/wp\/v2\/posts\/4708\/revisions\/4710"}],"wp:featuredmedia":[{"embeddable":true,"href":"https:\/\/turkiyemhaber.com\/index.php?rest_route=\/wp\/v2\/media\/4709"}],"wp:attachment":[{"href":"https:\/\/turkiyemhaber.com\/index.php?rest_route=%2Fwp%2Fv2%2Fmedia&parent=4708"}],"wp:term":[{"taxonomy":"category","embeddable":true,"href":"https:\/\/turkiyemhaber.com\/index.php?rest_route=%2Fwp%2Fv2%2Fcategories&post=4708"},{"taxonomy":"post_tag","embeddable":true,"href":"https:\/\/turkiyemhaber.com\/index.php?rest_route=%2Fwp%2Fv2%2Ftags&post=4708"}],"curies":[{"name":"wp","href":"https:\/\/api.w.org\/{rel}","templated":true}]}}