{"id":4705,"date":"2026-08-05T00:07:51","date_gmt":"2026-08-05T00:07:51","guid":{"rendered":"https:\/\/turkiyemhaber.com\/?p=4705"},"modified":"2026-08-05T00:07:57","modified_gmt":"2026-08-05T00:07:57","slug":"600-yillik-gazi-mihal-hamami-yeniden-ayaga-kalkiyor","status":"publish","type":"post","link":"https:\/\/turkiyemhaber.com\/?p=4705","title":{"rendered":"600 Y\u0131ll\u0131k Gazi Mihal Hamam\u0131 Yeniden Aya\u011fa Kalk\u0131yor"},"content":{"rendered":"\n<p class=\"wp-block-paragraph\"><strong>Edirne&#8217;de yakla\u015f\u0131k 600 y\u0131ll\u0131k ge\u00e7mi\u015fe sahip Gazi Mihal Hamam\u0131, Edirne Valili\u011fi taraf\u0131ndan y\u00fcr\u00fct\u00fclen ihya \u00e7al\u0131\u015fmalar\u0131yla yeniden g\u00fcn y\u00fcz\u00fcne \u00e7\u0131kar\u0131l\u0131yor. Tarihi yap\u0131da restorasyon \u00e7al\u0131\u015fmalar\u0131 aral\u0131ks\u0131z s\u00fcr\u00fcyor.<\/strong><\/p>\n\n\n\n<p class=\"wp-block-paragraph\">Osmanl\u0131&#8217;n\u0131n erken d\u00f6nem mimari eserlerinden biri olan <strong>Gazi Mihal Hamam\u0131<\/strong>, y\u00fcr\u00fct\u00fclen restorasyon \u00e7al\u0131\u015fmalar\u0131yla yeniden Edirne&#8217;nin k\u00fclt\u00fcrel miras\u0131na kazand\u0131r\u0131lmaya haz\u0131rlan\u0131yor.<\/p>\n\n\n\n<h2 class=\"wp-block-heading\">Valilikten Tarihi Miras \u0130\u00e7in \u00d6nemli Ad\u0131m<\/h2>\n\n\n\n<p class=\"wp-block-paragraph\">Edirne Vali Yard\u0131mc\u0131s\u0131 ve \u0130l \u00d6zel \u0130daresi Genel Sekreteri <strong>Eyy\u00fcp Batuhan Ci\u011ferci<\/strong>, kentte \u00e7ok say\u0131da tarihi miras\u0131n bulundu\u011funu belirterek, Gazi Mihal Hamam\u0131&#8217;n\u0131n da bu \u00f6nemli eserlerden biri oldu\u011funu s\u00f6yledi.<\/p>\n\n\n\n<p class=\"wp-block-paragraph\">Ci\u011ferci, yapt\u0131\u011f\u0131 a\u00e7\u0131klamada \u015fu ifadeleri kulland\u0131:<\/p>\n\n\n\n<blockquote class=\"wp-block-quote is-layout-flow wp-block-quote-is-layout-flow\">\n<p class=\"wp-block-paragraph\"><strong>&#8220;600 y\u0131ll\u0131k Tarihi Gazi Mihal Hamam\u0131, Valili\u011fimiz taraf\u0131ndan y\u00fcr\u00fct\u00fclen ihya \u00e7al\u0131\u015fmalar\u0131yla yeniden aya\u011fa kalk\u0131yor. Ge\u00e7mi\u015fi gelece\u011fe ta\u015f\u0131yan bu \u00f6nemli eser Edirne&#8217;mize hay\u0131rl\u0131 olsun.&#8221;<\/strong><\/p>\n<\/blockquote>\n\n\n\n<h2 class=\"wp-block-heading\">1422 Y\u0131l\u0131nda \u0130n\u015fa Edildi<\/h2>\n\n\n\n<p class=\"wp-block-paragraph\">Tunca Nehri k\u0131y\u0131s\u0131nda bulunan Gazi Mihal Hamam\u0131, Osmanl\u0131 Devleti&#8217;nin kurulu\u015f d\u00f6neminde \u00f6nemli hizmetlerde bulunan <strong>Mihalo\u011fullar\u0131 ailesinden Gazi Mihal Bey<\/strong> taraf\u0131ndan <strong>1422 y\u0131l\u0131nda<\/strong> yapt\u0131r\u0131ld\u0131.<\/p>\n\n\n\n<p class=\"wp-block-paragraph\">Kesme ta\u015f ve tu\u011fladan in\u015fa edilen tarihi yap\u0131n\u0131n duvarlar\u0131, aradan ge\u00e7en yakla\u015f\u0131k alt\u0131 asra ra\u011fmen b\u00fcy\u00fck \u00f6l\u00e7\u00fcde \u00f6zg\u00fcn yap\u0131s\u0131n\u0131 koruyor.<\/p>\n\n\n\n<h2 class=\"wp-block-heading\">K\u00fclliyenin \u00d6nemli Par\u00e7as\u0131<\/h2>\n\n\n\n<p class=\"wp-block-paragraph\">Gazi Mihal Hamam\u0131, <strong>Gazi Mihal Bey Camisi<\/strong> ve <strong>\u0130maret K\u00f6pr\u00fcs\u00fc<\/strong> ile birlikte tarihi bir k\u00fclliyenin par\u00e7as\u0131 olarak in\u015fa edildi.<\/p>\n\n\n\n<p class=\"wp-block-paragraph\">1829 y\u0131l\u0131nda Rus ordusunun Edirne&#8217;yi i\u015fgal etmesinin ard\u0131ndan tamamen kapat\u0131lan hamam, y\u00fcr\u00fct\u00fclen ihya \u00e7al\u0131\u015fmalar\u0131 sayesinde yeniden aya\u011fa kald\u0131r\u0131larak gelecek nesillere kazand\u0131r\u0131lacak.<\/p>\n\n\n\n<p class=\"wp-block-paragraph\">Restorasyon \u00e7al\u0131\u015fmalar\u0131n\u0131n tamamlanmas\u0131n\u0131n ard\u0131ndan tarihi yap\u0131n\u0131n Edirne&#8217;nin k\u00fclt\u00fcrel ve turistik de\u011ferlerine \u00f6nemli katk\u0131 sa\u011flamas\u0131 bekleniyor.<\/p>\n","protected":false},"excerpt":{"rendered":"<p>Edirne&#8217;de yakla\u015f\u0131k 600 y\u0131ll\u0131k ge\u00e7mi\u015fe sahip Gazi Mihal Hamam\u0131, Edirne Valili\u011fi taraf\u0131ndan y\u00fcr\u00fct\u00fclen ihya \u00e7al\u0131\u015fmalar\u0131yla<\/p>\n","protected":false},"author":1,"featured_media":4706,"comment_status":"open","ping_status":"open","sticky":false,"template":"","format":"standard","meta":{"_rtcl_gb_attr":"","footnotes":""},"categories":[42],"tags":[],"class_list":["post-4705","post","type-post","status-publish","format-standard","has-post-thumbnail","hentry","category-kultur-ve-sanat"],"_links":{"self":[{"href":"https:\/\/turkiyemhaber.com\/index.php?rest_route=\/wp\/v2\/posts\/4705","targetHints":{"allow":["GET"]}}],"collection":[{"href":"https:\/\/turkiyemhaber.com\/index.php?rest_route=\/wp\/v2\/posts"}],"about":[{"href":"https:\/\/turkiyemhaber.com\/index.php?rest_route=\/wp\/v2\/types\/post"}],"author":[{"embeddable":true,"href":"https:\/\/turkiyemhaber.com\/index.php?rest_route=\/wp\/v2\/users\/1"}],"replies":[{"embeddable":true,"href":"https:\/\/turkiyemhaber.com\/index.php?rest_route=%2Fwp%2Fv2%2Fcomments&post=4705"}],"version-history":[{"count":1,"href":"https:\/\/turkiyemhaber.com\/index.php?rest_route=\/wp\/v2\/posts\/4705\/revisions"}],"predecessor-version":[{"id":4707,"href":"https:\/\/turkiyemhaber.com\/index.php?rest_route=\/wp\/v2\/posts\/4705\/revisions\/4707"}],"wp:featuredmedia":[{"embeddable":true,"href":"https:\/\/turkiyemhaber.com\/index.php?rest_route=\/wp\/v2\/media\/4706"}],"wp:attachment":[{"href":"https:\/\/turkiyemhaber.com\/index.php?rest_route=%2Fwp%2Fv2%2Fmedia&parent=4705"}],"wp:term":[{"taxonomy":"category","embeddable":true,"href":"https:\/\/turkiyemhaber.com\/index.php?rest_route=%2Fwp%2Fv2%2Fcategories&post=4705"},{"taxonomy":"post_tag","embeddable":true,"href":"https:\/\/turkiyemhaber.com\/index.php?rest_route=%2Fwp%2Fv2%2Ftags&post=4705"}],"curies":[{"name":"wp","href":"https:\/\/api.w.org\/{rel}","templated":true}]}}