{"id":4702,"date":"2026-08-05T00:05:32","date_gmt":"2026-08-05T00:05:32","guid":{"rendered":"https:\/\/turkiyemhaber.com\/?p=4702"},"modified":"2026-08-05T00:05:39","modified_gmt":"2026-08-05T00:05:39","slug":"turkiye-tekvando-milli-takimi-dunya-sampiyonasi-hazirliklarina-canakkalede-basladi","status":"publish","type":"post","link":"https:\/\/turkiyemhaber.com\/?p=4702","title":{"rendered":"T\u00fcrkiye Tekvando Milli Tak\u0131m\u0131 D\u00fcnya \u015eampiyonas\u0131 Haz\u0131rl\u0131klar\u0131na \u00c7anakkale&#8217;de Ba\u015flad\u0131"},"content":{"rendered":"\n<p class=\"wp-block-paragraph\"><strong>D\u00fcnya Tekvando Poomsae \u015eampiyonas\u0131&#8217;nda m\u00fccadele edecek T\u00fcrkiye Tekvando Milli Tak\u0131m\u0131, G\u00fcney Kore&#8217;de d\u00fczenlenecek organizasyon \u00f6ncesindeki haz\u0131rl\u0131k kamp\u0131na \u00c7anakkale&#8217;de ba\u015flad\u0131.<\/strong><\/p>\n\n\n\n<p class=\"wp-block-paragraph\">T\u00fcrkiye Tekvando Milli Tak\u0131m\u0131, <strong>16-20 Eyl\u00fcl tarihleri aras\u0131nda G\u00fcney Kore&#8217;de ger\u00e7ekle\u015ftirilecek D\u00fcnya Tekvando Poomsae \u015eampiyonas\u0131<\/strong> \u00f6ncesi haz\u0131rl\u0131klar\u0131n\u0131 yo\u011fun tempoda s\u00fcrd\u00fcr\u00fcyor.<\/p>\n\n\n\n<h2 class=\"wp-block-heading\">Kamp \u00c7anakkale&#8217;de Yap\u0131l\u0131yor<\/h2>\n\n\n\n<p class=\"wp-block-paragraph\">Milli tak\u0131m kamp\u0131, <strong>\u00c7anakkale G\u00fczelyal\u0131 Milli Tak\u0131mlar Kamp Merkezi<\/strong>&#8216;nde ger\u00e7ekle\u015ftiriliyor.<\/p>\n\n\n\n<p class=\"wp-block-paragraph\">Kampta sporcular, teknik, taktik ve kondisyon a\u011f\u0131rl\u0131kl\u0131 \u00e7al\u0131\u015fmalar\u0131n yan\u0131 s\u0131ra \u015fampiyona \u00f6ncesi performanslar\u0131n\u0131 en \u00fcst seviyeye \u00e7\u0131karmaya y\u00f6nelik yo\u011fun bir antrenman program\u0131 uyguluyor.<\/p>\n\n\n\n<h2 class=\"wp-block-heading\">Hedef D\u00fcnya \u015eampiyonas\u0131&#8217;nda Ba\u015far\u0131<\/h2>\n\n\n\n<p class=\"wp-block-paragraph\">Antren\u00f6rler g\u00f6zetiminde \u00e7al\u0131\u015fmalar\u0131n\u0131 s\u00fcrd\u00fcren milli tekvandocular, G\u00fcney Kore&#8217;de d\u00fczenlenecek D\u00fcnya Tekvando Poomsae \u015eampiyonas\u0131&#8217;nda T\u00fcrkiye&#8217;yi en iyi \u015fekilde temsil ederek madalya kazanmay\u0131 hedefliyor.<\/p>\n\n\n\n<p class=\"wp-block-paragraph\">Haz\u0131rl\u0131k kamp\u0131n\u0131n, sporcular\u0131n fiziksel ve teknik a\u00e7\u0131dan \u015fampiyonaya en iyi \u015fekilde haz\u0131rlanmas\u0131na \u00f6nemli katk\u0131 sa\u011flamas\u0131 bekleniyor.<\/p>\n","protected":false},"excerpt":{"rendered":"<p>D\u00fcnya Tekvando Poomsae \u015eampiyonas\u0131&#8217;nda m\u00fccadele edecek T\u00fcrkiye Tekvando Milli Tak\u0131m\u0131, G\u00fcney Kore&#8217;de d\u00fczenlenecek organizasyon \u00f6ncesindeki<\/p>\n","protected":false},"author":1,"featured_media":4703,"comment_status":"open","ping_status":"open","sticky":false,"template":"","format":"standard","meta":{"_rtcl_gb_attr":"","footnotes":""},"categories":[3],"tags":[],"class_list":["post-4702","post","type-post","status-publish","format-standard","has-post-thumbnail","hentry","category-spor"],"_links":{"self":[{"href":"https:\/\/turkiyemhaber.com\/index.php?rest_route=\/wp\/v2\/posts\/4702","targetHints":{"allow":["GET"]}}],"collection":[{"href":"https:\/\/turkiyemhaber.com\/index.php?rest_route=\/wp\/v2\/posts"}],"about":[{"href":"https:\/\/turkiyemhaber.com\/index.php?rest_route=\/wp\/v2\/types\/post"}],"author":[{"embeddable":true,"href":"https:\/\/turkiyemhaber.com\/index.php?rest_route=\/wp\/v2\/users\/1"}],"replies":[{"embeddable":true,"href":"https:\/\/turkiyemhaber.com\/index.php?rest_route=%2Fwp%2Fv2%2Fcomments&post=4702"}],"version-history":[{"count":1,"href":"https:\/\/turkiyemhaber.com\/index.php?rest_route=\/wp\/v2\/posts\/4702\/revisions"}],"predecessor-version":[{"id":4704,"href":"https:\/\/turkiyemhaber.com\/index.php?rest_route=\/wp\/v2\/posts\/4702\/revisions\/4704"}],"wp:featuredmedia":[{"embeddable":true,"href":"https:\/\/turkiyemhaber.com\/index.php?rest_route=\/wp\/v2\/media\/4703"}],"wp:attachment":[{"href":"https:\/\/turkiyemhaber.com\/index.php?rest_route=%2Fwp%2Fv2%2Fmedia&parent=4702"}],"wp:term":[{"taxonomy":"category","embeddable":true,"href":"https:\/\/turkiyemhaber.com\/index.php?rest_route=%2Fwp%2Fv2%2Fcategories&post=4702"},{"taxonomy":"post_tag","embeddable":true,"href":"https:\/\/turkiyemhaber.com\/index.php?rest_route=%2Fwp%2Fv2%2Ftags&post=4702"}],"curies":[{"name":"wp","href":"https:\/\/api.w.org\/{rel}","templated":true}]}}