{"id":4699,"date":"2026-08-05T00:01:41","date_gmt":"2026-08-05T00:01:41","guid":{"rendered":"https:\/\/turkiyemhaber.com\/?p=4699"},"modified":"2026-08-05T00:01:47","modified_gmt":"2026-08-05T00:01:47","slug":"ezinedeki-orman-yangini-kontrol-altina-alindi","status":"publish","type":"post","link":"https:\/\/turkiyemhaber.com\/?p=4699","title":{"rendered":"Ezine&#8217;deki Orman Yang\u0131n\u0131 Kontrol Alt\u0131na Al\u0131nd\u0131"},"content":{"rendered":"\n<p class=\"wp-block-paragraph\"><strong>\u00c7anakkale&#8217;nin Ezine il\u00e7esinde \u00e7\u0131kan orman yang\u0131n\u0131, ekiplerin yo\u011fun m\u00fcdahalesi sonucu kontrol alt\u0131na al\u0131nd\u0131. B\u00f6lgede so\u011futma \u00e7al\u0131\u015fmalar\u0131 devam ediyor.<\/strong><\/p>\n\n\n\n<p class=\"wp-block-paragraph\">\u00c7anakkale&#8217;nin <strong>Ezine il\u00e7esine ba\u011fl\u0131 G\u00f6k\u00e7ebay\u0131r K\u00f6y\u00fc<\/strong> mevkisinde saat <strong>19.19&#8217;da<\/strong> ba\u015flayan orman yang\u0131n\u0131na, Orman B\u00f6lge M\u00fcd\u00fcrl\u00fc\u011f\u00fc ekipleri ile ilgili kurumlar\u0131n koordinasyonunda havadan ve karadan m\u00fcdahale edildi.<\/p>\n\n\n\n<p class=\"wp-block-paragraph\">Yakla\u015f\u0131k d\u00f6rt bu\u00e7uk saat s\u00fcren \u00e7al\u0131\u015fmalar\u0131n ard\u0131ndan yang\u0131n, saat <strong>23.50 s\u0131ralar\u0131nda kontrol alt\u0131na al\u0131nd\u0131.<\/strong><\/p>\n\n\n\n<h2 class=\"wp-block-heading\">So\u011futma \u00c7al\u0131\u015fmalar\u0131 S\u00fcr\u00fcyor<\/h2>\n\n\n\n<p class=\"wp-block-paragraph\">Yang\u0131n\u0131n kontrol alt\u0131na al\u0131nmas\u0131n\u0131n ard\u0131ndan ekipler, b\u00f6lgede yeniden alevlenme riskine kar\u015f\u0131 <strong>so\u011futma \u00e7al\u0131\u015fmalar\u0131n\u0131<\/strong> s\u00fcrd\u00fcr\u00fcyor.<\/p>\n\n\n\n<h2 class=\"wp-block-heading\">Valilikten A\u00e7\u0131klama<\/h2>\n\n\n\n<p class=\"wp-block-paragraph\">\u00c7anakkale Valili\u011fi, sosyal medya hesab\u0131ndan yapt\u0131\u011f\u0131 a\u00e7\u0131klamada \u015fu ifadelere yer verdi:<\/p>\n\n\n\n<blockquote class=\"wp-block-quote is-layout-flow wp-block-quote-is-layout-flow\">\n<p class=\"wp-block-paragraph\">&#8220;\u0130limiz Ezine il\u00e7esi G\u00f6k\u00e7ebay\u0131r K\u00f6y\u00fc mevkisinde meydana gelen orman yang\u0131n\u0131 kontrol alt\u0131na al\u0131nm\u0131\u015ft\u0131r. B\u00f6lgede ekiplerimiz taraf\u0131ndan so\u011futma \u00e7al\u0131\u015fmalar\u0131na devam edilmektedir. Yang\u0131n\u0131n kontrol alt\u0131na al\u0131nmas\u0131nda b\u00fcy\u00fck \u00f6zveriyle g\u00f6rev yapan ba\u015fta orman te\u015fkilat\u0131m\u0131z olmak \u00fczere t\u00fcm kamu kurum ve kurulu\u015flar\u0131m\u0131z\u0131n personeline, g\u00f6n\u00fcll\u00fclerimize ve destek veren vatanda\u015flar\u0131m\u0131za te\u015fekk\u00fcr ederiz.&#8221;<\/p>\n<\/blockquote>\n\n\n\n<p class=\"wp-block-paragraph\">Valilik ayr\u0131ca, vatanda\u015flara orman yang\u0131nlar\u0131na kar\u015f\u0131 duyarl\u0131 olmalar\u0131 \u00e7a\u011fr\u0131s\u0131nda bulunarak, <strong>a\u00e7\u0131k alanlarda ate\u015f yak\u0131lmamas\u0131 ve yang\u0131na sebebiyet verebilecek davran\u0131\u015flardan ka\u00e7\u0131n\u0131lmas\u0131<\/strong> gerekti\u011fini hat\u0131rlatt\u0131.<\/p>\n","protected":false},"excerpt":{"rendered":"<p>\u00c7anakkale&#8217;nin Ezine il\u00e7esinde \u00e7\u0131kan orman yang\u0131n\u0131, ekiplerin yo\u011fun m\u00fcdahalesi sonucu kontrol alt\u0131na al\u0131nd\u0131. B\u00f6lgede so\u011futma<\/p>\n","protected":false},"author":1,"featured_media":4700,"comment_status":"open","ping_status":"open","sticky":false,"template":"","format":"standard","meta":{"_rtcl_gb_attr":"","footnotes":""},"categories":[74],"tags":[],"class_list":["post-4699","post","type-post","status-publish","format-standard","has-post-thumbnail","hentry","category-yerel-haberler"],"_links":{"self":[{"href":"https:\/\/turkiyemhaber.com\/index.php?rest_route=\/wp\/v2\/posts\/4699","targetHints":{"allow":["GET"]}}],"collection":[{"href":"https:\/\/turkiyemhaber.com\/index.php?rest_route=\/wp\/v2\/posts"}],"about":[{"href":"https:\/\/turkiyemhaber.com\/index.php?rest_route=\/wp\/v2\/types\/post"}],"author":[{"embeddable":true,"href":"https:\/\/turkiyemhaber.com\/index.php?rest_route=\/wp\/v2\/users\/1"}],"replies":[{"embeddable":true,"href":"https:\/\/turkiyemhaber.com\/index.php?rest_route=%2Fwp%2Fv2%2Fcomments&post=4699"}],"version-history":[{"count":1,"href":"https:\/\/turkiyemhaber.com\/index.php?rest_route=\/wp\/v2\/posts\/4699\/revisions"}],"predecessor-version":[{"id":4701,"href":"https:\/\/turkiyemhaber.com\/index.php?rest_route=\/wp\/v2\/posts\/4699\/revisions\/4701"}],"wp:featuredmedia":[{"embeddable":true,"href":"https:\/\/turkiyemhaber.com\/index.php?rest_route=\/wp\/v2\/media\/4700"}],"wp:attachment":[{"href":"https:\/\/turkiyemhaber.com\/index.php?rest_route=%2Fwp%2Fv2%2Fmedia&parent=4699"}],"wp:term":[{"taxonomy":"category","embeddable":true,"href":"https:\/\/turkiyemhaber.com\/index.php?rest_route=%2Fwp%2Fv2%2Fcategories&post=4699"},{"taxonomy":"post_tag","embeddable":true,"href":"https:\/\/turkiyemhaber.com\/index.php?rest_route=%2Fwp%2Fv2%2Ftags&post=4699"}],"curies":[{"name":"wp","href":"https:\/\/api.w.org\/{rel}","templated":true}]}}