{"id":4695,"date":"2026-08-04T23:59:28","date_gmt":"2026-08-04T23:59:28","guid":{"rendered":"https:\/\/turkiyemhaber.com\/?p=4695"},"modified":"2026-08-04T23:59:34","modified_gmt":"2026-08-04T23:59:34","slug":"canakkalede-huzur-uygulamalari-12-supheli-tutuklandi","status":"publish","type":"post","link":"https:\/\/turkiyemhaber.com\/?p=4695","title":{"rendered":"\u00c7anakkale&#8217;de Huzur Uygulamalar\u0131: 12 \u015e\u00fcpheli Tutukland\u0131"},"content":{"rendered":"\n<p class=\"wp-block-paragraph\"><strong>\u00c7anakkale&#8217;de polis ekiplerince ger\u00e7ekle\u015ftirilen huzur uygulamalar\u0131nda farkl\u0131 su\u00e7lardan g\u00f6zalt\u0131na al\u0131nan 12 \u015f\u00fcpheli tutuklan\u0131rken, 10 binden fazla ki\u015fi ve 3 bini a\u015fk\u0131n ara\u00e7 denetlendi.<\/strong><\/p>\n\n\n\n<p class=\"wp-block-paragraph\">\u00c7anakkale Valili\u011fi&#8217;nden yap\u0131lan a\u00e7\u0131klamaya g\u00f6re, <strong>27 Temmuz &#8211; 3 A\u011fustos<\/strong> tarihleri aras\u0131nda \u0130l Emniyet M\u00fcd\u00fcrl\u00fc\u011f\u00fc ekiplerince il merkezi ve il\u00e7elerde kapsaml\u0131 huzur uygulamalar\u0131 ger\u00e7ekle\u015ftirildi.<\/p>\n\n\n\n<h2 class=\"wp-block-heading\">10 Bin Ki\u015fi ve 3 Binden Fazla Ara\u00e7 Denetlendi<\/h2>\n\n\n\n<p class=\"wp-block-paragraph\">Denetimler kapsam\u0131nda;<\/p>\n\n\n\n<ul class=\"wp-block-list\">\n<li><strong>10 bin 388 ki\u015fi<\/strong> sorguland\u0131,<\/li>\n\n\n\n<li><strong>3 bin 71 ara\u00e7<\/strong> kontrol edildi,<\/li>\n\n\n\n<li>Trafik kurallar\u0131n\u0131 ihlal eden <strong>725 s\u00fcr\u00fcc\u00fcye<\/strong> idari para cezas\u0131 uyguland\u0131.<\/li>\n<\/ul>\n\n\n\n<h2 class=\"wp-block-heading\">12 \u015e\u00fcpheli Tutukland\u0131<\/h2>\n\n\n\n<p class=\"wp-block-paragraph\">Uygulamalarda, \u00e7e\u015fitli su\u00e7lardan arand\u0131\u011f\u0131 tespit edilen <strong>15 \u015f\u00fcpheliden 9&#8217;u<\/strong>, ayr\u0131ca <strong>&#8220;uyu\u015fturucu veya uyar\u0131c\u0131 madde imal ve ticareti&#8221;<\/strong> su\u00e7undan i\u015flem yap\u0131lan <strong>3 \u015f\u00fcpheli<\/strong>, \u00e7\u0131kar\u0131ld\u0131klar\u0131 mahkemece tutukland\u0131.<\/p>\n\n\n\n<p class=\"wp-block-paragraph\">B\u00f6ylece operasyonlar kapsam\u0131nda toplam <strong>12 \u015f\u00fcpheli tutuklanarak cezaevine g\u00f6nderildi.<\/strong><\/p>\n\n\n\n<h2 class=\"wp-block-heading\">Uyu\u015fturucu ve Silah Ele Ge\u00e7irildi<\/h2>\n\n\n\n<p class=\"wp-block-paragraph\">Operasyonlarda;<\/p>\n\n\n\n<ul class=\"wp-block-list\">\n<li><strong>87 gram uyu\u015fturucu madde,<\/strong><\/li>\n\n\n\n<li><strong>205 adet sentetik ecza hap\u0131,<\/strong><\/li>\n\n\n\n<li><strong>1 av t\u00fcfe\u011fi,<\/strong><\/li>\n\n\n\n<li><strong>2 ruhsats\u0131z tabanca<\/strong><\/li>\n<\/ul>\n\n\n\n<p class=\"wp-block-paragraph\">ele ge\u00e7irildi.<\/p>\n\n\n\n<h2 class=\"wp-block-heading\">90 Ki\u015fiye Kabahatler Kanunu Kapsam\u0131nda \u0130\u015flem<\/h2>\n\n\n\n<p class=\"wp-block-paragraph\">Kamu d\u00fczenini bozacak \u015fekilde davran\u0131\u015flarda bulundu\u011fu belirlenen <strong>90 ki\u015fi hakk\u0131nda Kabahatler Kanunu kapsam\u0131nda idari i\u015flem<\/strong> uyguland\u0131.<\/p>\n\n\n\n<p class=\"wp-block-paragraph\">\u00c7anakkale Emniyet M\u00fcd\u00fcrl\u00fc\u011f\u00fc&#8217;n\u00fcn kent genelinde huzur ve g\u00fcvenli\u011fin sa\u011flanmas\u0131na y\u00f6nelik denetim ve operasyonlar\u0131n\u0131n aral\u0131ks\u0131z devam edece\u011fi bildirildi.<\/p>\n","protected":false},"excerpt":{"rendered":"<p>\u00c7anakkale&#8217;de polis ekiplerince ger\u00e7ekle\u015ftirilen huzur uygulamalar\u0131nda farkl\u0131 su\u00e7lardan g\u00f6zalt\u0131na al\u0131nan 12 \u015f\u00fcpheli tutuklan\u0131rken, 10 binden<\/p>\n","protected":false},"author":1,"featured_media":4696,"comment_status":"open","ping_status":"open","sticky":false,"template":"","format":"standard","meta":{"_rtcl_gb_attr":"","footnotes":""},"categories":[74],"tags":[],"class_list":["post-4695","post","type-post","status-publish","format-standard","has-post-thumbnail","hentry","category-yerel-haberler"],"_links":{"self":[{"href":"https:\/\/turkiyemhaber.com\/index.php?rest_route=\/wp\/v2\/posts\/4695","targetHints":{"allow":["GET"]}}],"collection":[{"href":"https:\/\/turkiyemhaber.com\/index.php?rest_route=\/wp\/v2\/posts"}],"about":[{"href":"https:\/\/turkiyemhaber.com\/index.php?rest_route=\/wp\/v2\/types\/post"}],"author":[{"embeddable":true,"href":"https:\/\/turkiyemhaber.com\/index.php?rest_route=\/wp\/v2\/users\/1"}],"replies":[{"embeddable":true,"href":"https:\/\/turkiyemhaber.com\/index.php?rest_route=%2Fwp%2Fv2%2Fcomments&post=4695"}],"version-history":[{"count":1,"href":"https:\/\/turkiyemhaber.com\/index.php?rest_route=\/wp\/v2\/posts\/4695\/revisions"}],"predecessor-version":[{"id":4697,"href":"https:\/\/turkiyemhaber.com\/index.php?rest_route=\/wp\/v2\/posts\/4695\/revisions\/4697"}],"wp:featuredmedia":[{"embeddable":true,"href":"https:\/\/turkiyemhaber.com\/index.php?rest_route=\/wp\/v2\/media\/4696"}],"wp:attachment":[{"href":"https:\/\/turkiyemhaber.com\/index.php?rest_route=%2Fwp%2Fv2%2Fmedia&parent=4695"}],"wp:term":[{"taxonomy":"category","embeddable":true,"href":"https:\/\/turkiyemhaber.com\/index.php?rest_route=%2Fwp%2Fv2%2Fcategories&post=4695"},{"taxonomy":"post_tag","embeddable":true,"href":"https:\/\/turkiyemhaber.com\/index.php?rest_route=%2Fwp%2Fv2%2Ftags&post=4695"}],"curies":[{"name":"wp","href":"https:\/\/api.w.org\/{rel}","templated":true}]}}