{"id":4689,"date":"2026-08-04T23:54:41","date_gmt":"2026-08-04T23:54:41","guid":{"rendered":"https:\/\/turkiyemhaber.com\/?p=4689"},"modified":"2026-08-04T23:54:46","modified_gmt":"2026-08-04T23:54:46","slug":"sakaryali-sporculardan-gurcistanda-6-madalyalik-buyuk-basari","status":"publish","type":"post","link":"https:\/\/turkiyemhaber.com\/?p=4689","title":{"rendered":"Sakaryal\u0131 Sporculardan G\u00fcrcistan&#8217;da 6 Madalyal\u0131k B\u00fcy\u00fck Ba\u015far\u0131"},"content":{"rendered":"\n<p class=\"wp-block-paragraph\"><strong>Sakaryal\u0131 sporcular, G\u00fcrcistan&#8217;\u0131n Batum kentinde d\u00fczenlenen Uluslararas\u0131 A\u00e7\u0131k Wushu \u015eampiyonas\u0131&#8217;nda g\u00f6sterdikleri ba\u015far\u0131l\u0131 performansla 6 madalya kazanarak T\u00fcrkiye&#8217;yi gururland\u0131rd\u0131.<\/strong><\/p>\n\n\n\n<p class=\"wp-block-paragraph\">Sakarya \u0130l Milli E\u011fitim M\u00fcd\u00fcrl\u00fc\u011f\u00fc&#8217;nden yap\u0131lan a\u00e7\u0131klamaya g\u00f6re, G\u00fcrcistan&#8217;\u0131n Batum \u015fehrinde ger\u00e7ekle\u015ftirilen \u015fampiyonada m\u00fccadele eden Sakaryal\u0131 sporcular, <strong>1 alt\u0131n, 3 g\u00fcm\u00fc\u015f ve 2 bronz madalya<\/strong> elde etti.<\/p>\n\n\n\n<h2 class=\"wp-block-heading\">Madalyalar Sakarya&#8217;ya Geldi<\/h2>\n\n\n\n<p class=\"wp-block-paragraph\">\u015eampiyonada ba\u015far\u0131l\u0131 sonu\u00e7lara imza atan sporcular\u0131n dereceleri \u015f\u00f6yle oldu:<\/p>\n\n\n\n<ul class=\"wp-block-list\">\n<li><strong>Lina Gamze \u00c7al\u0131k:<\/strong> 1 alt\u0131n, 1 g\u00fcm\u00fc\u015f madalya<\/li>\n\n\n\n<li><strong>Mira Elanur \u00c7al\u0131k:<\/strong> 1 g\u00fcm\u00fc\u015f, 1 bronz madalya<\/li>\n\n\n\n<li><strong>\u0130kbal Elmac\u0131:<\/strong> 1 g\u00fcm\u00fc\u015f, 1 bronz madalya<\/li>\n<\/ul>\n\n\n\n<p class=\"wp-block-paragraph\">Toplamda kazan\u0131lan <strong>6 madalya<\/strong>, Sakarya spor camias\u0131nda b\u00fcy\u00fck sevin\u00e7 yaratt\u0131.<\/p>\n\n\n\n<h2 class=\"wp-block-heading\">Federasyon Ba\u015fkan\u0131 da Takip Etti<\/h2>\n\n\n\n<p class=\"wp-block-paragraph\">A\u00e7\u0131klamada, <strong>T\u00fcrkiye Wushu Kung Fu Federasyonu Ba\u015fkan\u0131 Abdurrahman Aky\u00fcz&#8217;\u00fcn<\/strong> de \u015fampiyonay\u0131 yak\u0131ndan takip ederek milli sporculara destek verdi\u011fi belirtildi.<\/p>\n\n\n\n<p class=\"wp-block-paragraph\">Uluslararas\u0131 organizasyonda elde edilen ba\u015far\u0131, hem Sakarya&#8217;n\u0131n hem de T\u00fcrk wushu sporunun uluslararas\u0131 alandaki y\u00fckseli\u015fini bir kez daha g\u00f6zler \u00f6n\u00fcne serdi.<\/p>\n","protected":false},"excerpt":{"rendered":"<p>Sakaryal\u0131 sporcular, G\u00fcrcistan&#8217;\u0131n Batum kentinde d\u00fczenlenen Uluslararas\u0131 A\u00e7\u0131k Wushu \u015eampiyonas\u0131&#8217;nda g\u00f6sterdikleri ba\u015far\u0131l\u0131 performansla 6 madalya<\/p>\n","protected":false},"author":1,"featured_media":4690,"comment_status":"open","ping_status":"open","sticky":false,"template":"","format":"standard","meta":{"_rtcl_gb_attr":"","footnotes":""},"categories":[3],"tags":[],"class_list":["post-4689","post","type-post","status-publish","format-standard","has-post-thumbnail","hentry","category-spor"],"_links":{"self":[{"href":"https:\/\/turkiyemhaber.com\/index.php?rest_route=\/wp\/v2\/posts\/4689","targetHints":{"allow":["GET"]}}],"collection":[{"href":"https:\/\/turkiyemhaber.com\/index.php?rest_route=\/wp\/v2\/posts"}],"about":[{"href":"https:\/\/turkiyemhaber.com\/index.php?rest_route=\/wp\/v2\/types\/post"}],"author":[{"embeddable":true,"href":"https:\/\/turkiyemhaber.com\/index.php?rest_route=\/wp\/v2\/users\/1"}],"replies":[{"embeddable":true,"href":"https:\/\/turkiyemhaber.com\/index.php?rest_route=%2Fwp%2Fv2%2Fcomments&post=4689"}],"version-history":[{"count":1,"href":"https:\/\/turkiyemhaber.com\/index.php?rest_route=\/wp\/v2\/posts\/4689\/revisions"}],"predecessor-version":[{"id":4691,"href":"https:\/\/turkiyemhaber.com\/index.php?rest_route=\/wp\/v2\/posts\/4689\/revisions\/4691"}],"wp:featuredmedia":[{"embeddable":true,"href":"https:\/\/turkiyemhaber.com\/index.php?rest_route=\/wp\/v2\/media\/4690"}],"wp:attachment":[{"href":"https:\/\/turkiyemhaber.com\/index.php?rest_route=%2Fwp%2Fv2%2Fmedia&parent=4689"}],"wp:term":[{"taxonomy":"category","embeddable":true,"href":"https:\/\/turkiyemhaber.com\/index.php?rest_route=%2Fwp%2Fv2%2Fcategories&post=4689"},{"taxonomy":"post_tag","embeddable":true,"href":"https:\/\/turkiyemhaber.com\/index.php?rest_route=%2Fwp%2Fv2%2Ftags&post=4689"}],"curies":[{"name":"wp","href":"https:\/\/api.w.org\/{rel}","templated":true}]}}