{"id":4686,"date":"2026-08-04T23:51:25","date_gmt":"2026-08-04T23:51:25","guid":{"rendered":"https:\/\/turkiyemhaber.com\/?p=4686"},"modified":"2026-08-04T23:51:32","modified_gmt":"2026-08-04T23:51:32","slug":"sakarya-turkiye-dag-bisikleti-sampiyonasina-ev-sahipligi-yapacak","status":"publish","type":"post","link":"https:\/\/turkiyemhaber.com\/?p=4686","title":{"rendered":"Sakarya, T\u00fcrkiye Da\u011f Bisikleti \u015eampiyonas\u0131&#8217;na Ev Sahipli\u011fi Yapacak"},"content":{"rendered":"\n<p class=\"wp-block-paragraph\"><strong>Sakarya B\u00fcy\u00fck\u015fehir Belediyesi ile T\u00fcrkiye Bisiklet Federasyonu i\u015f birli\u011finde d\u00fczenlenecek B\u00f6lgesel T\u00fcrkiye Da\u011f Bisikleti (MTB) \u015eampiyonas\u0131, 22-23 A\u011fustos tarihlerinde Ay\u00e7i\u00e7e\u011fi Bisiklet Vadisi&#8217;nde ger\u00e7ekle\u015ftirilecek. Organizasyonda T\u00fcrkiye&#8217;nin d\u00f6rt bir yan\u0131ndan 197 sporcu m\u00fccadele edecek.<\/strong><\/p>\n\n\n\n<p class=\"wp-block-paragraph\">Sakarya, da\u011f bisikleti tutkunlar\u0131n\u0131 \u00f6nemli bir organizasyonda a\u011f\u0131rlamaya haz\u0131rlan\u0131yor. B\u00fcy\u00fck\u015fehir Belediyesi ev sahipli\u011finde d\u00fczenlenecek \u015fampiyonada sporcular, hem kendi b\u00f6lgelerinde \u015fampiyon olabilmek hem de genel klasman birincili\u011fini elde etmek i\u00e7in pedal \u00e7evirecek.<\/p>\n\n\n\n<h2 class=\"wp-block-heading\">Yeni Yar\u0131\u015fma Format\u0131 \u0130lk Kez Uygulanacak<\/h2>\n\n\n\n<p class=\"wp-block-paragraph\">T\u00fcrkiye Bisiklet Federasyonu taraf\u0131ndan bu y\u0131l ilk kez hayata ge\u00e7irilen yeni yar\u0131\u015fma format\u0131 kapsam\u0131nda sporcular, tek organizasyonda <strong>iki farkl\u0131 \u015fampiyonluk unvan\u0131<\/strong> i\u00e7in yar\u0131\u015facak.<\/p>\n\n\n\n<p class=\"wp-block-paragraph\">\u015eampiyonaya;<\/p>\n\n\n\n<ul class=\"wp-block-list\">\n<li>B\u00f6lgesel etap yar\u0131\u015flar\u0131nda kendi kategorilerinde ilk 5&#8217;e giren sporcular,<\/li>\n\n\n\n<li>T\u00fcrkiye Kupas\u0131 etaplar\u0131nda ilk 3 s\u0131ray\u0131 elde eden bisiklet\u00e7iler<\/li>\n<\/ul>\n\n\n\n<p class=\"wp-block-paragraph\">kat\u0131l\u0131m sa\u011flayabilecek.<\/p>\n\n\n\n<h2 class=\"wp-block-heading\">D\u00f6rt Farkl\u0131 \u015eampiyonluk Mayosu Verilecek<\/h2>\n\n\n\n<p class=\"wp-block-paragraph\">\u0130ki g\u00fcn s\u00fcrecek yar\u0131\u015flar\u0131n sonunda hem b\u00f6lge \u015fampiyonlar\u0131 hem de genel klasman \u015fampiyonlar\u0131 belirlenecek.<\/p>\n\n\n\n<p class=\"wp-block-paragraph\">Organizasyon sonunda d\u00fczenlenecek iki ayr\u0131 \u00f6d\u00fcl t\u00f6reninde dereceye giren sporculara \u015fu mayolar takdim edilecek:<\/p>\n\n\n\n<ul class=\"wp-block-list\">\n<li><strong>Turkuaz Mayo:<\/strong> 1. B\u00f6lge \u015eampiyonlar\u0131<\/li>\n\n\n\n<li><strong>Ye\u015fil Mayo:<\/strong> 2. B\u00f6lge \u015eampiyonlar\u0131<\/li>\n\n\n\n<li><strong>Sar\u0131 Mayo:<\/strong> 3. B\u00f6lge \u015eampiyonlar\u0131<\/li>\n\n\n\n<li><strong>Beyaz Mayo:<\/strong> Genel Klasman B\u00f6lgesel T\u00fcrkiye \u015eampiyonlar\u0131<\/li>\n<\/ul>\n\n\n\n<p class=\"wp-block-paragraph\">Sakarya&#8217;n\u0131n uluslararas\u0131 standartlardaki <strong>Ay\u00e7i\u00e7e\u011fi Bisiklet Vadisi<\/strong>&#8216;nde ger\u00e7ekle\u015ftirilecek \u015fampiyonan\u0131n, hem sporculara hem de bisiklet sporunun geli\u015fimine \u00f6nemli katk\u0131 sa\u011flamas\u0131 bekleniyor.<\/p>\n","protected":false},"excerpt":{"rendered":"<p>Sakarya B\u00fcy\u00fck\u015fehir Belediyesi ile T\u00fcrkiye Bisiklet Federasyonu i\u015f birli\u011finde d\u00fczenlenecek B\u00f6lgesel T\u00fcrkiye Da\u011f Bisikleti (MTB)<\/p>\n","protected":false},"author":1,"featured_media":4687,"comment_status":"open","ping_status":"open","sticky":false,"template":"","format":"standard","meta":{"_rtcl_gb_attr":"","footnotes":""},"categories":[3],"tags":[],"class_list":["post-4686","post","type-post","status-publish","format-standard","has-post-thumbnail","hentry","category-spor"],"_links":{"self":[{"href":"https:\/\/turkiyemhaber.com\/index.php?rest_route=\/wp\/v2\/posts\/4686","targetHints":{"allow":["GET"]}}],"collection":[{"href":"https:\/\/turkiyemhaber.com\/index.php?rest_route=\/wp\/v2\/posts"}],"about":[{"href":"https:\/\/turkiyemhaber.com\/index.php?rest_route=\/wp\/v2\/types\/post"}],"author":[{"embeddable":true,"href":"https:\/\/turkiyemhaber.com\/index.php?rest_route=\/wp\/v2\/users\/1"}],"replies":[{"embeddable":true,"href":"https:\/\/turkiyemhaber.com\/index.php?rest_route=%2Fwp%2Fv2%2Fcomments&post=4686"}],"version-history":[{"count":1,"href":"https:\/\/turkiyemhaber.com\/index.php?rest_route=\/wp\/v2\/posts\/4686\/revisions"}],"predecessor-version":[{"id":4688,"href":"https:\/\/turkiyemhaber.com\/index.php?rest_route=\/wp\/v2\/posts\/4686\/revisions\/4688"}],"wp:featuredmedia":[{"embeddable":true,"href":"https:\/\/turkiyemhaber.com\/index.php?rest_route=\/wp\/v2\/media\/4687"}],"wp:attachment":[{"href":"https:\/\/turkiyemhaber.com\/index.php?rest_route=%2Fwp%2Fv2%2Fmedia&parent=4686"}],"wp:term":[{"taxonomy":"category","embeddable":true,"href":"https:\/\/turkiyemhaber.com\/index.php?rest_route=%2Fwp%2Fv2%2Fcategories&post=4686"},{"taxonomy":"post_tag","embeddable":true,"href":"https:\/\/turkiyemhaber.com\/index.php?rest_route=%2Fwp%2Fv2%2Ftags&post=4686"}],"curies":[{"name":"wp","href":"https:\/\/api.w.org\/{rel}","templated":true}]}}