{"id":4683,"date":"2026-08-04T23:46:29","date_gmt":"2026-08-04T23:46:29","guid":{"rendered":"https:\/\/turkiyemhaber.com\/?p=4683"},"modified":"2026-08-04T23:46:33","modified_gmt":"2026-08-04T23:46:33","slug":"kocaelinde-genisletilmis-il-guvenlik-ve-asayis-toplantisi-yapildi","status":"publish","type":"post","link":"https:\/\/turkiyemhaber.com\/?p=4683","title":{"rendered":"Kocaeli&#8217;nde Geni\u015fletilmi\u015f \u0130l G\u00fcvenlik ve Asayi\u015f Toplant\u0131s\u0131 Yap\u0131ld\u0131"},"content":{"rendered":"\n<p class=\"wp-block-paragraph\"><strong>Kocaeli Valili\u011fi&#8217;nde d\u00fczenlenen Geni\u015fletilmi\u015f \u0130l G\u00fcvenlik, Asayi\u015f ve Koordinasyon Toplant\u0131s\u0131&#8217;nda kent genelindeki g\u00fcvenlik \u00e7al\u0131\u015fmalar\u0131, bo\u011fulma ve orman yang\u0131nlar\u0131na kar\u015f\u0131 al\u0131nan tedbirler ile sahipsiz hayvanlara y\u00f6nelik y\u00fcr\u00fct\u00fclen \u00e7al\u0131\u015fmalar ele al\u0131nd\u0131.<\/strong><\/p>\n\n\n\n<p class=\"wp-block-paragraph\">Kocaeli Valisi <strong>\u0130lhami Akta\u015f<\/strong> ba\u015fkanl\u0131\u011f\u0131nda Valilikte ger\u00e7ekle\u015ftirilen toplant\u0131da, kamu d\u00fczeni ve vatanda\u015flar\u0131n g\u00fcvenli\u011fine y\u00f6nelik y\u00fcr\u00fct\u00fclen \u00e7al\u0131\u015fmalar kapsaml\u0131 \u015fekilde de\u011ferlendirildi.<\/p>\n\n\n\n<h2 class=\"wp-block-heading\">G\u00fcvenlik ve Asayi\u015f G\u00fcndemi Masaya Yat\u0131r\u0131ld\u0131<\/h2>\n\n\n\n<p class=\"wp-block-paragraph\">Toplant\u0131da;<\/p>\n\n\n\n<ul class=\"wp-block-list\">\n<li>Bo\u011fulma vakalar\u0131n\u0131n \u00f6nlenmesine y\u00f6nelik al\u0131nan tedbirler,<\/li>\n\n\n\n<li>Orman yang\u0131nlar\u0131na kar\u015f\u0131 y\u00fcr\u00fct\u00fclen \u00e7al\u0131\u015fmalar,<\/li>\n\n\n\n<li>Sahipsiz hayvanlarla ilgili uygulamalar,<\/li>\n\n\n\n<li>\u0130l\u00e7elerde bulunan metruk yap\u0131lar\u0131n son durumu,<\/li>\n\n\n\n<li>Park ve rekreasyon alanlar\u0131n\u0131n ayd\u0131nlat\u0131lmas\u0131na y\u00f6nelik faaliyetler<\/li>\n<\/ul>\n\n\n\n<p class=\"wp-block-paragraph\">g\u00fcndeme al\u0131nd\u0131.<\/p>\n\n\n\n<h2 class=\"wp-block-heading\">Kurumlar Sunum Yapt\u0131<\/h2>\n\n\n\n<p class=\"wp-block-paragraph\">\u0130lgili kurum m\u00fcd\u00fcrl\u00fckleri taraf\u0131ndan y\u00fcr\u00fct\u00fclen \u00e7al\u0131\u015fmalar hakk\u0131nda sunumlar yap\u0131l\u0131rken, emniyet ve jandarma birimlerince ger\u00e7ekle\u015ftirilen g\u00fcvenlik faaliyetleri ile planlanan \u00e7al\u0131\u015fmalar g\u00f6zden ge\u00e7irildi.<\/p>\n\n\n\n<p class=\"wp-block-paragraph\">Toplant\u0131da ayr\u0131ca kurum yetkilileri, son bir ay i\u00e7erisinde y\u00fcr\u00fctt\u00fckleri faaliyetlere ili\u015fkin bilgi verirken, koordinasyon gerektiren konular da de\u011ferlendirilerek g\u00f6r\u00fc\u015f al\u0131\u015fveri\u015finde bulunuldu.<\/p>\n\n\n\n<h2 class=\"wp-block-heading\">Vali Akta\u015f&#8217;tan Talimat<\/h2>\n\n\n\n<p class=\"wp-block-paragraph\">Toplant\u0131n\u0131n sonunda de\u011ferlendirmelerde bulunan Vali <strong>\u0130lhami Akta\u015f<\/strong>, y\u00fcr\u00fct\u00fclen \u00e7al\u0131\u015fmalardan dolay\u0131 kurum temsilcilerine te\u015fekk\u00fcr etti. Planlanan projelerin en k\u0131sa s\u00fcrede hayata ge\u00e7irilmesi i\u00e7in gerekli talimatlar\u0131 veren Akta\u015f, kamu kurumlar\u0131 aras\u0131ndaki koordinasyonun \u00f6nemine dikkat \u00e7ekti.<\/p>\n\n\n\n<p class=\"wp-block-paragraph\">Toplant\u0131ya ilgili kamu kurum ve kurulu\u015flar\u0131n\u0131n y\u00f6neticileri kat\u0131ld\u0131.<\/p>\n","protected":false},"excerpt":{"rendered":"<p>Kocaeli Valili\u011fi&#8217;nde d\u00fczenlenen Geni\u015fletilmi\u015f \u0130l G\u00fcvenlik, Asayi\u015f ve Koordinasyon Toplant\u0131s\u0131&#8217;nda kent genelindeki g\u00fcvenlik \u00e7al\u0131\u015fmalar\u0131, bo\u011fulma<\/p>\n","protected":false},"author":1,"featured_media":4684,"comment_status":"open","ping_status":"open","sticky":false,"template":"","format":"standard","meta":{"_rtcl_gb_attr":"","footnotes":""},"categories":[74],"tags":[],"class_list":["post-4683","post","type-post","status-publish","format-standard","has-post-thumbnail","hentry","category-yerel-haberler"],"_links":{"self":[{"href":"https:\/\/turkiyemhaber.com\/index.php?rest_route=\/wp\/v2\/posts\/4683","targetHints":{"allow":["GET"]}}],"collection":[{"href":"https:\/\/turkiyemhaber.com\/index.php?rest_route=\/wp\/v2\/posts"}],"about":[{"href":"https:\/\/turkiyemhaber.com\/index.php?rest_route=\/wp\/v2\/types\/post"}],"author":[{"embeddable":true,"href":"https:\/\/turkiyemhaber.com\/index.php?rest_route=\/wp\/v2\/users\/1"}],"replies":[{"embeddable":true,"href":"https:\/\/turkiyemhaber.com\/index.php?rest_route=%2Fwp%2Fv2%2Fcomments&post=4683"}],"version-history":[{"count":1,"href":"https:\/\/turkiyemhaber.com\/index.php?rest_route=\/wp\/v2\/posts\/4683\/revisions"}],"predecessor-version":[{"id":4685,"href":"https:\/\/turkiyemhaber.com\/index.php?rest_route=\/wp\/v2\/posts\/4683\/revisions\/4685"}],"wp:featuredmedia":[{"embeddable":true,"href":"https:\/\/turkiyemhaber.com\/index.php?rest_route=\/wp\/v2\/media\/4684"}],"wp:attachment":[{"href":"https:\/\/turkiyemhaber.com\/index.php?rest_route=%2Fwp%2Fv2%2Fmedia&parent=4683"}],"wp:term":[{"taxonomy":"category","embeddable":true,"href":"https:\/\/turkiyemhaber.com\/index.php?rest_route=%2Fwp%2Fv2%2Fcategories&post=4683"},{"taxonomy":"post_tag","embeddable":true,"href":"https:\/\/turkiyemhaber.com\/index.php?rest_route=%2Fwp%2Fv2%2Ftags&post=4683"}],"curies":[{"name":"wp","href":"https:\/\/api.w.org\/{rel}","templated":true}]}}