{"id":4680,"date":"2026-08-04T23:43:54","date_gmt":"2026-08-04T23:43:54","guid":{"rendered":"https:\/\/turkiyemhaber.com\/?p=4680"},"modified":"2026-08-04T23:44:00","modified_gmt":"2026-08-04T23:44:00","slug":"kocaelinde-uyusturucu-operasyonlari-151-operasyonda-161-supheliye-islem","status":"publish","type":"post","link":"https:\/\/turkiyemhaber.com\/?p=4680","title":{"rendered":"Kocaeli&#8217;nde Uyu\u015fturucu Operasyonlar\u0131: 151 Operasyonda 161 \u015e\u00fcpheliye \u0130\u015flem"},"content":{"rendered":"\n<p class=\"wp-block-paragraph\"><strong>Kocaeli&#8217;nde polis ve jandarma ekiplerinin son bir haftada d\u00fczenledi\u011fi uyu\u015fturucu operasyonlar\u0131nda 161 \u015f\u00fcpheli hakk\u0131nda adli i\u015flem ba\u015flat\u0131ld\u0131. Operasyonlarda yakla\u015f\u0131k 2 kilogram uyu\u015fturucu madde ile 121 k\u00f6k kenevir ele ge\u00e7irilirken, 9 \u015f\u00fcpheli tutukland\u0131.<\/strong><\/p>\n\n\n\n<p class=\"wp-block-paragraph\">Kocaeli genelinde uyu\u015fturucu ile m\u00fccadele kapsam\u0131nda g\u00fcvenlik g\u00fc\u00e7lerinin y\u00fcr\u00fctt\u00fc\u011f\u00fc operasyonlar aral\u0131ks\u0131z devam ediyor.<\/p>\n\n\n\n<h2 class=\"wp-block-heading\">Polis Ekiplerinden 143 Operasyon<\/h2>\n\n\n\n<p class=\"wp-block-paragraph\">\u0130l Emniyet M\u00fcd\u00fcrl\u00fc\u011f\u00fc Narkotik Su\u00e7larla M\u00fccadele \u015eube M\u00fcd\u00fcrl\u00fc\u011f\u00fc ekipleri, <strong>27 Temmuz &#8211; 3 A\u011fustos 2026<\/strong> tarihleri aras\u0131nda d\u00fczenledikleri <strong>143 operasyonda<\/strong> 150 \u015f\u00fcpheli hakk\u0131nda adli i\u015flem ba\u015flatt\u0131.<\/p>\n\n\n\n<p class=\"wp-block-paragraph\">\u015e\u00fcphelilerden;<\/p>\n\n\n\n<ul class=\"wp-block-list\">\n<li><strong>140&#8217;\u0131<\/strong> ifadelerinin ard\u0131ndan serbest b\u0131rak\u0131ld\u0131,<\/li>\n\n\n\n<li><strong>3&#8217;\u00fc<\/strong> adli kontrol \u015fart\u0131yla serbest kald\u0131,<\/li>\n\n\n\n<li><strong>7 \u015f\u00fcpheli<\/strong> ise tutuklanarak cezaevine g\u00f6nderildi.<\/li>\n<\/ul>\n\n\n\n<p class=\"wp-block-paragraph\">Operasyonlarda;<\/p>\n\n\n\n<ul class=\"wp-block-list\">\n<li>286 gram sentetik kannabinoid (bonzai),<\/li>\n\n\n\n<li>6 gram skunk,<\/li>\n\n\n\n<li>425 gram esrar,<\/li>\n\n\n\n<li>37 gram metamfetamin,<\/li>\n\n\n\n<li>94 gram sentetik kannabinoid hammaddesi,<\/li>\n\n\n\n<li>480 gram amfetamin,<\/li>\n\n\n\n<li>9 gram kokain,<\/li>\n\n\n\n<li>164 adet sentetik ecza,<\/li>\n\n\n\n<li>8 adet ecstasy hap<\/li>\n<\/ul>\n\n\n\n<p class=\"wp-block-paragraph\">ele ge\u00e7irildi.<\/p>\n\n\n\n<h2 class=\"wp-block-heading\">Jandarmadan 8 Operasyon<\/h2>\n\n\n\n<p class=\"wp-block-paragraph\">\u0130l Jandarma Komutanl\u0131\u011f\u0131 Narkotik Su\u00e7larla M\u00fccadele ekipleri de <strong>27 Temmuz &#8211; 2 A\u011fustos<\/strong> tarihleri aras\u0131nda ger\u00e7ekle\u015ftirdikleri <strong>8 operasyonda<\/strong> 11 \u015f\u00fcpheli hakk\u0131nda adli i\u015flem yapt\u0131.<\/p>\n\n\n\n<p class=\"wp-block-paragraph\">\u015e\u00fcphelilerden;<\/p>\n\n\n\n<ul class=\"wp-block-list\">\n<li><strong>2&#8217;si tutukland\u0131,<\/strong><\/li>\n\n\n\n<li><strong>3&#8217;\u00fc adli kontrol \u015fart\u0131yla serbest b\u0131rak\u0131ld\u0131,<\/strong><\/li>\n\n\n\n<li><strong>6 \u015f\u00fcpheli<\/strong> ise serbest kald\u0131.<\/li>\n<\/ul>\n\n\n\n<p class=\"wp-block-paragraph\">Jandarma ekiplerinin operasyonlar\u0131nda ise;<\/p>\n\n\n\n<ul class=\"wp-block-list\">\n<li>5 gram sentetik kannabinoid (bonzai),<\/li>\n\n\n\n<li>735 gram esrar,<\/li>\n\n\n\n<li>2 gram skunk,<\/li>\n\n\n\n<li>6 uyu\u015fturucu hap,<\/li>\n\n\n\n<li><strong>121 k\u00f6k kenevir bitkisi<\/strong><\/li>\n<\/ul>\n\n\n\n<p class=\"wp-block-paragraph\">ele ge\u00e7irildi.<\/p>\n\n\n\n<h2 class=\"wp-block-heading\">Uyu\u015fturucuyla M\u00fccadele S\u00fcr\u00fcyor<\/h2>\n\n\n\n<p class=\"wp-block-paragraph\">Kocaeli Emniyet M\u00fcd\u00fcrl\u00fc\u011f\u00fc ile \u0130l Jandarma Komutanl\u0131\u011f\u0131 ekipleri, uyu\u015fturucu madde ticareti ve kullan\u0131m\u0131n\u0131n \u00f6nlenmesine y\u00f6nelik operasyonlar\u0131n kararl\u0131l\u0131kla s\u00fcrd\u00fcr\u00fclece\u011fini belirtti. G\u00fcvenlik g\u00fc\u00e7leri, vatanda\u015flar\u0131n huzur ve g\u00fcvenli\u011fi i\u00e7in denetim ve operasyonlar\u0131n aral\u0131ks\u0131z devam edece\u011fini vurgulad\u0131.<\/p>\n","protected":false},"excerpt":{"rendered":"<p>Kocaeli&#8217;nde polis ve jandarma ekiplerinin son bir haftada d\u00fczenledi\u011fi uyu\u015fturucu operasyonlar\u0131nda 161 \u015f\u00fcpheli hakk\u0131nda adli<\/p>\n","protected":false},"author":1,"featured_media":4681,"comment_status":"open","ping_status":"open","sticky":false,"template":"","format":"standard","meta":{"_rtcl_gb_attr":"","footnotes":""},"categories":[1],"tags":[],"class_list":["post-4680","post","type-post","status-publish","format-standard","has-post-thumbnail","hentry","category-http-turkiyemhaber-com-wp-content-uploads-2026-03-saray-59-haber-13-mart-pdf"],"_links":{"self":[{"href":"https:\/\/turkiyemhaber.com\/index.php?rest_route=\/wp\/v2\/posts\/4680","targetHints":{"allow":["GET"]}}],"collection":[{"href":"https:\/\/turkiyemhaber.com\/index.php?rest_route=\/wp\/v2\/posts"}],"about":[{"href":"https:\/\/turkiyemhaber.com\/index.php?rest_route=\/wp\/v2\/types\/post"}],"author":[{"embeddable":true,"href":"https:\/\/turkiyemhaber.com\/index.php?rest_route=\/wp\/v2\/users\/1"}],"replies":[{"embeddable":true,"href":"https:\/\/turkiyemhaber.com\/index.php?rest_route=%2Fwp%2Fv2%2Fcomments&post=4680"}],"version-history":[{"count":1,"href":"https:\/\/turkiyemhaber.com\/index.php?rest_route=\/wp\/v2\/posts\/4680\/revisions"}],"predecessor-version":[{"id":4682,"href":"https:\/\/turkiyemhaber.com\/index.php?rest_route=\/wp\/v2\/posts\/4680\/revisions\/4682"}],"wp:featuredmedia":[{"embeddable":true,"href":"https:\/\/turkiyemhaber.com\/index.php?rest_route=\/wp\/v2\/media\/4681"}],"wp:attachment":[{"href":"https:\/\/turkiyemhaber.com\/index.php?rest_route=%2Fwp%2Fv2%2Fmedia&parent=4680"}],"wp:term":[{"taxonomy":"category","embeddable":true,"href":"https:\/\/turkiyemhaber.com\/index.php?rest_route=%2Fwp%2Fv2%2Fcategories&post=4680"},{"taxonomy":"post_tag","embeddable":true,"href":"https:\/\/turkiyemhaber.com\/index.php?rest_route=%2Fwp%2Fv2%2Ftags&post=4680"}],"curies":[{"name":"wp","href":"https:\/\/api.w.org\/{rel}","templated":true}]}}