{"id":4676,"date":"2026-08-04T23:39:45","date_gmt":"2026-08-04T23:39:45","guid":{"rendered":"https:\/\/turkiyemhaber.com\/?p=4676"},"modified":"2026-08-04T23:39:50","modified_gmt":"2026-08-04T23:39:50","slug":"kirklareli-il-encumeni-toplantisi-gerceklestirildi","status":"publish","type":"post","link":"https:\/\/turkiyemhaber.com\/?p=4676","title":{"rendered":"K\u0131rklareli \u0130l Enc\u00fcmeni Toplant\u0131s\u0131 Ger\u00e7ekle\u015ftirildi"},"content":{"rendered":"\n<p class=\"wp-block-paragraph\"><strong>K\u0131rklareli \u0130l Enc\u00fcmeni, Vali U\u011fur Turan ba\u015fkanl\u0131\u011f\u0131nda toplanarak g\u00fcndemdeki konular\u0131 de\u011ferlendirdi. Toplant\u0131da, kentin geli\u015fimine katk\u0131 sa\u011flayacak \u00e7al\u0131\u015fmalar ile devam eden yat\u0131r\u0131m ve hizmetler ele al\u0131nd\u0131.<\/strong><\/p>\n\n\n\n<p class=\"wp-block-paragraph\">K\u0131rklareli Valili\u011fi Atat\u00fcrk Toplant\u0131 Salonu&#8217;nda d\u00fczenlenen \u0130l Enc\u00fcmeni Toplant\u0131s\u0131&#8217;na Vali <strong>U\u011fur Turan<\/strong> ba\u015fkanl\u0131k etti.<\/p>\n\n\n\n<p class=\"wp-block-paragraph\">Toplant\u0131da, K\u0131rklareli&#8217;nin kalk\u0131nmas\u0131na y\u00f6nelik projeler, kamu yat\u0131r\u0131mlar\u0131 ve devam eden hizmetler g\u00f6r\u00fc\u015f\u00fclerek g\u00fcndem maddeleri karara ba\u011fland\u0131.<\/p>\n\n\n\n<p class=\"wp-block-paragraph\">Vali U\u011fur Turan, toplant\u0131n\u0131n sonunda al\u0131nan kararlar\u0131n K\u0131rklareli i\u00e7in hay\u0131rl\u0131 olmas\u0131n\u0131 temenni ederek, enc\u00fcmen \u00fcyelerine y\u00fcr\u00fctt\u00fckleri \u00e7al\u0131\u015fmalardan dolay\u0131 te\u015fekk\u00fcr etti ve g\u00f6revlerinde ba\u015far\u0131lar diledi.<\/p>\n\n\n\n<p class=\"wp-block-paragraph\">\u0130l Enc\u00fcmeni toplant\u0131s\u0131nda al\u0131nan kararlar\u0131n, kentte y\u00fcr\u00fct\u00fclen yat\u0131r\u0131m ve hizmetlerin daha etkin \u015fekilde s\u00fcrd\u00fcr\u00fclmesine katk\u0131 sa\u011flamas\u0131 hedefleniyor.<\/p>\n","protected":false},"excerpt":{"rendered":"<p>K\u0131rklareli \u0130l Enc\u00fcmeni, Vali U\u011fur Turan ba\u015fkanl\u0131\u011f\u0131nda toplanarak g\u00fcndemdeki konular\u0131 de\u011ferlendirdi. Toplant\u0131da, kentin geli\u015fimine katk\u0131<\/p>\n","protected":false},"author":1,"featured_media":4677,"comment_status":"open","ping_status":"open","sticky":false,"template":"","format":"standard","meta":{"_rtcl_gb_attr":"","footnotes":""},"categories":[74],"tags":[],"class_list":["post-4676","post","type-post","status-publish","format-standard","has-post-thumbnail","hentry","category-yerel-haberler"],"_links":{"self":[{"href":"https:\/\/turkiyemhaber.com\/index.php?rest_route=\/wp\/v2\/posts\/4676","targetHints":{"allow":["GET"]}}],"collection":[{"href":"https:\/\/turkiyemhaber.com\/index.php?rest_route=\/wp\/v2\/posts"}],"about":[{"href":"https:\/\/turkiyemhaber.com\/index.php?rest_route=\/wp\/v2\/types\/post"}],"author":[{"embeddable":true,"href":"https:\/\/turkiyemhaber.com\/index.php?rest_route=\/wp\/v2\/users\/1"}],"replies":[{"embeddable":true,"href":"https:\/\/turkiyemhaber.com\/index.php?rest_route=%2Fwp%2Fv2%2Fcomments&post=4676"}],"version-history":[{"count":1,"href":"https:\/\/turkiyemhaber.com\/index.php?rest_route=\/wp\/v2\/posts\/4676\/revisions"}],"predecessor-version":[{"id":4678,"href":"https:\/\/turkiyemhaber.com\/index.php?rest_route=\/wp\/v2\/posts\/4676\/revisions\/4678"}],"wp:featuredmedia":[{"embeddable":true,"href":"https:\/\/turkiyemhaber.com\/index.php?rest_route=\/wp\/v2\/media\/4677"}],"wp:attachment":[{"href":"https:\/\/turkiyemhaber.com\/index.php?rest_route=%2Fwp%2Fv2%2Fmedia&parent=4676"}],"wp:term":[{"taxonomy":"category","embeddable":true,"href":"https:\/\/turkiyemhaber.com\/index.php?rest_route=%2Fwp%2Fv2%2Fcategories&post=4676"},{"taxonomy":"post_tag","embeddable":true,"href":"https:\/\/turkiyemhaber.com\/index.php?rest_route=%2Fwp%2Fv2%2Ftags&post=4676"}],"curies":[{"name":"wp","href":"https:\/\/api.w.org\/{rel}","templated":true}]}}