{"id":4659,"date":"2026-08-04T13:13:48","date_gmt":"2026-08-04T13:13:48","guid":{"rendered":"https:\/\/turkiyemhaber.com\/?p=4659"},"modified":"2026-08-04T13:13:55","modified_gmt":"2026-08-04T13:13:55","slug":"sarayburnu-aciklarinda-gemiden-yukselen-duman-kisa-sureli-panige-neden-oldu","status":"publish","type":"post","link":"https:\/\/turkiyemhaber.com\/?p=4659","title":{"rendered":"Sarayburnu A\u00e7\u0131klar\u0131nda Gemiden Y\u00fckselen Duman K\u0131sa S\u00fcreli Pani\u011fe Neden Oldu"},"content":{"rendered":"\n<p class=\"wp-block-paragraph\"><strong>\u0130STANBUL<\/strong> \u2013 \u0130stanbul Sarayburnu a\u00e7\u0131klar\u0131nda seyir halindeki bir geminin bacas\u0131ndan y\u00fckselen duman, \u00e7evrede k\u0131sa s\u00fcreli pani\u011fe neden oldu. \u0130hbar \u00fczerine b\u00f6lgeye K\u0131y\u0131 Emniyeti Genel M\u00fcd\u00fcrl\u00fc\u011f\u00fc ekipleri sevk edilirken, duman\u0131n k\u0131sa s\u00fcrede da\u011f\u0131lmas\u0131yla gemi yoluna g\u00fcvenli \u015fekilde devam etti.<\/p>\n\n\n\n<p class=\"wp-block-paragraph\">Olay, Sarayburnu a\u00e7\u0131klar\u0131nda meydana geldi. Seyir halindeki bir geminin bacas\u0131ndan yo\u011fun duman y\u00fckseldi\u011fini g\u00f6ren vatanda\u015flar\u0131n ihbar\u0131 \u00fczerine K\u0131y\u0131 Emniyeti Genel M\u00fcd\u00fcrl\u00fc\u011f\u00fc ekipleri harekete ge\u00e7ti.<\/p>\n\n\n\n<p class=\"wp-block-paragraph\">Muhtemel bir yang\u0131na kar\u015f\u0131 \u00f6nlem amac\u0131yla b\u00f6lgeye K\u0131y\u0131 Emniyeti&#8217;ne ba\u011fl\u0131 r\u00f6mork\u00f6rler y\u00f6nlendirildi. Ancak ekiplerin olay yerine ula\u015fmas\u0131 s\u0131ras\u0131nda geminin bacas\u0131ndan y\u00fckselen duman\u0131n k\u0131sa s\u00fcre i\u00e7erisinde kayboldu\u011fu g\u00f6r\u00fcld\u00fc.<\/p>\n\n\n\n<p class=\"wp-block-paragraph\">Yap\u0131lan kontrollerde herhangi bir yang\u0131n ya da olumsuzluk tespit edilmezken, gemi \u0130stanbul Bo\u011faz\u0131&#8217;ndaki seyrini g\u00fcvenli \u015fekilde s\u00fcrd\u00fcrd\u00fc.<\/p>\n\n\n\n<p class=\"wp-block-paragraph\">Olayda can kayb\u0131 veya yaralanma ya\u015fanmazken, ekipler olas\u0131 risklere kar\u015f\u0131 b\u00f6lgede bir s\u00fcre takip ve g\u00f6zlem \u00e7al\u0131\u015fmas\u0131 ger\u00e7ekle\u015ftirdi.<\/p>\n","protected":false},"excerpt":{"rendered":"<p>\u0130STANBUL \u2013 \u0130stanbul Sarayburnu a\u00e7\u0131klar\u0131nda seyir halindeki bir geminin bacas\u0131ndan y\u00fckselen duman, \u00e7evrede k\u0131sa s\u00fcreli<\/p>\n","protected":false},"author":1,"featured_media":4660,"comment_status":"open","ping_status":"open","sticky":false,"template":"","format":"standard","meta":{"_rtcl_gb_attr":"","footnotes":""},"categories":[1],"tags":[],"class_list":["post-4659","post","type-post","status-publish","format-standard","has-post-thumbnail","hentry","category-http-turkiyemhaber-com-wp-content-uploads-2026-03-saray-59-haber-13-mart-pdf"],"_links":{"self":[{"href":"https:\/\/turkiyemhaber.com\/index.php?rest_route=\/wp\/v2\/posts\/4659","targetHints":{"allow":["GET"]}}],"collection":[{"href":"https:\/\/turkiyemhaber.com\/index.php?rest_route=\/wp\/v2\/posts"}],"about":[{"href":"https:\/\/turkiyemhaber.com\/index.php?rest_route=\/wp\/v2\/types\/post"}],"author":[{"embeddable":true,"href":"https:\/\/turkiyemhaber.com\/index.php?rest_route=\/wp\/v2\/users\/1"}],"replies":[{"embeddable":true,"href":"https:\/\/turkiyemhaber.com\/index.php?rest_route=%2Fwp%2Fv2%2Fcomments&post=4659"}],"version-history":[{"count":1,"href":"https:\/\/turkiyemhaber.com\/index.php?rest_route=\/wp\/v2\/posts\/4659\/revisions"}],"predecessor-version":[{"id":4661,"href":"https:\/\/turkiyemhaber.com\/index.php?rest_route=\/wp\/v2\/posts\/4659\/revisions\/4661"}],"wp:featuredmedia":[{"embeddable":true,"href":"https:\/\/turkiyemhaber.com\/index.php?rest_route=\/wp\/v2\/media\/4660"}],"wp:attachment":[{"href":"https:\/\/turkiyemhaber.com\/index.php?rest_route=%2Fwp%2Fv2%2Fmedia&parent=4659"}],"wp:term":[{"taxonomy":"category","embeddable":true,"href":"https:\/\/turkiyemhaber.com\/index.php?rest_route=%2Fwp%2Fv2%2Fcategories&post=4659"},{"taxonomy":"post_tag","embeddable":true,"href":"https:\/\/turkiyemhaber.com\/index.php?rest_route=%2Fwp%2Fv2%2Ftags&post=4659"}],"curies":[{"name":"wp","href":"https:\/\/api.w.org\/{rel}","templated":true}]}}