{"id":4656,"date":"2026-08-04T13:10:36","date_gmt":"2026-08-04T13:10:36","guid":{"rendered":"https:\/\/turkiyemhaber.com\/?p=4656"},"modified":"2026-08-04T13:10:41","modified_gmt":"2026-08-04T13:10:41","slug":"dunya-kulturleri-bakirkoyde-bulustu","status":"publish","type":"post","link":"https:\/\/turkiyemhaber.com\/?p=4656","title":{"rendered":"D\u00fcnya K\u00fclt\u00fcrleri Bak\u0131rk\u00f6y&#8217;de Bulu\u015ftu"},"content":{"rendered":"\n<p class=\"wp-block-paragraph\"><strong>\u0130STANBUL<\/strong> \u2013 27&#8217;nci Uluslararas\u0131 \u0130stanbul B\u00fcy\u00fck\u00e7ekmece K\u00fclt\u00fcr ve Sanat Festivali kapsam\u0131nda Bak\u0131rk\u00f6y&#8217;de sahne alan \u0130spanya, Meksika, S\u0131rbistan ve Slovakya&#8217;dan gelen halk danslar\u0131 ekipleri, Cumhuriyet Meydan\u0131&#8217;nda sergiledikleri g\u00f6sterilerle izleyicilere unutulmaz bir k\u00fclt\u00fcr \u015f\u00f6leni ya\u015fatt\u0131.<\/p>\n\n\n\n<p class=\"wp-block-paragraph\">B\u00fcy\u00fck\u00e7ekmece Belediyesi ile \u0130stanbul B\u00fcy\u00fck\u015fehir Belediyesi i\u015f birli\u011finde d\u00fczenlenen festival kapsam\u0131nda Bak\u0131rk\u00f6y&#8217;e gelen dans gruplar\u0131, Bak\u0131rk\u00f6y Belediyesi&#8217;nin ev sahipli\u011finde Cumhuriyet Meydan\u0131&#8217;nda vatanda\u015flarla bulu\u015ftu.<\/p>\n\n\n\n<p class=\"wp-block-paragraph\">Farkl\u0131 \u00fclkelerin geleneksel danslar\u0131n\u0131 \u00f6zg\u00fcn kost\u00fcmleri ve m\u00fczikleri e\u015fli\u011finde sahneleyen ekipler, renkli performanslar\u0131yla b\u00fcy\u00fck be\u011feni toplad\u0131. Meydan\u0131 dolduran vatanda\u015flar g\u00f6sterileri ilgiyle takip ederken, etkinlik festival co\u015fkusunu Bak\u0131rk\u00f6y&#8217;e ta\u015f\u0131d\u0131.<\/p>\n\n\n\n<p class=\"wp-block-paragraph\">Programda dans\u00e7\u0131lar\u0131 kar\u015f\u0131layan Bak\u0131rk\u00f6y Belediye Ba\u015fkan\u0131 <strong>Ay\u015feg\u00fcl Oval\u0131o\u011flu<\/strong> da g\u00f6sterileri izleyerek ekiplerle bir araya geldi.<\/p>\n\n\n\n<h2 class=\"wp-block-heading\"><strong>\u0130spanya Ekibine D\u00fcnya Kupas\u0131 S\u00fcrprizi<\/strong><\/h2>\n\n\n\n<p class=\"wp-block-paragraph\">Festival kapsam\u0131nda Bak\u0131rk\u00f6y&#8217;e gelen \u0130spanya ekibi i\u00e7in Cumhuriyet Meydan\u0131&#8217;nda \u00f6zel bir kar\u015f\u0131lama mesaj\u0131 haz\u0131rland\u0131.<\/p>\n\n\n\n<p class=\"wp-block-paragraph\">\u0130spanyolca olarak haz\u0131rlanan mesajda, <strong>&#8220;Ho\u015f geldiniz! D\u00fcnya Kupas\u0131&#8217;n\u0131 kazanan \u0130spanya Milli Tak\u0131m\u0131&#8217;n\u0131 tebrik ederiz!&#8221;<\/strong> ifadelerine yer verildi.<\/p>\n\n\n\n<p class=\"wp-block-paragraph\">Kendileri i\u00e7in haz\u0131rlanan s\u00fcrpriz mesaj\u0131 g\u00f6ren \u0130spanyol dans\u00e7\u0131lar duygu dolu anlar ya\u015farken, etkinlik boyunca vatanda\u015flarla bol bol hat\u0131ra foto\u011fraf\u0131 \u00e7ektirdi.<\/p>\n\n\n\n<p class=\"wp-block-paragraph\">Uluslararas\u0131 \u0130stanbul B\u00fcy\u00fck\u00e7ekmece K\u00fclt\u00fcr ve Sanat Festivali kapsam\u0131nda d\u00fczenlenen etkinlikler, farkl\u0131 \u00fclkelerin k\u00fclt\u00fcrlerini sanat ve dans arac\u0131l\u0131\u011f\u0131yla bir araya getirmeye devam ediyor.<\/p>\n","protected":false},"excerpt":{"rendered":"<p>\u0130STANBUL \u2013 27&#8217;nci Uluslararas\u0131 \u0130stanbul B\u00fcy\u00fck\u00e7ekmece K\u00fclt\u00fcr ve Sanat Festivali kapsam\u0131nda Bak\u0131rk\u00f6y&#8217;de sahne alan \u0130spanya,<\/p>\n","protected":false},"author":1,"featured_media":4657,"comment_status":"open","ping_status":"open","sticky":false,"template":"","format":"standard","meta":{"_rtcl_gb_attr":"","footnotes":""},"categories":[1],"tags":[],"class_list":["post-4656","post","type-post","status-publish","format-standard","has-post-thumbnail","hentry","category-http-turkiyemhaber-com-wp-content-uploads-2026-03-saray-59-haber-13-mart-pdf"],"_links":{"self":[{"href":"https:\/\/turkiyemhaber.com\/index.php?rest_route=\/wp\/v2\/posts\/4656","targetHints":{"allow":["GET"]}}],"collection":[{"href":"https:\/\/turkiyemhaber.com\/index.php?rest_route=\/wp\/v2\/posts"}],"about":[{"href":"https:\/\/turkiyemhaber.com\/index.php?rest_route=\/wp\/v2\/types\/post"}],"author":[{"embeddable":true,"href":"https:\/\/turkiyemhaber.com\/index.php?rest_route=\/wp\/v2\/users\/1"}],"replies":[{"embeddable":true,"href":"https:\/\/turkiyemhaber.com\/index.php?rest_route=%2Fwp%2Fv2%2Fcomments&post=4656"}],"version-history":[{"count":1,"href":"https:\/\/turkiyemhaber.com\/index.php?rest_route=\/wp\/v2\/posts\/4656\/revisions"}],"predecessor-version":[{"id":4658,"href":"https:\/\/turkiyemhaber.com\/index.php?rest_route=\/wp\/v2\/posts\/4656\/revisions\/4658"}],"wp:featuredmedia":[{"embeddable":true,"href":"https:\/\/turkiyemhaber.com\/index.php?rest_route=\/wp\/v2\/media\/4657"}],"wp:attachment":[{"href":"https:\/\/turkiyemhaber.com\/index.php?rest_route=%2Fwp%2Fv2%2Fmedia&parent=4656"}],"wp:term":[{"taxonomy":"category","embeddable":true,"href":"https:\/\/turkiyemhaber.com\/index.php?rest_route=%2Fwp%2Fv2%2Fcategories&post=4656"},{"taxonomy":"post_tag","embeddable":true,"href":"https:\/\/turkiyemhaber.com\/index.php?rest_route=%2Fwp%2Fv2%2Ftags&post=4656"}],"curies":[{"name":"wp","href":"https:\/\/api.w.org\/{rel}","templated":true}]}}