{"id":4653,"date":"2026-08-04T12:22:16","date_gmt":"2026-08-04T12:22:16","guid":{"rendered":"https:\/\/turkiyemhaber.com\/?p=4653"},"modified":"2026-08-04T12:22:21","modified_gmt":"2026-08-04T12:22:21","slug":"umit-ozdag-corlu-cezaevinde-oguzhan-ugur-ve-sinem-dedetasi-ziyaret-etti","status":"publish","type":"post","link":"https:\/\/turkiyemhaber.com\/?p=4653","title":{"rendered":"\u00dcmit \u00d6zda\u011f, \u00c7orlu Cezaevi&#8217;nde O\u011fuzhan U\u011fur ve Sinem Dedeta\u015f&#8217;\u0131 Ziyaret Etti"},"content":{"rendered":"\n<p class=\"wp-block-paragraph\"><strong>TEK\u0130RDA\u011e<\/strong> \u2013 Zafer Partisi Genel Ba\u015fkan\u0131 \u00dcmit \u00d6zda\u011f, Tekirda\u011f&#8217;\u0131n \u00c7orlu il\u00e7esinde bulunan Karatepe Ceza \u0130nfaz Kurumu&#8217;nda tutuklu bulunan Babala TV kurucusu O\u011fuzhan U\u011fur ile g\u00f6revden uzakla\u015ft\u0131r\u0131lan \u00dcsk\u00fcdar Belediye Ba\u015fkan\u0131 Sinem Dedeta\u015f&#8217;\u0131 ziyaret etti.<\/p>\n\n\n\n<p class=\"wp-block-paragraph\">Sabah saatlerinde cezaevine gelen \u00d6zda\u011f, Ahbap Derne\u011fi soru\u015fturmas\u0131 kapsam\u0131nda tutuklanan O\u011fuzhan U\u011fur ile \u00dcsk\u00fcdar Belediyesi&#8217;ne y\u00f6nelik operasyon kapsam\u0131nda tutuklanarak belediye ba\u015fkanl\u0131\u011f\u0131 g\u00f6revinden uzakla\u015ft\u0131r\u0131lan Sinem Dedeta\u015f ile g\u00f6r\u00fc\u015ft\u00fc.<\/p>\n\n\n\n<p class=\"wp-block-paragraph\">Saat 10.30&#8217;da ba\u015flayan ziyaret yakla\u015f\u0131k 1,5 saat s\u00fcrd\u00fc. \u00dcmit \u00d6zda\u011f, saat 12.00 s\u0131ralar\u0131nda cezaevinden ayr\u0131ld\u0131.<\/p>\n\n\n\n<h2 class=\"wp-block-heading\"><strong>&#8220;Morallerinin Y\u00fcksek Oldu\u011funu G\u00f6rd\u00fcm&#8221;<\/strong><\/h2>\n\n\n\n<p class=\"wp-block-paragraph\">Cezaevi \u00e7\u0131k\u0131\u015f\u0131nda a\u00e7\u0131klamalarda bulunan Zafer Partisi Genel Ba\u015fkan\u0131 \u00dcmit \u00d6zda\u011f, hem Sinem Dedeta\u015f hem de O\u011fuzhan U\u011fur ile g\u00f6r\u00fc\u015ft\u00fc\u011f\u00fcn\u00fc belirterek, ikisinin de moralinin y\u00fcksek oldu\u011funu s\u00f6yledi.<\/p>\n\n\n\n<p class=\"wp-block-paragraph\">\u00d6zda\u011f, ziyaretin ard\u0131ndan yapt\u0131\u011f\u0131 k\u0131sa de\u011ferlendirmede, tutuklular\u0131n sa\u011fl\u0131k durumlar\u0131n\u0131n iyi oldu\u011funu ve morallerini y\u00fcksek g\u00f6rd\u00fc\u011f\u00fcn\u00fc ifade etti.<\/p>\n","protected":false},"excerpt":{"rendered":"<p>TEK\u0130RDA\u011e \u2013 Zafer Partisi Genel Ba\u015fkan\u0131 \u00dcmit \u00d6zda\u011f, Tekirda\u011f&#8217;\u0131n \u00c7orlu il\u00e7esinde bulunan Karatepe Ceza \u0130nfaz<\/p>\n","protected":false},"author":1,"featured_media":4654,"comment_status":"open","ping_status":"open","sticky":false,"template":"","format":"standard","meta":{"_rtcl_gb_attr":"","footnotes":""},"categories":[44],"tags":[],"class_list":["post-4653","post","type-post","status-publish","format-standard","has-post-thumbnail","hentry","category-politika"],"_links":{"self":[{"href":"https:\/\/turkiyemhaber.com\/index.php?rest_route=\/wp\/v2\/posts\/4653","targetHints":{"allow":["GET"]}}],"collection":[{"href":"https:\/\/turkiyemhaber.com\/index.php?rest_route=\/wp\/v2\/posts"}],"about":[{"href":"https:\/\/turkiyemhaber.com\/index.php?rest_route=\/wp\/v2\/types\/post"}],"author":[{"embeddable":true,"href":"https:\/\/turkiyemhaber.com\/index.php?rest_route=\/wp\/v2\/users\/1"}],"replies":[{"embeddable":true,"href":"https:\/\/turkiyemhaber.com\/index.php?rest_route=%2Fwp%2Fv2%2Fcomments&post=4653"}],"version-history":[{"count":1,"href":"https:\/\/turkiyemhaber.com\/index.php?rest_route=\/wp\/v2\/posts\/4653\/revisions"}],"predecessor-version":[{"id":4655,"href":"https:\/\/turkiyemhaber.com\/index.php?rest_route=\/wp\/v2\/posts\/4653\/revisions\/4655"}],"wp:featuredmedia":[{"embeddable":true,"href":"https:\/\/turkiyemhaber.com\/index.php?rest_route=\/wp\/v2\/media\/4654"}],"wp:attachment":[{"href":"https:\/\/turkiyemhaber.com\/index.php?rest_route=%2Fwp%2Fv2%2Fmedia&parent=4653"}],"wp:term":[{"taxonomy":"category","embeddable":true,"href":"https:\/\/turkiyemhaber.com\/index.php?rest_route=%2Fwp%2Fv2%2Fcategories&post=4653"},{"taxonomy":"post_tag","embeddable":true,"href":"https:\/\/turkiyemhaber.com\/index.php?rest_route=%2Fwp%2Fv2%2Ftags&post=4653"}],"curies":[{"name":"wp","href":"https:\/\/api.w.org\/{rel}","templated":true}]}}