{"id":4649,"date":"2026-08-04T12:11:30","date_gmt":"2026-08-04T12:11:30","guid":{"rendered":"https:\/\/turkiyemhaber.com\/?p=4649"},"modified":"2026-08-04T12:11:35","modified_gmt":"2026-08-04T12:11:35","slug":"bahceli-cerceve-yasa-teklifine-imza-atti-tbmmye-sunuluyor","status":"publish","type":"post","link":"https:\/\/turkiyemhaber.com\/?p=4649","title":{"rendered":"Bah\u00e7eli, \u00c7er\u00e7eve Yasa Teklifine \u0130mza Att\u0131! TBMM&#8217;ye Sunuluyor"},"content":{"rendered":"\n<p class=\"wp-block-paragraph\"><strong>ANKARA<\/strong> \u2013 &#8220;Ter\u00f6rs\u00fcz T\u00fcrkiye&#8221; s\u00fcreci kapsam\u0131nda haz\u0131rlanan ve <strong>12 maddeden olu\u015fan \u00e7er\u00e7eve yasa teklifi<\/strong> tamamland\u0131. <strong>&#8220;Milli Dayan\u0131\u015fma ve Toplumsal B\u00fct\u00fcnle\u015fmenin G\u00fc\u00e7lendirilmesi&#8221;<\/strong> ad\u0131n\u0131 ta\u015f\u0131yan teklif i\u00e7in MHP Genel Ba\u015fkan\u0131 <strong>Devlet Bah\u00e7eli<\/strong> ilk imzay\u0131 att\u0131.<\/p>\n\n\n\n<p class=\"wp-block-paragraph\">AK Parti ve MHP taraf\u0131ndan haz\u0131rlanan teklifin, ortak imzalarla T\u00fcrkiye B\u00fcy\u00fck Millet Meclisi (TBMM) Ba\u015fkanl\u0131\u011f\u0131&#8217;na sunulmas\u0131 bekleniyor.<\/p>\n\n\n\n<h2 class=\"wp-block-heading\"><strong>\u0130lk \u0130mzay\u0131 Bah\u00e7eli Att\u0131<\/strong><\/h2>\n\n\n\n<p class=\"wp-block-paragraph\">MHP grubunda imzaya a\u00e7\u0131lan teklif i\u00e7in ilk imzay\u0131 Genel Ba\u015fkan Devlet Bah\u00e7eli att\u0131. Teklifte Bah\u00e7eli&#8217;nin yan\u0131 s\u0131ra <strong>Feti Y\u0131ld\u0131z, Celal Adan, Erkan Ak\u00e7ay ve Filiz K\u0131l\u0131\u00e7<\/strong> da imza sahibi isimler aras\u0131nda yer ald\u0131.<\/p>\n\n\n\n<p class=\"wp-block-paragraph\">MHP&#8217;den yap\u0131lan a\u00e7\u0131klamada, &#8220;Say\u0131n Genel Ba\u015fkan\u0131m\u0131z Devlet Bah\u00e7eli&#8217;nin Ter\u00f6rs\u00fcz T\u00fcrkiye hedefi do\u011frultusunda haz\u0131rlanan \u00e7er\u00e7eve yasa i\u00e7in milletimizin huzuru, birli\u011fi ve gelece\u011fi ad\u0131na att\u0131\u011f\u0131 tarihi imza.&#8221; ifadeleri kullan\u0131ld\u0131.<\/p>\n\n\n\n<h2 class=\"wp-block-heading\"><strong>TBMM&#8217;ye Ortak \u0130mzayla Sunulacak<\/strong><\/h2>\n\n\n\n<p class=\"wp-block-paragraph\">Yasa teklifinin AK Parti, MHP ve DEM Parti milletvekillerinin ortak imzalar\u0131yla TBMM Ba\u015fkanl\u0131\u011f\u0131&#8217;na sunulmas\u0131 hedefleniyor.<\/p>\n\n\n\n<p class=\"wp-block-paragraph\">Meclis takvimine g\u00f6re teklifin cuma g\u00fcn\u00fc TBMM Adalet Komisyonu&#8217;nda g\u00f6r\u00fc\u015f\u00fclmeye ba\u015flanmas\u0131, ard\u0131ndan hafta sonuna kadar Genel Kurul g\u00fcndemine al\u0131narak yasala\u015ft\u0131r\u0131lmas\u0131 planlan\u0131yor.<\/p>\n\n\n\n<figure class=\"wp-block-image size-full\"><img loading=\"lazy\" decoding=\"async\" width=\"640\" height=\"644\" src=\"https:\/\/turkiyemhaber.com\/wp-content\/uploads\/2026\/08\/devlet-bahceli-cerceve-yasa-te-20116282-3388_1_m.webp\" alt=\"\" class=\"wp-image-4651\" srcset=\"https:\/\/turkiyemhaber.com\/wp-content\/uploads\/2026\/08\/devlet-bahceli-cerceve-yasa-te-20116282-3388_1_m.webp 640w, https:\/\/turkiyemhaber.com\/wp-content\/uploads\/2026\/08\/devlet-bahceli-cerceve-yasa-te-20116282-3388_1_m-298x300.webp 298w, https:\/\/turkiyemhaber.com\/wp-content\/uploads\/2026\/08\/devlet-bahceli-cerceve-yasa-te-20116282-3388_1_m-150x150.webp 150w, https:\/\/turkiyemhaber.com\/wp-content\/uploads\/2026\/08\/devlet-bahceli-cerceve-yasa-te-20116282-3388_1_m-12x12.webp 12w\" sizes=\"auto, (max-width: 640px) 100vw, 640px\" \/><\/figure>\n\n\n\n<h2 class=\"wp-block-heading\"><strong>Teklifin Ad\u0131 Belli Oldu<\/strong><\/h2>\n\n\n\n<p class=\"wp-block-paragraph\">Haz\u0131rlanan 12 maddelik d\u00fczenlemenin ad\u0131 <strong>&#8220;Milli Dayan\u0131\u015fma ve Toplumsal B\u00fct\u00fcnle\u015fmenin G\u00fc\u00e7lendirilmesi&#8221;<\/strong> olarak belirlendi.<\/p>\n\n\n\n<h2 class=\"wp-block-heading\"><strong>Teklifte Neler Yer Al\u0131yor?<\/strong><\/h2>\n\n\n\n<p class=\"wp-block-paragraph\">Yasa teklifinde yer alan d\u00fczenlemelere g\u00f6re;<\/p>\n\n\n\n<ul class=\"wp-block-list\">\n<li>D\u00fczenleme <strong>genel af niteli\u011fi ta\u015f\u0131m\u0131yor.<\/strong><\/li>\n\n\n\n<li>Ter\u00f6r \u00f6rg\u00fct\u00fc lideri <strong>Abdullah \u00d6calan&#8217;a herhangi bir stat\u00fc tan\u0131nmas\u0131n\u0131 \u00f6ng\u00f6ren bir h\u00fck\u00fcm bulunmuyor.<\/strong><\/li>\n\n\n\n<li>D\u00fczenlemeden yararlanmak isteyen PKK mensuplar\u0131n\u0131n <strong>6 ay i\u00e7inde ba\u015fvuruda bulunmas\u0131<\/strong> gerekecek.<\/li>\n\n\n\n<li><strong>2005 y\u0131l\u0131 \u00f6ncesinde i\u015flenen ve a\u011f\u0131rla\u015ft\u0131r\u0131lm\u0131\u015f m\u00fcebbet ile m\u00fcebbet hapis cezas\u0131 gerektiren su\u00e7lar kapsam d\u0131\u015f\u0131nda b\u0131rak\u0131lacak.<\/strong><\/li>\n\n\n\n<li>Di\u011fer su\u00e7larda ise \u00f6nce cezan\u0131n ertelenmesi, ard\u0131ndan belirlenen s\u00fcrelerin sorunsuz tamamlanmas\u0131 halinde cezan\u0131n d\u00fc\u015fmesi \u00f6ng\u00f6r\u00fcl\u00fcyor.<\/li>\n\n\n\n<li>Buna g\u00f6re <strong>15 y\u0131l\u0131n alt\u0131ndaki cezalarda 5 y\u0131l<\/strong>, <strong>15 y\u0131l ve \u00fczerindeki cezalarda ise 10 y\u0131l erteleme<\/strong> uygulanmas\u0131 planlan\u0131yor.<\/li>\n<\/ul>\n\n\n\n<h2 class=\"wp-block-heading\"><strong>S\u00fcreci \u0130ki Kurul Takip Edecek<\/strong><\/h2>\n\n\n\n<p class=\"wp-block-paragraph\">Yasan\u0131n y\u00fcr\u00fcrl\u00fc\u011fe girmesi halinde s\u00fcrecin y\u00f6netimi i\u00e7in iki ayr\u0131 mekanizma olu\u015fturulacak.<\/p>\n\n\n\n<p class=\"wp-block-paragraph\">\u0130lk kurul, <strong>Cumhurba\u015fkan\u0131 Yard\u0131mc\u0131s\u0131 Cevdet Y\u0131lmaz<\/strong> ba\u015fkanl\u0131\u011f\u0131nda ilgili bakanlar\u0131n kat\u0131l\u0131m\u0131yla faaliyet g\u00f6sterecek ve silah b\u0131rakma ile \u00f6rg\u00fct\u00fcn fesih s\u00fcrecini takip edecek.<\/p>\n\n\n\n<p class=\"wp-block-paragraph\">\u0130kinci mekanizma ise TBMM b\u00fcnyesinde olu\u015fturulacak <strong>\u0130zleme ve \u0130rtibat Kurulu<\/strong> olacak. Siyasi parti temsilcilerinden olu\u015facak kurulun, s\u00fcrecin \u015feffaf \u015fekilde y\u00fcr\u00fct\u00fclmesini izlemesi ama\u00e7lan\u0131yor.<\/p>\n","protected":false},"excerpt":{"rendered":"<p>ANKARA \u2013 &#8220;Ter\u00f6rs\u00fcz T\u00fcrkiye&#8221; s\u00fcreci kapsam\u0131nda haz\u0131rlanan ve 12 maddeden olu\u015fan \u00e7er\u00e7eve yasa teklifi tamamland\u0131.<\/p>\n","protected":false},"author":1,"featured_media":4650,"comment_status":"open","ping_status":"open","sticky":false,"template":"","format":"standard","meta":{"_rtcl_gb_attr":"","footnotes":""},"categories":[44],"tags":[],"class_list":["post-4649","post","type-post","status-publish","format-standard","has-post-thumbnail","hentry","category-politika"],"_links":{"self":[{"href":"https:\/\/turkiyemhaber.com\/index.php?rest_route=\/wp\/v2\/posts\/4649","targetHints":{"allow":["GET"]}}],"collection":[{"href":"https:\/\/turkiyemhaber.com\/index.php?rest_route=\/wp\/v2\/posts"}],"about":[{"href":"https:\/\/turkiyemhaber.com\/index.php?rest_route=\/wp\/v2\/types\/post"}],"author":[{"embeddable":true,"href":"https:\/\/turkiyemhaber.com\/index.php?rest_route=\/wp\/v2\/users\/1"}],"replies":[{"embeddable":true,"href":"https:\/\/turkiyemhaber.com\/index.php?rest_route=%2Fwp%2Fv2%2Fcomments&post=4649"}],"version-history":[{"count":1,"href":"https:\/\/turkiyemhaber.com\/index.php?rest_route=\/wp\/v2\/posts\/4649\/revisions"}],"predecessor-version":[{"id":4652,"href":"https:\/\/turkiyemhaber.com\/index.php?rest_route=\/wp\/v2\/posts\/4649\/revisions\/4652"}],"wp:featuredmedia":[{"embeddable":true,"href":"https:\/\/turkiyemhaber.com\/index.php?rest_route=\/wp\/v2\/media\/4650"}],"wp:attachment":[{"href":"https:\/\/turkiyemhaber.com\/index.php?rest_route=%2Fwp%2Fv2%2Fmedia&parent=4649"}],"wp:term":[{"taxonomy":"category","embeddable":true,"href":"https:\/\/turkiyemhaber.com\/index.php?rest_route=%2Fwp%2Fv2%2Fcategories&post=4649"},{"taxonomy":"post_tag","embeddable":true,"href":"https:\/\/turkiyemhaber.com\/index.php?rest_route=%2Fwp%2Fv2%2Ftags&post=4649"}],"curies":[{"name":"wp","href":"https:\/\/api.w.org\/{rel}","templated":true}]}}