{"id":4644,"date":"2026-08-04T11:40:20","date_gmt":"2026-08-04T11:40:20","guid":{"rendered":"https:\/\/turkiyemhaber.com\/?p=4644"},"modified":"2026-08-04T11:40:25","modified_gmt":"2026-08-04T11:40:25","slug":"merve-bolugur-ucretli-abonelik-sistemine-gecti-kazanci-dikkat-cekti","status":"publish","type":"post","link":"https:\/\/turkiyemhaber.com\/?p=4644","title":{"rendered":"Merve Bolu\u011fur \u00dccretli Abonelik Sistemine Ge\u00e7ti! Kazanc\u0131 Dikkat \u00c7ekti"},"content":{"rendered":"\n<p class=\"wp-block-paragraph\">Uzun s\u00fcredir televizyon ekranlar\u0131ndan uzak kalan oyuncu <strong>Merve Bolu\u011fur<\/strong>, sosyal medyada yeni bir gelir modeliyle g\u00fcndeme geldi. Instagram&#8217;\u0131n \u00fccretli abonelik sistemini kullanmaya ba\u015flayan Bolu\u011fur, takip\u00e7ilerine \u00f6zel i\u00e7erikler sunarak k\u0131sa s\u00fcrede dikkat \u00e7eken bir abone say\u0131s\u0131na ula\u015ft\u0131.<\/p>\n\n\n\n<figure class=\"wp-block-image size-full\"><img loading=\"lazy\" decoding=\"async\" width=\"640\" height=\"794\" src=\"https:\/\/turkiyemhaber.com\/wp-content\/uploads\/2026\/08\/merve-bolugur-ucretli-abonelik-20116285-9648_1_m.webp\" alt=\"\" class=\"wp-image-4646\" srcset=\"https:\/\/turkiyemhaber.com\/wp-content\/uploads\/2026\/08\/merve-bolugur-ucretli-abonelik-20116285-9648_1_m.webp 640w, https:\/\/turkiyemhaber.com\/wp-content\/uploads\/2026\/08\/merve-bolugur-ucretli-abonelik-20116285-9648_1_m-242x300.webp 242w, https:\/\/turkiyemhaber.com\/wp-content\/uploads\/2026\/08\/merve-bolugur-ucretli-abonelik-20116285-9648_1_m-10x12.webp 10w\" sizes=\"auto, (max-width: 640px) 100vw, 640px\" \/><\/figure>\n\n\n\n<h2 class=\"wp-block-heading\"><strong>\u00d6zel \u0130\u00e7eriklerini \u00dccretli Hale Getirdi<\/strong><\/h2>\n\n\n\n<p class=\"wp-block-paragraph\">Daha \u00f6nce <strong>Kuzey G\u00fcney<\/strong>, <strong>Acemi Cad\u0131<\/strong>, <strong>K\u00fc\u00e7\u00fck S\u0131rlar<\/strong> ve <strong>\u0130\u00e7imdeki F\u0131rt\u0131na<\/strong> gibi yap\u0131mlarda rol alan Merve Bolu\u011fur, son y\u0131llarda sosyal medya payla\u015f\u0131mlar\u0131yla ad\u0131ndan s\u00f6z ettiriyor.<\/p>\n\n\n\n<p class=\"wp-block-paragraph\">3,8 milyon takip\u00e7isi bulunan oyuncu, Instagram&#8217;da \u00f6zel i\u00e7eriklerini yaln\u0131zca abonelerine sunaca\u011f\u0131 \u00fccretli sistemi aktif hale getirdi. Bolu\u011fur, ayl\u0131k abonelik \u00fccretini <strong>60 TL<\/strong> olarak belirledi.<\/p>\n\n\n\n<figure class=\"wp-block-image size-full\"><img loading=\"lazy\" decoding=\"async\" width=\"640\" height=\"794\" src=\"https:\/\/turkiyemhaber.com\/wp-content\/uploads\/2026\/08\/merve-bolugur-ucretli-abonelik-20116285-4728_1_m.webp\" alt=\"\" class=\"wp-image-4647\" srcset=\"https:\/\/turkiyemhaber.com\/wp-content\/uploads\/2026\/08\/merve-bolugur-ucretli-abonelik-20116285-4728_1_m.webp 640w, https:\/\/turkiyemhaber.com\/wp-content\/uploads\/2026\/08\/merve-bolugur-ucretli-abonelik-20116285-4728_1_m-242x300.webp 242w, https:\/\/turkiyemhaber.com\/wp-content\/uploads\/2026\/08\/merve-bolugur-ucretli-abonelik-20116285-4728_1_m-10x12.webp 10w\" sizes=\"auto, (max-width: 640px) 100vw, 640px\" \/><\/figure>\n\n\n\n<h2 class=\"wp-block-heading\"><strong>K\u0131sa S\u00fcrede 481 Aboneye Ula\u015ft\u0131<\/strong><\/h2>\n\n\n\n<p class=\"wp-block-paragraph\">\u00dccretli abonelik sisteminin devreye al\u0131nmas\u0131n\u0131n ard\u0131ndan Merve Bolu\u011fur&#8217;un kanal\u0131na k\u0131sa s\u00fcrede <strong>481 ki\u015fi<\/strong> abone oldu.<\/p>\n\n\n\n<p class=\"wp-block-paragraph\">Bu rakamla oyuncunun yaln\u0131zca abonelik sisteminden elde etti\u011fi ayl\u0131k gelir yakla\u015f\u0131k <strong>28 bin 860 TL<\/strong> seviyesine ula\u015ft\u0131.<\/p>\n\n\n\n<h2 class=\"wp-block-heading\"><strong>\u00dcnl\u00fc \u0130simler de Tercih Ediyor<\/strong><\/h2>\n\n\n\n<p class=\"wp-block-paragraph\">Instagram&#8217;\u0131n \u00fccretli abonelik \u00f6zelli\u011fi, son d\u00f6nemde bir\u00e7ok \u00fcnl\u00fc isim taraf\u0131ndan da kullan\u0131lmaya ba\u015fland\u0131. Daha \u00f6nce <strong>Ece Erken<\/strong> ve <strong>G\u00fclben Ergen<\/strong> de takip\u00e7ilerine \u00f6zel i\u00e7erikler sunmak amac\u0131yla ayn\u0131 sistemi tercih etmi\u015fti.<\/p>\n\n\n\n<p class=\"wp-block-paragraph\">Sosyal medya platformlar\u0131nda i\u00e7erik \u00fcreticilerine yeni gelir kap\u0131s\u0131 olu\u015fturan \u00fccretli abonelik modeli, \u00fcnl\u00fc isimler aras\u0131nda giderek yayg\u0131nla\u015f\u0131yor.<\/p>\n","protected":false},"excerpt":{"rendered":"<p>Uzun s\u00fcredir televizyon ekranlar\u0131ndan uzak kalan oyuncu Merve Bolu\u011fur, sosyal medyada yeni bir gelir modeliyle<\/p>\n","protected":false},"author":1,"featured_media":4645,"comment_status":"open","ping_status":"open","sticky":false,"template":"","format":"standard","meta":{"_rtcl_gb_attr":"","footnotes":""},"categories":[41],"tags":[],"class_list":["post-4644","post","type-post","status-publish","format-standard","has-post-thumbnail","hentry","category-magazin"],"_links":{"self":[{"href":"https:\/\/turkiyemhaber.com\/index.php?rest_route=\/wp\/v2\/posts\/4644","targetHints":{"allow":["GET"]}}],"collection":[{"href":"https:\/\/turkiyemhaber.com\/index.php?rest_route=\/wp\/v2\/posts"}],"about":[{"href":"https:\/\/turkiyemhaber.com\/index.php?rest_route=\/wp\/v2\/types\/post"}],"author":[{"embeddable":true,"href":"https:\/\/turkiyemhaber.com\/index.php?rest_route=\/wp\/v2\/users\/1"}],"replies":[{"embeddable":true,"href":"https:\/\/turkiyemhaber.com\/index.php?rest_route=%2Fwp%2Fv2%2Fcomments&post=4644"}],"version-history":[{"count":1,"href":"https:\/\/turkiyemhaber.com\/index.php?rest_route=\/wp\/v2\/posts\/4644\/revisions"}],"predecessor-version":[{"id":4648,"href":"https:\/\/turkiyemhaber.com\/index.php?rest_route=\/wp\/v2\/posts\/4644\/revisions\/4648"}],"wp:featuredmedia":[{"embeddable":true,"href":"https:\/\/turkiyemhaber.com\/index.php?rest_route=\/wp\/v2\/media\/4645"}],"wp:attachment":[{"href":"https:\/\/turkiyemhaber.com\/index.php?rest_route=%2Fwp%2Fv2%2Fmedia&parent=4644"}],"wp:term":[{"taxonomy":"category","embeddable":true,"href":"https:\/\/turkiyemhaber.com\/index.php?rest_route=%2Fwp%2Fv2%2Fcategories&post=4644"},{"taxonomy":"post_tag","embeddable":true,"href":"https:\/\/turkiyemhaber.com\/index.php?rest_route=%2Fwp%2Fv2%2Ftags&post=4644"}],"curies":[{"name":"wp","href":"https:\/\/api.w.org\/{rel}","templated":true}]}}