{"id":4631,"date":"2026-08-03T00:48:36","date_gmt":"2026-08-03T00:48:36","guid":{"rendered":"https:\/\/turkiyemhaber.com\/?p=4631"},"modified":"2026-08-03T00:48:41","modified_gmt":"2026-08-03T00:48:41","slug":"dengeler-degisiyor-tekirdag-siyasetinde-kararsizlar-dikkat-cekiyor","status":"publish","type":"post","link":"https:\/\/turkiyemhaber.com\/?p=4631","title":{"rendered":"DENGELER DE\u011e\u0130\u015e\u0130YOR: TEK\u0130RDA\u011e S\u0130YASET\u0130NDE KARARSIZLAR D\u0130KKAT \u00c7EK\u0130YOR"},"content":{"rendered":"\n<p class=\"wp-block-paragraph\"><strong>Tekirda\u011f&#8217;da ger\u00e7ekle\u015ftirilen kamuoyu ara\u015ft\u0131rmas\u0131, kent siyasetinde dikkat \u00e7eken bir tabloyu ortaya koydu.<\/strong> Ara\u015ft\u0131rma sonu\u00e7lar\u0131na g\u00f6re, CHP&#8217;de ya\u015fanan i\u00e7 b\u00f6l\u00fcnme s\u00fcreci ile birlikte karars\u0131z se\u00e7men oran\u0131ndaki art\u0131\u015f, kentte siyasi dengelerin yeniden \u015fekillenmeye ba\u015flad\u0131\u011f\u0131n\u0131 g\u00f6steriyor.<\/p>\n\n\n\n<figure class=\"wp-block-image size-large\"><img loading=\"lazy\" decoding=\"async\" width=\"723\" height=\"1024\" src=\"https:\/\/turkiyemhaber.com\/wp-content\/uploads\/2026\/08\/ChatGPT-Image-2-Agu-2026-18_35_31-723x1024.png\" alt=\"\" class=\"wp-image-4633\" srcset=\"https:\/\/turkiyemhaber.com\/wp-content\/uploads\/2026\/08\/ChatGPT-Image-2-Agu-2026-18_35_31-723x1024.png 723w, https:\/\/turkiyemhaber.com\/wp-content\/uploads\/2026\/08\/ChatGPT-Image-2-Agu-2026-18_35_31-212x300.png 212w, https:\/\/turkiyemhaber.com\/wp-content\/uploads\/2026\/08\/ChatGPT-Image-2-Agu-2026-18_35_31-768x1087.png 768w, https:\/\/turkiyemhaber.com\/wp-content\/uploads\/2026\/08\/ChatGPT-Image-2-Agu-2026-18_35_31-8x12.png 8w, https:\/\/turkiyemhaber.com\/wp-content\/uploads\/2026\/08\/ChatGPT-Image-2-Agu-2026-18_35_31.png 1054w\" sizes=\"auto, (max-width: 723px) 100vw, 723px\" \/><\/figure>\n\n\n\n<p class=\"wp-block-paragraph\">Anket verilerine g\u00f6re, partiler aras\u0131ndaki oy da\u011f\u0131l\u0131m\u0131nda de\u011fi\u015fim sinyalleri g\u00f6r\u00fcl\u00fcrken, se\u00e7im sonu\u00e7lar\u0131n\u0131 belirleyecek en \u00f6nemli kitlenin karars\u0131z se\u00e7menler oldu\u011fu de\u011ferlendiriliyor. Ara\u015ft\u0131rmaya kat\u0131lanlar\u0131n \u00f6nemli bir b\u00f6l\u00fcm\u00fc, ge\u00e7mi\u015f se\u00e7imlerde destek verdikleri partilere ili\u015fkin tercihlerini yeniden g\u00f6zden ge\u00e7irdiklerini ifade etti.<\/p>\n\n\n\n<p class=\"wp-block-paragraph\">Ankette \u00f6ne \u00e7\u0131kan ba\u015fl\u0131klardan biri de yerel y\u00f6netimlere y\u00f6nelik de\u011ferlendirmeler oldu. Kat\u0131l\u0131mc\u0131lar\u0131n bir k\u0131sm\u0131, se\u00e7ilmi\u015f y\u00f6neticilerle vatanda\u015f aras\u0131ndaki ileti\u015fimin zaman i\u00e7inde zay\u0131flad\u0131\u011f\u0131n\u0131 d\u00fc\u015f\u00fcnd\u00fcklerini dile getirdi.<\/p>\n\n\n\n<p class=\"wp-block-paragraph\">Ara\u015ft\u0131rmada g\u00f6r\u00fc\u015f bildiren baz\u0131 kat\u0131l\u0131mc\u0131lar, belediyelerin a\u00e7\u0131l\u0131\u015f t\u00f6renleri, festival ve benzeri etkinliklere a\u011f\u0131rl\u0131k verdi\u011fini, buna kar\u015f\u0131n g\u00fcnl\u00fck ya\u015fam\u0131 do\u011frudan etkileyen altyap\u0131, ula\u015f\u0131m, \u00e7evre d\u00fczeni, trafik, istihdam ve sosyal hizmetler gibi konularda daha somut ad\u0131mlar beklediklerini ifade etti.<\/p>\n\n\n\n<p class=\"wp-block-paragraph\">Ankete kat\u0131lan baz\u0131 se\u00e7menler ise se\u00e7im d\u00f6nemlerinde verilen vaatlerin tamam\u0131n\u0131n hayata ge\u00e7irilmedi\u011fini d\u00fc\u015f\u00fcnd\u00fcklerini belirtirken, \u00f6n\u00fcm\u00fczdeki se\u00e7imlerde adaylar\u0131n s\u00f6ylemlerinden \u00e7ok ortaya koyacaklar\u0131 hizmet ve performans\u0131 dikkate alacaklar\u0131n\u0131 kaydetti.<\/p>\n\n\n\n<p class=\"wp-block-paragraph\">Ara\u015ft\u0131rma, karars\u0131z se\u00e7men oran\u0131ndaki y\u00fckseli\u015fin yaln\u0131zca Tekirda\u011f&#8217;da de\u011fil, \u00fclke genelindeki siyasi atmosferin de yerel siyasete yans\u0131mas\u0131 olarak de\u011ferlendirilebilece\u011fine i\u015faret ediyor. Uzmanlara g\u00f6re, se\u00e7im s\u00fcrecine kadar partilerin ortaya koyaca\u011f\u0131 politikalar ve vatanda\u015fla kuraca\u011f\u0131 ileti\u015fim, karars\u0131z se\u00e7menin tercihinde belirleyici rol oynayacak.<\/p>\n","protected":false},"excerpt":{"rendered":"<p>Tekirda\u011f&#8217;da ger\u00e7ekle\u015ftirilen kamuoyu ara\u015ft\u0131rmas\u0131, kent siyasetinde dikkat \u00e7eken bir tabloyu ortaya koydu. Ara\u015ft\u0131rma sonu\u00e7lar\u0131na g\u00f6re,<\/p>\n","protected":false},"author":1,"featured_media":4632,"comment_status":"open","ping_status":"open","sticky":false,"template":"","format":"standard","meta":{"_rtcl_gb_attr":"","footnotes":""},"categories":[44],"tags":[],"class_list":["post-4631","post","type-post","status-publish","format-standard","has-post-thumbnail","hentry","category-politika"],"_links":{"self":[{"href":"https:\/\/turkiyemhaber.com\/index.php?rest_route=\/wp\/v2\/posts\/4631","targetHints":{"allow":["GET"]}}],"collection":[{"href":"https:\/\/turkiyemhaber.com\/index.php?rest_route=\/wp\/v2\/posts"}],"about":[{"href":"https:\/\/turkiyemhaber.com\/index.php?rest_route=\/wp\/v2\/types\/post"}],"author":[{"embeddable":true,"href":"https:\/\/turkiyemhaber.com\/index.php?rest_route=\/wp\/v2\/users\/1"}],"replies":[{"embeddable":true,"href":"https:\/\/turkiyemhaber.com\/index.php?rest_route=%2Fwp%2Fv2%2Fcomments&post=4631"}],"version-history":[{"count":1,"href":"https:\/\/turkiyemhaber.com\/index.php?rest_route=\/wp\/v2\/posts\/4631\/revisions"}],"predecessor-version":[{"id":4634,"href":"https:\/\/turkiyemhaber.com\/index.php?rest_route=\/wp\/v2\/posts\/4631\/revisions\/4634"}],"wp:featuredmedia":[{"embeddable":true,"href":"https:\/\/turkiyemhaber.com\/index.php?rest_route=\/wp\/v2\/media\/4632"}],"wp:attachment":[{"href":"https:\/\/turkiyemhaber.com\/index.php?rest_route=%2Fwp%2Fv2%2Fmedia&parent=4631"}],"wp:term":[{"taxonomy":"category","embeddable":true,"href":"https:\/\/turkiyemhaber.com\/index.php?rest_route=%2Fwp%2Fv2%2Fcategories&post=4631"},{"taxonomy":"post_tag","embeddable":true,"href":"https:\/\/turkiyemhaber.com\/index.php?rest_route=%2Fwp%2Fv2%2Ftags&post=4631"}],"curies":[{"name":"wp","href":"https:\/\/api.w.org\/{rel}","templated":true}]}}