{"id":4592,"date":"2026-08-01T19:26:06","date_gmt":"2026-08-01T19:26:06","guid":{"rendered":"https:\/\/turkiyemhaber.com\/?p=4592"},"modified":"2026-08-01T19:26:11","modified_gmt":"2026-08-01T19:26:11","slug":"yeni-partiden-mansur-yavas-aciklamasi-cumhurbaskani-adayi-olacaksa-yeni-partiden-olur","status":"publish","type":"post","link":"https:\/\/turkiyemhaber.com\/?p=4592","title":{"rendered":"Yeni Parti&#8217;den Mansur Yava\u015f A\u00e7\u0131klamas\u0131: &#8220;Cumhurba\u015fkan\u0131 Aday\u0131 Olacaksa Yeni Parti&#8217;den Olur&#8221;"},"content":{"rendered":"\n<p class=\"wp-block-paragraph\">Yeni Parti Adana Milletvekili Burhanettin Bulut, Ankara B\u00fcy\u00fck\u015fehir Belediye Ba\u015fkan\u0131 Mansur Yava\u015f&#8217;\u0131n olas\u0131 cumhurba\u015fkanl\u0131\u011f\u0131 adayl\u0131\u011f\u0131na ili\u015fkin dikkat \u00e7eken a\u00e7\u0131klamalarda bulundu. Bulut, Mansur Yava\u015f&#8217;\u0131n siyasi akl\u0131yla hareket eden bir isim oldu\u011funu belirterek, cumhurba\u015fkan\u0131 aday\u0131 olmas\u0131 halinde k\u00fc\u00e7\u00fck partiler yerine iktidar alternatifi olarak g\u00f6rd\u00fc\u011f\u00fc Yeni Parti&#8217;den aday olmay\u0131 tercih edece\u011fini s\u00f6yledi.<\/p>\n\n\n\n<p class=\"wp-block-paragraph\">Gazeteci \u015eule Ayd\u0131n&#8217;\u0131n Onlar TV&#8217;de haz\u0131rlay\u0131p sundu\u011fu programa konuk olan Burhanettin Bulut, g\u00fcndeme ili\u015fkin de\u011ferlendirmelerde bulundu. Programda, \u0130stanbul B\u00fcy\u00fck\u015fehir Belediye Ba\u015fkan\u0131 Ekrem \u0130mamo\u011flu ile birlikte cumhurba\u015fkanl\u0131\u011f\u0131 i\u00e7in ad\u0131 ge\u00e7en ve halen CHP&#8217;de siyaset yapan Ankara B\u00fcy\u00fck\u015fehir Belediye Ba\u015fkan\u0131 Mansur Yava\u015f&#8217;\u0131n olas\u0131 adayl\u0131\u011f\u0131 da g\u00fcndeme geldi.<\/p>\n\n\n\n<p class=\"wp-block-paragraph\">Mahkeme karar\u0131yla CHP Genel Ba\u015fkanl\u0131\u011f\u0131 g\u00f6revinden ayr\u0131lan ve 91 milletvekiliyle birlikte Yeni Parti&#8217;yi kuran \u00d6zg\u00fcr \u00d6zel&#8217;e yak\u0131nl\u0131\u011f\u0131yla bilinen Mansur Yava\u015f&#8217;\u0131n, Yeni Parti&#8217;den aday olmamas\u0131 durumunda desteklenip desteklenmeyece\u011fi sorusuna Bulut \u015fu yan\u0131t\u0131 verdi:<\/p>\n\n\n\n<blockquote class=\"wp-block-quote is-layout-flow wp-block-quote-is-layout-flow\">\n<p class=\"wp-block-paragraph\">&#8220;Ben Mansur Yava\u015f&#8217;\u0131n Yeni Parti olmadan aday olaca\u011f\u0131 kanaatinde de\u011filim. \u00c7ok yak\u0131n tan\u0131m\u0131yorum ama siyaset\u00e7ilerin konu\u015fmalar\u0131nda nas\u0131l bir ki\u015filik sergiledi\u011fini de az bu\u00e7uk tahmin edebiliyoruz. Bunca senedir bu i\u015fin i\u00e7erisinde olman\u0131n verdi\u011fi durum itibar\u0131yla \u015f\u00f6yle bak\u0131yor: Ben sadece aday olmak i\u00e7in aday olmam. Aday olacaksam da kazanabilece\u011fim bir yerden aday olmak isterim. Bunun \u00f6rne\u011fi de 31 Mart se\u00e7imleridir, ondan \u00f6ncesidir.&#8221;<\/p>\n<\/blockquote>\n\n\n\n<h2 class=\"wp-block-heading\"><strong>&#8220;Cumhurba\u015fkan\u0131 Aday\u0131 Olacaksa Yeni Parti&#8217;den Aday Olacakt\u0131r&#8221;<\/strong><\/h2>\n\n\n\n<p class=\"wp-block-paragraph\">Burhanettin Bulut, Mansur Yava\u015f&#8217;\u0131n ge\u00e7mi\u015fte de belediye ba\u015fkanl\u0131\u011f\u0131 adayl\u0131\u011f\u0131n\u0131 CHP \u00e7at\u0131s\u0131 alt\u0131nda y\u00fcr\u00fctmeyi tercih etti\u011fini hat\u0131rlatarak, cumhurba\u015fkanl\u0131\u011f\u0131 se\u00e7iminde de benzer bir siyasi yakla\u015f\u0131m sergileyece\u011fini ifade etti.<\/p>\n\n\n\n<p class=\"wp-block-paragraph\">Bulut a\u00e7\u0131klamas\u0131nda \u015fu ifadeleri kulland\u0131:<\/p>\n\n\n\n<blockquote class=\"wp-block-quote is-layout-flow wp-block-quote-is-layout-flow\">\n<p class=\"wp-block-paragraph\">&#8220;Her seferinde &#8216;Belediye ba\u015fkanl\u0131\u011f\u0131 adayl\u0131\u011f\u0131m\u0131 ben Cumhuriyet Halk Partisi \u00fczerinden yapar\u0131m&#8217; demi\u015fti. \u00c7\u00fcnk\u00fc as\u0131l kitle orada. Yar\u0131n da cumhurba\u015fkan\u0131 aday\u0131 olacaksa, y\u00fczde ikilik, \u00fc\u00e7l\u00fck bir parti yerine do\u011fal olarak Yeni Parti gibi iktidar namzeti bir partiden aday olacakt\u0131r. Siyasi akl\u0131, duygusal akl\u0131n\u0131n \u00f6tesinde bir siyaset\u00e7i olarak g\u00f6r\u00fcyorum ben Mansur Yava\u015f&#8217;\u0131.&#8221;<\/p>\n<\/blockquote>\n\n\n\n<h2 class=\"wp-block-heading\"><strong>&#8220;Aday\u0131m\u0131z Ekrem \u0130mamo\u011flu&#8221;<\/strong><\/h2>\n\n\n\n<p class=\"wp-block-paragraph\">Yeni Parti&#8217;nin cumhurba\u015fkan\u0131 aday\u0131n\u0131n Ekrem \u0130mamo\u011flu oldu\u011funu belirten Bulut, adayl\u0131\u011f\u0131n \u00f6n se\u00e7im sonucunda belirlendi\u011fini s\u00f6yledi.<\/p>\n\n\n\n<p class=\"wp-block-paragraph\">Bulut, a\u00e7\u0131klamas\u0131nda \u015fu de\u011ferlendirmelerde bulundu:<\/p>\n\n\n\n<blockquote class=\"wp-block-quote is-layout-flow wp-block-quote-is-layout-flow\">\n<p class=\"wp-block-paragraph\">&#8220;Bizim aday\u0131m\u0131z var zaten. Aday\u0131m\u0131z Ekrem \u0130mamo\u011flu. Sadece bizim aday\u0131m\u0131z da de\u011fil. \u00d6n se\u00e7imden \u00e7\u0131kan bir aday. O d\u00f6neme geldi\u011finde Ekrem \u0130mamo\u011flu&#8217;nun durumuna elbette bak\u0131l\u0131r. Ama bug\u00fcn mesele, genel ba\u015fkan\u0131m\u0131z\u0131n s\u00f6yledi\u011fi gibi, yol c\u00fcmleden de\u011ferlidir. \u0130nan\u0131n ki\u015filerle ilgili hi\u00e7bir \u015feyin k\u0131ymeti harbiyesi kalmad\u0131. Bunun i\u00e7erisinde genel ba\u015fkan da d\u00e2hil olmak \u00fczere.&#8221;<\/p>\n<\/blockquote>\n\n\n\n<p class=\"wp-block-paragraph\">Bulut, \u00e7ok say\u0131da siyaset\u00e7inin cezaevinde bulundu\u011funu ve yeni g\u00f6zalt\u0131 ile tutuklamalar\u0131n ya\u015fanabilece\u011fini belirterek, muhalefetin \u00f6nceli\u011finin aday tart\u0131\u015fmalar\u0131 de\u011fil, iktidar hedefi oldu\u011funu s\u00f6yledi.<\/p>\n\n\n\n<blockquote class=\"wp-block-quote is-layout-flow wp-block-quote-is-layout-flow\">\n<p class=\"wp-block-paragraph\">&#8220;Kar\u015f\u0131m\u0131zda \u00f6yle bir g\u00fc\u00e7 var ki devletin t\u00fcm olanaklar\u0131n\u0131 bize kar\u015f\u0131 kullan\u0131yor. O vesileyle ben kalk\u0131p da yine ayn\u0131 hik\u00e2yeye d\u00f6necek, &#8216;\u015eu aday olsun, \u015fu \u00f6nde olsun, \u015funu istiyoruz&#8217; gibi bir \u015fey s\u00f6ylemek l\u00fcks. Bu, arkada\u015flar\u0131m\u0131z ad\u0131na b\u00fcy\u00fck bir hakaret. Bizim yapmam\u0131z gereken iktidar olmam\u0131z. Se\u00e7ime giderken de kim daha \u00e7ok oy al\u0131yorsa, kimi vatanda\u015f tercih ediyorsa onunla \u00e7\u0131kar\u0131z. Bunun kim oldu\u011funun inan\u0131n k\u0131ymetiharbiyesi yok.&#8221;<\/p>\n<\/blockquote>\n\n\n\n<h2 class=\"wp-block-heading\"><strong>&#8220;Kim Aday Olursa Olsun Yan\u0131nda Olaca\u011f\u0131z&#8221;<\/strong><\/h2>\n\n\n\n<p class=\"wp-block-paragraph\">Ekrem \u0130mamo\u011flu&#8217;nun toplumdan g\u00fc\u00e7l\u00fc destek g\u00f6rd\u00fc\u011f\u00fcn\u00fc ifade eden Burhanettin Bulut, adayl\u0131\u011f\u0131n\u0131n herhangi bir nedenle ger\u00e7ekle\u015fmemesi halinde farkl\u0131 bir ismin cumhurba\u015fkan\u0131 aday\u0131 olabilece\u011fini s\u00f6yledi.<\/p>\n\n\n\n<p class=\"wp-block-paragraph\">Bulut s\u00f6zlerini \u015f\u00f6yle s\u00fcrd\u00fcrd\u00fc:<\/p>\n\n\n\n<blockquote class=\"wp-block-quote is-layout-flow wp-block-quote-is-layout-flow\">\n<p class=\"wp-block-paragraph\">&#8220;\u00c7\u00fcnk\u00fc kimi s\u00f6ylesen ona dair bir operasyon ger\u00e7ekle\u015ftiriliyor, d\u00fc\u015fmanla\u015ft\u0131r\u0131l\u0131yor. &#8216;Ekrem \u0130mamo\u011flu cumhurba\u015fkan\u0131 aday\u0131 olmasayd\u0131 cezaevine at\u0131lmazd\u0131&#8217; gibi&#8230; B\u00f6yle bir \u015fey olabilir mi? Bunun konu\u015fulmas\u0131 bile ne kadar demokrasiden uzak olundu\u011funu g\u00f6steriyor. Siyaset bir iddia i\u015fidir. Geldi\u011finizde daha iyisini talep edersiniz. Yoksa &#8216;Ben burada kalay\u0131m&#8217; diyemezsiniz. Siyaset bir meslek de\u011fil. O vesileyle yapt\u0131\u011f\u0131n\u0131z i\u015fte daha iyisini ve daha yukar\u0131 hedefleri tutman\u0131z gerekiyor.&#8221;<\/p>\n<\/blockquote>\n\n\n\n<p class=\"wp-block-paragraph\">Ekrem \u0130mamo\u011flu&#8217;nun bug\u00fcne kadar girdi\u011fi se\u00e7imlerde toplumdan g\u00fc\u00e7l\u00fc destek ald\u0131\u011f\u0131n\u0131 belirten Bulut, \u00f6n se\u00e7im sonucunda da aday olarak belirlendi\u011fini ifade etti.<\/p>\n\n\n\n<blockquote class=\"wp-block-quote is-layout-flow wp-block-quote-is-layout-flow\">\n<p class=\"wp-block-paragraph\">&#8220;O tarihte adayl\u0131\u011f\u0131 engellenirse bir ba\u015fka arkada\u015f\u0131m\u0131z aday olacakt\u0131r. Ancak kim aday olursa olsun, yan\u0131nda Ekrem \u0130mamo\u011flu, yan\u0131nda Mansur Yava\u015f, yan\u0131nda \u00d6zg\u00fcr \u00d6zel olacakt\u0131r. Bunlar\u0131n hepsinin bir b\u00fct\u00fcn h\u00e2linde adayl\u0131\u011f\u0131 \u00e7ok k\u0131ymetli. Di\u011fer t\u00fcrl\u00fc ayr\u0131\u015farak bir adayl\u0131\u011f\u0131 topluma izah etme \u015fans\u0131m\u0131z olmaz.&#8221;<\/p>\n<\/blockquote>\n","protected":false},"excerpt":{"rendered":"<p>Yeni Parti Adana Milletvekili Burhanettin Bulut, Ankara B\u00fcy\u00fck\u015fehir Belediye Ba\u015fkan\u0131 Mansur Yava\u015f&#8217;\u0131n olas\u0131 cumhurba\u015fkanl\u0131\u011f\u0131 adayl\u0131\u011f\u0131na<\/p>\n","protected":false},"author":1,"featured_media":4593,"comment_status":"open","ping_status":"open","sticky":false,"template":"","format":"standard","meta":{"_rtcl_gb_attr":"","footnotes":""},"categories":[44],"tags":[],"class_list":["post-4592","post","type-post","status-publish","format-standard","has-post-thumbnail","hentry","category-politika"],"_links":{"self":[{"href":"https:\/\/turkiyemhaber.com\/index.php?rest_route=\/wp\/v2\/posts\/4592","targetHints":{"allow":["GET"]}}],"collection":[{"href":"https:\/\/turkiyemhaber.com\/index.php?rest_route=\/wp\/v2\/posts"}],"about":[{"href":"https:\/\/turkiyemhaber.com\/index.php?rest_route=\/wp\/v2\/types\/post"}],"author":[{"embeddable":true,"href":"https:\/\/turkiyemhaber.com\/index.php?rest_route=\/wp\/v2\/users\/1"}],"replies":[{"embeddable":true,"href":"https:\/\/turkiyemhaber.com\/index.php?rest_route=%2Fwp%2Fv2%2Fcomments&post=4592"}],"version-history":[{"count":1,"href":"https:\/\/turkiyemhaber.com\/index.php?rest_route=\/wp\/v2\/posts\/4592\/revisions"}],"predecessor-version":[{"id":4594,"href":"https:\/\/turkiyemhaber.com\/index.php?rest_route=\/wp\/v2\/posts\/4592\/revisions\/4594"}],"wp:featuredmedia":[{"embeddable":true,"href":"https:\/\/turkiyemhaber.com\/index.php?rest_route=\/wp\/v2\/media\/4593"}],"wp:attachment":[{"href":"https:\/\/turkiyemhaber.com\/index.php?rest_route=%2Fwp%2Fv2%2Fmedia&parent=4592"}],"wp:term":[{"taxonomy":"category","embeddable":true,"href":"https:\/\/turkiyemhaber.com\/index.php?rest_route=%2Fwp%2Fv2%2Fcategories&post=4592"},{"taxonomy":"post_tag","embeddable":true,"href":"https:\/\/turkiyemhaber.com\/index.php?rest_route=%2Fwp%2Fv2%2Ftags&post=4592"}],"curies":[{"name":"wp","href":"https:\/\/api.w.org\/{rel}","templated":true}]}}