{"id":4589,"date":"2026-08-01T18:20:06","date_gmt":"2026-08-01T18:20:06","guid":{"rendered":"https:\/\/turkiyemhaber.com\/?p=4589"},"modified":"2026-08-01T18:20:11","modified_gmt":"2026-08-01T18:20:11","slug":"marmarada-poyraz-etkisini-surduruyor-10-gemi-tekirdag-aciklarinda-demirledi","status":"publish","type":"post","link":"https:\/\/turkiyemhaber.com\/?p=4589","title":{"rendered":"Marmara&#8217;da Poyraz Etkisini S\u00fcrd\u00fcr\u00fcyor: 10 Gemi Tekirda\u011f A\u00e7\u0131klar\u0131nda Demirledi"},"content":{"rendered":"\n<p class=\"wp-block-paragraph\">Marmara Denizi&#8217;nde iki g\u00fcnd\u00fcr etkisini s\u00fcrd\u00fcren poyraz, Tekirda\u011f&#8217;da deniz ula\u015f\u0131m\u0131n\u0131 olumsuz etkilemeye devam ediyor. Zaman zaman saatte 40 kilometre h\u0131za ula\u015fan kuvvetli r\u00fczgar nedeniyle yerli ve yabanc\u0131 band\u0131ral\u0131 10 \u015filep ile tanker, Tekirda\u011f a\u00e7\u0131klar\u0131nda beklemek zorunda kald\u0131.<\/p>\n\n\n\n<p class=\"wp-block-paragraph\">Olumsuz hava ko\u015fullar\u0131 nedeniyle gemiler g\u00fcvenlik amac\u0131yla seyre ara verirken, deniz trafi\u011finde de aksakl\u0131klar ya\u015fand\u0131.<\/p>\n\n\n\n<p class=\"wp-block-paragraph\">Kuvvetli poyraz yaln\u0131zca deniz ula\u015f\u0131m\u0131n\u0131 de\u011fil, sahil kesimini de etkiledi. R\u00fczgar\u0131n etkisiyle k\u0131y\u0131n\u0131n baz\u0131 b\u00f6l\u00fcmlerinde \u00e7e\u015fitli at\u0131klar birikti.<\/p>\n\n\n\n<p class=\"wp-block-paragraph\">Kentte hava s\u0131cakl\u0131\u011f\u0131 26 derece olarak \u00f6l\u00e7\u00fcl\u00fcrken, meteorolojik tahminlere g\u00f6re poyraz\u0131n yar\u0131n etkisini kaybetmesi ve deniz ula\u015f\u0131m\u0131n\u0131n yeniden normale d\u00f6nmesi bekleniyor.<\/p>\n","protected":false},"excerpt":{"rendered":"<p>Marmara Denizi&#8217;nde iki g\u00fcnd\u00fcr etkisini s\u00fcrd\u00fcren poyraz, Tekirda\u011f&#8217;da deniz ula\u015f\u0131m\u0131n\u0131 olumsuz etkilemeye devam ediyor. Zaman<\/p>\n","protected":false},"author":1,"featured_media":4590,"comment_status":"open","ping_status":"open","sticky":false,"template":"","format":"standard","meta":{"_rtcl_gb_attr":"","footnotes":""},"categories":[74],"tags":[],"class_list":["post-4589","post","type-post","status-publish","format-standard","has-post-thumbnail","hentry","category-yerel-haberler"],"_links":{"self":[{"href":"https:\/\/turkiyemhaber.com\/index.php?rest_route=\/wp\/v2\/posts\/4589","targetHints":{"allow":["GET"]}}],"collection":[{"href":"https:\/\/turkiyemhaber.com\/index.php?rest_route=\/wp\/v2\/posts"}],"about":[{"href":"https:\/\/turkiyemhaber.com\/index.php?rest_route=\/wp\/v2\/types\/post"}],"author":[{"embeddable":true,"href":"https:\/\/turkiyemhaber.com\/index.php?rest_route=\/wp\/v2\/users\/1"}],"replies":[{"embeddable":true,"href":"https:\/\/turkiyemhaber.com\/index.php?rest_route=%2Fwp%2Fv2%2Fcomments&post=4589"}],"version-history":[{"count":1,"href":"https:\/\/turkiyemhaber.com\/index.php?rest_route=\/wp\/v2\/posts\/4589\/revisions"}],"predecessor-version":[{"id":4591,"href":"https:\/\/turkiyemhaber.com\/index.php?rest_route=\/wp\/v2\/posts\/4589\/revisions\/4591"}],"wp:featuredmedia":[{"embeddable":true,"href":"https:\/\/turkiyemhaber.com\/index.php?rest_route=\/wp\/v2\/media\/4590"}],"wp:attachment":[{"href":"https:\/\/turkiyemhaber.com\/index.php?rest_route=%2Fwp%2Fv2%2Fmedia&parent=4589"}],"wp:term":[{"taxonomy":"category","embeddable":true,"href":"https:\/\/turkiyemhaber.com\/index.php?rest_route=%2Fwp%2Fv2%2Fcategories&post=4589"},{"taxonomy":"post_tag","embeddable":true,"href":"https:\/\/turkiyemhaber.com\/index.php?rest_route=%2Fwp%2Fv2%2Ftags&post=4589"}],"curies":[{"name":"wp","href":"https:\/\/api.w.org\/{rel}","templated":true}]}}