{"id":4584,"date":"2026-08-01T18:15:58","date_gmt":"2026-08-01T18:15:58","guid":{"rendered":"https:\/\/turkiyemhaber.com\/?p=4584"},"modified":"2026-08-01T18:16:03","modified_gmt":"2026-08-01T18:16:03","slug":"rasim-ozan-kutahyali-hakkinda-gizli-tanik-iddialari-gundemde-esi-pinar-kutahyalindan-dikkat-ceken-paylasimlar","status":"publish","type":"post","link":"https:\/\/turkiyemhaber.com\/?p=4584","title":{"rendered":"Rasim Ozan K\u00fctahyal\u0131 Hakk\u0131nda &#8220;Gizli Tan\u0131k&#8221; \u0130ddialar\u0131 G\u00fcndemde! E\u015fi P\u0131nar K\u00fctahyal\u0131&#8217;ndan Dikkat \u00c7eken Payla\u015f\u0131mlar"},"content":{"rendered":"\n<p class=\"wp-block-paragraph\">Yasa d\u0131\u015f\u0131 bahis soru\u015fturmas\u0131 kapsam\u0131nda tutuklanan gazeteci ve spor yorumcusu Rasim Ozan K\u00fctahyal\u0131 hakk\u0131nda ortaya at\u0131lan &#8220;gizli tan\u0131k&#8221; ve &#8220;itiraf\u00e7\u0131&#8221; oldu\u011fu y\u00f6n\u00fcndeki iddialar g\u00fcndemde geni\u015f yank\u0131 uyand\u0131rd\u0131. \u0130ddialar\u0131n ard\u0131ndan e\u015fi P\u0131nar K\u00fctahyal\u0131&#8217;n\u0131n sosyal medya hesab\u0131ndan yapt\u0131\u011f\u0131 payla\u015f\u0131mlar dikkat \u00e7ekti.<\/p>\n\n\n\n<figure class=\"wp-block-image size-full\"><img loading=\"lazy\" decoding=\"async\" width=\"640\" height=\"360\" src=\"https:\/\/turkiyemhaber.com\/wp-content\/uploads\/2026\/08\/rasim-ozan-kutahyali-gizli-tan-20108747-8659_1_m.webp\" alt=\"\" class=\"wp-image-4586\" srcset=\"https:\/\/turkiyemhaber.com\/wp-content\/uploads\/2026\/08\/rasim-ozan-kutahyali-gizli-tan-20108747-8659_1_m.webp 640w, https:\/\/turkiyemhaber.com\/wp-content\/uploads\/2026\/08\/rasim-ozan-kutahyali-gizli-tan-20108747-8659_1_m-300x169.webp 300w, https:\/\/turkiyemhaber.com\/wp-content\/uploads\/2026\/08\/rasim-ozan-kutahyali-gizli-tan-20108747-8659_1_m-18x10.webp 18w\" sizes=\"auto, (max-width: 640px) 100vw, 640px\" \/><\/figure>\n\n\n\n<p class=\"wp-block-paragraph\">18 May\u0131s&#8217;ta y\u00fcr\u00fct\u00fclen yasa d\u0131\u015f\u0131 bahis soru\u015fturmas\u0131 kapsam\u0131nda tutuklanarak cezaevine g\u00f6nderilen Rasim Ozan K\u00fctahyal\u0131 hakk\u0131nda, cezaevinde &#8220;gizli tan\u0131k&#8221; veya &#8220;itiraf\u00e7\u0131&#8221; oldu\u011fu y\u00f6n\u00fcnde iddialar ortaya at\u0131ld\u0131. Gazeteci Cem K\u00fc\u00e7\u00fck&#8217;\u00fcn de bir gizli tan\u0131k ifadesi sonras\u0131nda tutukland\u0131\u011f\u0131 y\u00f6n\u00fcndeki geli\u015fmelerin ard\u0131ndan, K\u00fctahyal\u0131 hakk\u0131nda dile getirilen iddialar kamuoyunda tart\u0131\u015f\u0131lmaya ba\u015fland\u0131.<\/p>\n\n\n\n<p class=\"wp-block-paragraph\">Kulislerde Rasim Ozan K\u00fctahyal\u0131&#8217;n\u0131n cezaevinde gizli tan\u0131k s\u0131fat\u0131yla ifade verdi\u011fi ve soru\u015fturmaya ili\u015fkin baz\u0131 bilgiler payla\u015ft\u0131\u011f\u0131 y\u00f6n\u00fcnde \u00e7e\u015fitli iddialar konu\u015fulurken, g\u00f6zler K\u00fctahyal\u0131 cephesine \u00e7evrildi.<\/p>\n\n\n\n<figure class=\"wp-block-image size-full\"><img loading=\"lazy\" decoding=\"async\" width=\"640\" height=\"365\" src=\"https:\/\/turkiyemhaber.com\/wp-content\/uploads\/2026\/08\/rasim-ozan-kutahyali-gizli-tan-20108747-2726_1_m.webp\" alt=\"\" class=\"wp-image-4587\" srcset=\"https:\/\/turkiyemhaber.com\/wp-content\/uploads\/2026\/08\/rasim-ozan-kutahyali-gizli-tan-20108747-2726_1_m.webp 640w, https:\/\/turkiyemhaber.com\/wp-content\/uploads\/2026\/08\/rasim-ozan-kutahyali-gizli-tan-20108747-2726_1_m-300x171.webp 300w, https:\/\/turkiyemhaber.com\/wp-content\/uploads\/2026\/08\/rasim-ozan-kutahyali-gizli-tan-20108747-2726_1_m-18x10.webp 18w\" sizes=\"auto, (max-width: 640px) 100vw, 640px\" \/><\/figure>\n\n\n\n<h2 class=\"wp-block-heading\"><strong>P\u0131nar K\u00fctahyal\u0131&#8217;ndan Dikkat \u00c7eken Mesajlar<\/strong><\/h2>\n\n\n\n<p class=\"wp-block-paragraph\">Ya\u015fanan geli\u015fmelerin ard\u0131ndan Rasim Ozan K\u00fctahyal\u0131&#8217;n\u0131n e\u015fi P\u0131nar K\u00fctahyal\u0131 sosyal medya hesab\u0131ndan pe\u015f pe\u015fe dikkat \u00e7eken payla\u015f\u0131mlar yapt\u0131.<\/p>\n\n\n\n<p class=\"wp-block-paragraph\">P\u0131nar K\u00fctahyal\u0131 payla\u015f\u0131mlar\u0131nda \u015fu ifadeleri kulland\u0131:<\/p>\n\n\n\n<blockquote class=\"wp-block-quote is-layout-flow wp-block-quote-is-layout-flow\">\n<p class=\"wp-block-paragraph\">&#8220;Neymi\u015f\u2026 \u0130lahi adalet herkese i\u015fliyormu\u015f\u2026&#8221;<\/p>\n<\/blockquote>\n\n\n\n<blockquote class=\"wp-block-quote is-layout-flow wp-block-quote-is-layout-flow\">\n<p class=\"wp-block-paragraph\">&#8220;Herkes demek ki kap\u0131s\u0131n\u0131n \u00f6n\u00fcndeki pisliklere bakacakm\u0131\u015f.&#8221;<\/p>\n<\/blockquote>\n\n\n\n<blockquote class=\"wp-block-quote is-layout-flow wp-block-quote-is-layout-flow\">\n<p class=\"wp-block-paragraph\">&#8220;Dinime k\u00fcfredenler de bari M\u00fcsl\u00fcman olsa\u2026&#8221;<\/p>\n<\/blockquote>\n\n\n\n<blockquote class=\"wp-block-quote is-layout-flow wp-block-quote-is-layout-flow\">\n<p class=\"wp-block-paragraph\">&#8220;S\u0131ra size de gelecek\u2026&#8221;<\/p>\n<\/blockquote>\n\n\n\n<blockquote class=\"wp-block-quote is-layout-flow wp-block-quote-is-layout-flow\">\n<p class=\"wp-block-paragraph\">&#8220;Sabahlara kadar yap\u0131lan yay\u0131nlar nerede?&#8221;<\/p>\n<\/blockquote>\n\n\n\n<blockquote class=\"wp-block-quote is-layout-flow wp-block-quote-is-layout-flow\">\n<p class=\"wp-block-paragraph\">&#8220;Herboloklar kendi pislikleriniz \u00e7\u0131kmas\u0131n diye hedef g\u00f6stermeleriniz nerede?&#8221;<\/p>\n<\/blockquote>\n\n\n\n<blockquote class=\"wp-block-quote is-layout-flow wp-block-quote-is-layout-flow\">\n<p class=\"wp-block-paragraph\">&#8220;Korku havas\u0131 seziyorum \ud83d\ude42 Konu\u015fsan\u0131za ger\u00e7i konu\u015faca\u011f\u0131n\u0131z ki\u015fi \u00e7ok izlenmeye de\u011fer biri de\u011fil reyting yapamazs\u0131n\u0131z!!!&#8221;<\/p>\n<\/blockquote>\n\n\n\n<blockquote class=\"wp-block-quote is-layout-flow wp-block-quote-is-layout-flow\">\n<p class=\"wp-block-paragraph\">&#8220;Aynaya bak\u0131n da sonra ad\u0131m\u0131z\u0131 a\u011fz\u0131n\u0131za al\u0131n!&#8221;<\/p>\n<\/blockquote>\n\n\n\n<p class=\"wp-block-paragraph\">P\u0131nar K\u00fctahyal\u0131&#8217;n\u0131n payla\u015f\u0131mlar\u0131 k\u0131sa s\u00fcrede sosyal medyada g\u00fcndem olurken, mesajlar\u0131n\u0131n kimlere y\u00f6nelik oldu\u011fu konusunda farkl\u0131 yorumlar yap\u0131ld\u0131.<\/p>\n\n\n\n<p class=\"wp-block-paragraph\">\u00d6te yandan, Rasim Ozan K\u00fctahyal\u0131 hakk\u0131nda ortaya at\u0131lan &#8220;gizli tan\u0131k&#8221; ve &#8220;itiraf\u00e7\u0131&#8221; oldu\u011fu y\u00f6n\u00fcndeki iddialar kamuoyunda tart\u0131\u015f\u0131lmaya devam ediyor.<\/p>\n","protected":false},"excerpt":{"rendered":"<p>Yasa d\u0131\u015f\u0131 bahis soru\u015fturmas\u0131 kapsam\u0131nda tutuklanan gazeteci ve spor yorumcusu Rasim Ozan K\u00fctahyal\u0131 hakk\u0131nda ortaya<\/p>\n","protected":false},"author":1,"featured_media":4585,"comment_status":"open","ping_status":"open","sticky":false,"template":"","format":"standard","meta":{"_rtcl_gb_attr":"","footnotes":""},"categories":[1],"tags":[],"class_list":["post-4584","post","type-post","status-publish","format-standard","has-post-thumbnail","hentry","category-http-turkiyemhaber-com-wp-content-uploads-2026-03-saray-59-haber-13-mart-pdf"],"_links":{"self":[{"href":"https:\/\/turkiyemhaber.com\/index.php?rest_route=\/wp\/v2\/posts\/4584","targetHints":{"allow":["GET"]}}],"collection":[{"href":"https:\/\/turkiyemhaber.com\/index.php?rest_route=\/wp\/v2\/posts"}],"about":[{"href":"https:\/\/turkiyemhaber.com\/index.php?rest_route=\/wp\/v2\/types\/post"}],"author":[{"embeddable":true,"href":"https:\/\/turkiyemhaber.com\/index.php?rest_route=\/wp\/v2\/users\/1"}],"replies":[{"embeddable":true,"href":"https:\/\/turkiyemhaber.com\/index.php?rest_route=%2Fwp%2Fv2%2Fcomments&post=4584"}],"version-history":[{"count":1,"href":"https:\/\/turkiyemhaber.com\/index.php?rest_route=\/wp\/v2\/posts\/4584\/revisions"}],"predecessor-version":[{"id":4588,"href":"https:\/\/turkiyemhaber.com\/index.php?rest_route=\/wp\/v2\/posts\/4584\/revisions\/4588"}],"wp:featuredmedia":[{"embeddable":true,"href":"https:\/\/turkiyemhaber.com\/index.php?rest_route=\/wp\/v2\/media\/4585"}],"wp:attachment":[{"href":"https:\/\/turkiyemhaber.com\/index.php?rest_route=%2Fwp%2Fv2%2Fmedia&parent=4584"}],"wp:term":[{"taxonomy":"category","embeddable":true,"href":"https:\/\/turkiyemhaber.com\/index.php?rest_route=%2Fwp%2Fv2%2Fcategories&post=4584"},{"taxonomy":"post_tag","embeddable":true,"href":"https:\/\/turkiyemhaber.com\/index.php?rest_route=%2Fwp%2Fv2%2Ftags&post=4584"}],"curies":[{"name":"wp","href":"https:\/\/api.w.org\/{rel}","templated":true}]}}