{"id":4581,"date":"2026-08-01T15:41:21","date_gmt":"2026-08-01T15:41:21","guid":{"rendered":"https:\/\/turkiyemhaber.com\/?p=4581"},"modified":"2026-08-01T15:41:25","modified_gmt":"2026-08-01T15:41:25","slug":"abdnin-kripto-duzenlemesinde-geri-sayim-clarity-yasasi-belirsizligini-koruyor","status":"publish","type":"post","link":"https:\/\/turkiyemhaber.com\/?p=4581","title":{"rendered":"ABD&#8217;nin Kripto D\u00fczenlemesinde Geri Say\u0131m: CLARITY Yasas\u0131 Belirsizli\u011fini Koruyor"},"content":{"rendered":"\n<p class=\"wp-block-paragraph\">ABD&#8217;de kripto para piyasas\u0131n\u0131n gelece\u011fini \u015fekillendirecek en \u00f6nemli d\u00fczenlemelerden biri olarak g\u00f6r\u00fclen <strong>CLARITY Yasas\u0131<\/strong> i\u00e7in kritik s\u00fcre\u00e7 devam ediyor. Ancak Senato&#8217;daki yo\u011fun g\u00fcndem ve siyasi uzla\u015fmazl\u0131klar nedeniyle yasan\u0131n bu y\u0131l y\u00fcr\u00fcrl\u00fc\u011fe girme ihtimali zay\u0131flam\u0131\u015f durumda.<\/p>\n\n\n\n<p class=\"wp-block-paragraph\">Tahmin piyasas\u0131 Polymarket verilerine g\u00f6re, yat\u0131r\u0131mc\u0131lar ABD Ba\u015fkan\u0131 Donald Trump&#8217;\u0131n CLARITY Yasas\u0131&#8217;n\u0131 2026 y\u0131l\u0131 sonuna kadar imzalama ihtimalini y\u00fczde 25 olarak de\u011ferlendiriyor. Bu oran, hafta ba\u015f\u0131ndaki y\u00fczde 30 seviyesinden gerileyerek yasa s\u00fcrecine ili\u015fkin belirsizli\u011fin artt\u0131\u011f\u0131n\u0131 ortaya koyuyor.<\/p>\n\n\n\n<h2 class=\"wp-block-heading\">G\u00f6zler Beyaz Saray ve Senato&#8217;da<\/h2>\n\n\n\n<p class=\"wp-block-paragraph\">Kripto piyasas\u0131n\u0131 yak\u0131ndan ilgilendiren d\u00fczenlemenin gelece\u011fi, Beyaz Saray&#8217;\u0131n iki partili etik uzla\u015f\u0131 \u00f6nerisine verece\u011fi karara ba\u011fl\u0131 bulunuyor.<\/p>\n\n\n\n<p class=\"wp-block-paragraph\">SkyBridge Capital&#8217;in kurucusu Anthony Scaramucci, Ba\u015fkan Donald Trump&#8217;\u0131n Cumhuriyet\u00e7i Senat\u00f6r Thom Tillis ile Demokrat Senat\u00f6r Ruben Gallego taraf\u0131ndan haz\u0131rlanan yeni etik d\u00fczenleme teklifini kabul edece\u011fini d\u00fc\u015f\u00fcnd\u00fc\u011f\u00fcn\u00fc belirtti.<\/p>\n\n\n\n<p class=\"wp-block-paragraph\">Scaramucci, sosyal medya hesab\u0131ndan yapt\u0131\u011f\u0131 payla\u015f\u0131mda, Ba\u015fkan&#8217;\u0131n \u00f6neriyi onaylamas\u0131 halinde CLARITY Yasas\u0131&#8217;n\u0131n \u00f6n\u00fcndeki en b\u00fcy\u00fck engelin kalkaca\u011f\u0131n\u0131 ifade etti. Ancak Beyaz Saray veya Donald Trump taraf\u0131ndan s\u00f6z konusu uzla\u015f\u0131ya ili\u015fkin resmi bir a\u00e7\u0131klama yap\u0131lm\u0131\u015f de\u011fil.<\/p>\n\n\n\n<h2 class=\"wp-block-heading\">Senato Takvimi Yo\u011fun<\/h2>\n\n\n\n<p class=\"wp-block-paragraph\">Cumhuriyet\u00e7i Senat\u00f6r Cynthia Lummis, Senato \u00c7o\u011funluk Lideri John Thune&#8217;un CLARITY Yasas\u0131 i\u00e7in a\u011fustos tatilinden \u00f6nce g\u00fcndemde yer ay\u0131rd\u0131\u011f\u0131n\u0131 ve d\u00fczenlemeyi g\u00f6r\u00fc\u015fmeyi planlad\u0131\u011f\u0131n\u0131 a\u00e7\u0131klad\u0131.<\/p>\n\n\n\n<p class=\"wp-block-paragraph\">Buna ra\u011fmen Senato&#8217;nun \u00f6n\u00fcnde federal atamalar, ge\u00e7ici b\u00fct\u00e7e d\u00fczenlemeleri ile \u0130ran ve Rusya-Ukrayna yapt\u0131r\u0131mlar\u0131na ili\u015fkin oylamalar gibi bir\u00e7ok \u00f6nemli g\u00fcndem maddesi bulunuyor. Bu nedenle yasan\u0131n k\u0131sa s\u00fcre i\u00e7inde oylan\u0131p oylanamayaca\u011f\u0131 hen\u00fcz netlik kazanm\u0131\u015f de\u011fil.<\/p>\n\n\n\n<h2 class=\"wp-block-heading\">Etik D\u00fczenleme Tart\u0131\u015fmalar\u0131n Merkezinde<\/h2>\n\n\n\n<p class=\"wp-block-paragraph\">CLARITY Yasas\u0131 g\u00f6r\u00fc\u015fmelerinde en \u00f6nemli anla\u015fmazl\u0131k noktalar\u0131ndan biri etik d\u00fczenlemeler olmaya devam ediyor.<\/p>\n\n\n\n<p class=\"wp-block-paragraph\">Demokratlar, \u00f6nceki taslakta dijital varl\u0131klarla ilgili denetim yetkisinin yaln\u0131zca federal savc\u0131lara b\u0131rak\u0131lmas\u0131na itiraz etmi\u015fti.<\/p>\n\n\n\n<p class=\"wp-block-paragraph\">Haz\u0131rlanan yeni \u00f6neride ise eyalet ba\u015fsavc\u0131lar\u0131na da uygulama ve denetim konusunda yetki verilmesi \u00f6ng\u00f6r\u00fcl\u00fcyor. B\u00f6ylece hem Demokratlar\u0131n hem de baz\u0131 Cumhuriyet\u00e7i senat\u00f6rlerin \u00e7ekincelerinin giderilmesi hedefleniyor.<\/p>\n\n\n\n<p class=\"wp-block-paragraph\">Bunun yan\u0131nda ba\u015fkan, ba\u015fkan yard\u0131mc\u0131s\u0131 ve di\u011fer \u00fcst d\u00fczey federal g\u00f6revlilerin g\u00f6rev s\u00fcreleri boyunca dijital varl\u0131k ihra\u00e7 etmeleri veya bu varl\u0131klar\u0131 desteklemelerine y\u00f6nelik \u00e7e\u015fitli s\u0131n\u0131rlamalar da d\u00fczenlemede yer al\u0131yor.<\/p>\n\n\n\n<h2 class=\"wp-block-heading\">Kripto D\u00fczenlemesinde G\u00f6r\u00fc\u015f Ayr\u0131l\u0131klar\u0131 S\u00fcr\u00fcyor<\/h2>\n\n\n\n<p class=\"wp-block-paragraph\">Etik d\u00fczenleme konusunda uzla\u015f\u0131 sa\u011flansa bile yasa metni \u00fczerindeki tart\u0131\u015fmalar devam ediyor.<\/p>\n\n\n\n<p class=\"wp-block-paragraph\">Senat\u00f6rler aras\u0131nda;<\/p>\n\n\n\n<ul class=\"wp-block-list\">\n<li>Stablecoin getirileri,<\/li>\n\n\n\n<li>Blok zinciri geli\u015ftiricilerine sa\u011flanacak hukuki korumalar,<\/li>\n\n\n\n<li>Dijital varl\u0131klar\u0131n denetiminin ABD Menkul K\u0131ymetler ve Borsa Komisyonu (SEC) ile Emtia Vadeli \u0130\u015flemler Ticaret Komisyonu (CFTC) aras\u0131nda nas\u0131l payla\u015f\u0131laca\u011f\u0131,<\/li>\n<\/ul>\n\n\n\n<p class=\"wp-block-paragraph\">konular\u0131nda g\u00f6r\u00fc\u015f ayr\u0131l\u0131klar\u0131 bulunuyor.<\/p>\n\n\n\n<p class=\"wp-block-paragraph\">Cumhuriyet\u00e7ilerin Senato&#8217;da 53 sandalyesi bulunurken, yasan\u0131n usul oylamas\u0131n\u0131 ge\u00e7ebilmesi i\u00e7in en az yedi Demokrat senat\u00f6r\u00fcn deste\u011fine ihtiya\u00e7 duyuluyor.<\/p>\n\n\n\n<h2 class=\"wp-block-heading\">Kripto Sekt\u00f6r\u00fcnden H\u0131zl\u0131 Oylama \u00c7a\u011fr\u0131s\u0131<\/h2>\n\n\n\n<p class=\"wp-block-paragraph\">Kripto para sekt\u00f6r\u00fcn\u00fcn \u00f6nde gelen \u015firketleri de s\u00fcrecin h\u0131zland\u0131r\u0131lmas\u0131 i\u00e7in Washington&#8217;a \u00e7a\u011fr\u0131da bulunuyor.<\/p>\n\n\n\n<p class=\"wp-block-paragraph\">Digital Currency Group, Senato y\u00f6netimine g\u00f6nderdi\u011fi mektupta d\u00fczenleyici belirsizli\u011fin ABD&#8217;deki kripto yat\u0131r\u0131mlar\u0131 ve istihdam \u00fczerinde olumsuz etki olu\u015fturdu\u011funu belirterek CLARITY Yasas\u0131&#8217;n\u0131n a\u011fustos tatiline girmeden \u00f6nce oylanmas\u0131n\u0131 istedi.<\/p>\n\n\n\n<p class=\"wp-block-paragraph\">ABD Hazine Bakan\u0131 Scott Bessent de Senato&#8217;nun d\u00fczenlemeyi vakit kaybetmeden g\u00fcndemine almas\u0131 gerekti\u011fini ifade etti.<\/p>\n\n\n\n<p class=\"wp-block-paragraph\">Kripto sekt\u00f6r\u00fcn\u00fcn yak\u0131ndan takip etti\u011fi CLARITY Yasas\u0131&#8217;n\u0131n \u00f6n\u00fcm\u00fczdeki haftalarda Senato g\u00fcndemine gelip gelmeyece\u011fi ve siyasi uzla\u015f\u0131n\u0131n sa\u011flan\u0131p sa\u011flanamayaca\u011f\u0131, ABD&#8217;nin dijital varl\u0131klara y\u00f6nelik yeni d\u00fczenleyici \u00e7er\u00e7evesinin \u015fekillenmesinde belirleyici olacak.<\/p>\n","protected":false},"excerpt":{"rendered":"<p>ABD&#8217;de kripto para piyasas\u0131n\u0131n gelece\u011fini \u015fekillendirecek en \u00f6nemli d\u00fczenlemelerden biri olarak g\u00f6r\u00fclen CLARITY Yasas\u0131 i\u00e7in<\/p>\n","protected":false},"author":1,"featured_media":4582,"comment_status":"open","ping_status":"open","sticky":false,"template":"","format":"standard","meta":{"_rtcl_gb_attr":"","footnotes":""},"categories":[14],"tags":[],"class_list":["post-4581","post","type-post","status-publish","format-standard","has-post-thumbnail","hentry","category-ekonomi"],"_links":{"self":[{"href":"https:\/\/turkiyemhaber.com\/index.php?rest_route=\/wp\/v2\/posts\/4581","targetHints":{"allow":["GET"]}}],"collection":[{"href":"https:\/\/turkiyemhaber.com\/index.php?rest_route=\/wp\/v2\/posts"}],"about":[{"href":"https:\/\/turkiyemhaber.com\/index.php?rest_route=\/wp\/v2\/types\/post"}],"author":[{"embeddable":true,"href":"https:\/\/turkiyemhaber.com\/index.php?rest_route=\/wp\/v2\/users\/1"}],"replies":[{"embeddable":true,"href":"https:\/\/turkiyemhaber.com\/index.php?rest_route=%2Fwp%2Fv2%2Fcomments&post=4581"}],"version-history":[{"count":1,"href":"https:\/\/turkiyemhaber.com\/index.php?rest_route=\/wp\/v2\/posts\/4581\/revisions"}],"predecessor-version":[{"id":4583,"href":"https:\/\/turkiyemhaber.com\/index.php?rest_route=\/wp\/v2\/posts\/4581\/revisions\/4583"}],"wp:featuredmedia":[{"embeddable":true,"href":"https:\/\/turkiyemhaber.com\/index.php?rest_route=\/wp\/v2\/media\/4582"}],"wp:attachment":[{"href":"https:\/\/turkiyemhaber.com\/index.php?rest_route=%2Fwp%2Fv2%2Fmedia&parent=4581"}],"wp:term":[{"taxonomy":"category","embeddable":true,"href":"https:\/\/turkiyemhaber.com\/index.php?rest_route=%2Fwp%2Fv2%2Fcategories&post=4581"},{"taxonomy":"post_tag","embeddable":true,"href":"https:\/\/turkiyemhaber.com\/index.php?rest_route=%2Fwp%2Fv2%2Ftags&post=4581"}],"curies":[{"name":"wp","href":"https:\/\/api.w.org\/{rel}","templated":true}]}}