{"id":4578,"date":"2026-08-01T15:24:56","date_gmt":"2026-08-01T15:24:56","guid":{"rendered":"https:\/\/turkiyemhaber.com\/?p=4578"},"modified":"2026-08-01T15:25:01","modified_gmt":"2026-08-01T15:25:01","slug":"tcmbden-doviz-donusum-desteginde-yeni-donem-duzenleme-1-ekimde-yururluge-giriyor","status":"publish","type":"post","link":"https:\/\/turkiyemhaber.com\/?p=4578","title":{"rendered":"TCMB&#8217;den D\u00f6viz D\u00f6n\u00fc\u015f\u00fcm Deste\u011finde Yeni D\u00f6nem: D\u00fczenleme 1 Ekim&#8217;de Y\u00fcr\u00fcrl\u00fc\u011fe Giriyor"},"content":{"rendered":"\n<p class=\"wp-block-paragraph\">T\u00fcrkiye Cumhuriyet Merkez Bankas\u0131 (TCMB), firmalar\u0131n yurt d\u0131\u015f\u0131 kaynakl\u0131 d\u00f6vizlerinin T\u00fcrk liras\u0131na d\u00f6n\u00fc\u015f\u00fcm\u00fcn\u00fc destekleyen uygulamada kapsaml\u0131 de\u011fi\u015fikliklere gitti. Resmi Gazete&#8217;de yay\u0131mlanan yeni tebli\u011f ile d\u00f6viz d\u00f6n\u00fc\u015f\u00fcm deste\u011finin kapsam\u0131 geni\u015fletilirken, uygulamaya ili\u015fkin yeni kriterler de belirlendi.<\/p>\n\n\n\n<h2 class=\"wp-block-heading\">Katma De\u011fere G\u00f6re Destek Verilecek<\/h2>\n\n\n\n<p class=\"wp-block-paragraph\">Yeni d\u00fczenlemeye g\u00f6re firmalar, \u00fcrettikleri katma de\u011fer do\u011frultusunda d\u00f6viz d\u00f6n\u00fc\u015f\u00fcm deste\u011finden yararlanabilecek. Katma de\u011fer hesaplamas\u0131nda firmalar\u0131n k\u00e2rl\u0131l\u0131klar\u0131 ile i\u015f g\u00fcc\u00fc maliyetleri dikkate al\u0131nacak.<\/p>\n\n\n\n<p class=\"wp-block-paragraph\">Arac\u0131 ihracat\u00e7\u0131lar ise kendi katma de\u011fer limitlerini doldurmalar\u0131 halinde, katma de\u011feri y\u00fcksek tedarik\u00e7ileri ad\u0131na d\u00f6viz d\u00f6n\u00fc\u015f\u00fcm i\u015flemi ger\u00e7ekle\u015ftirebilecek. Bu kapsamda sa\u011flanacak d\u00f6viz d\u00f6n\u00fc\u015f\u00fcm deste\u011fi do\u011frudan tedarik\u00e7i firman\u0131n hesab\u0131na yat\u0131r\u0131lacak.<\/p>\n\n\n\n<h2 class=\"wp-block-heading\">D\u00f6viz Almama Taahh\u00fcd\u00fc Kald\u0131r\u0131ld\u0131<\/h2>\n\n\n\n<p class=\"wp-block-paragraph\">Yeni uygulamayla birlikte d\u00f6viz d\u00f6n\u00fc\u015f\u00fcm deste\u011finden yararlanacak firmalar i\u00e7in daha \u00f6nce uygulanan &#8220;d\u00f6viz almama taahh\u00fcd\u00fc&#8221; kald\u0131r\u0131ld\u0131.<\/p>\n\n\n\n<p class=\"wp-block-paragraph\">Bunun yerine firmalar\u0131n d\u00f6viz pozisyonlar\u0131na dayal\u0131 yeni bir sistem getirildi. Buna g\u00f6re destekten faydalanmak isteyen firmalar\u0131n d\u00f6viz pozisyonlar\u0131, ba\u015fvuru \u00f6ncesinde T\u00fcrkiye Cumhuriyet Merkez Bankas\u0131 taraf\u0131ndan belirlenecek \u00fcst s\u0131n\u0131r\u0131 a\u015famayacak.<\/p>\n\n\n\n<h2 class=\"wp-block-heading\">Bankalar\u0131n Rol\u00fc G\u00fc\u00e7lendirildi<\/h2>\n\n\n\n<p class=\"wp-block-paragraph\">D\u00fczenleme kapsam\u0131nda uygulaman\u0131n daha etkin y\u00fcr\u00fct\u00fclmesi amac\u0131yla bankalar\u0131n arac\u0131l\u0131k g\u00f6revleri de g\u00fc\u00e7lendirildi. Ayr\u0131ca sistemin daha verimli i\u015flemesini sa\u011flayacak ilave tedbirler de hayata ge\u00e7irildi.<\/p>\n\n\n\n<p class=\"wp-block-paragraph\">Uygulamaya ili\u015fkin ayr\u0131nt\u0131lar ise T\u00fcrkiye Cumhuriyet Merkez Bankas\u0131 taraf\u0131ndan yay\u0131mlanacak Uygulama Talimat\u0131 ile a\u00e7\u0131klanacak.<\/p>\n\n\n\n<h2 class=\"wp-block-heading\">Destek Oran\u0131 ve Ge\u00e7ici S\u00fcre Uzat\u0131ld\u0131<\/h2>\n\n\n\n<p class=\"wp-block-paragraph\">Yeni tebli\u011fe g\u00f6re d\u00f6viz d\u00f6n\u00fc\u015f\u00fcm deste\u011finin temel oran\u0131 y\u00fczde 2 olarak belirlendi.<\/p>\n\n\n\n<p class=\"wp-block-paragraph\">Bununla birlikte, y\u00fczde 3 destek \u00f6demesi uygulanmas\u0131 ile ihracat bedeli sat\u0131\u015f y\u00fck\u00fcml\u00fcl\u00fc\u011f\u00fcn\u00fcn y\u00fczde 35 olarak devam etmesine ili\u015fkin ge\u00e7ici uygulaman\u0131n s\u00fcresi de uzat\u0131ld\u0131.<\/p>\n\n\n\n<p class=\"wp-block-paragraph\">31 Temmuz&#8217;da sona ermesi planlanan ge\u00e7ici uygulamalar, al\u0131nan kararla <strong>31 Ocak 2027<\/strong> tarihine kadar devam edecek.<\/p>\n\n\n\n<h2 class=\"wp-block-heading\">D\u00fczenleme 1 Ekim&#8217;de Uygulanacak<\/h2>\n\n\n\n<p class=\"wp-block-paragraph\">T\u00fcrkiye Cumhuriyet Merkez Bankas\u0131 taraf\u0131ndan y\u00fcr\u00fcrl\u00fc\u011fe konulan yeni d\u00fczenleme, <strong>1 Ekim 2026<\/strong> tarihinden itibaren uygulanmaya ba\u015flanacak. Yeni sistemle birlikte d\u00f6viz d\u00f6n\u00fc\u015f\u00fcm deste\u011finin katma de\u011feri y\u00fcksek \u00fcretimi te\u015fvik etmesi, ihracat\u00e7\u0131lar\u0131n finansal yap\u0131s\u0131n\u0131 g\u00fc\u00e7lendirmesi ve T\u00fcrk liras\u0131na d\u00f6n\u00fc\u015f\u00fcm s\u00fcrecinin daha etkin \u015fekilde s\u00fcrd\u00fcr\u00fclmesi hedefleniyor.<\/p>\n","protected":false},"excerpt":{"rendered":"<p>T\u00fcrkiye Cumhuriyet Merkez Bankas\u0131 (TCMB), firmalar\u0131n yurt d\u0131\u015f\u0131 kaynakl\u0131 d\u00f6vizlerinin T\u00fcrk liras\u0131na d\u00f6n\u00fc\u015f\u00fcm\u00fcn\u00fc destekleyen uygulamada<\/p>\n","protected":false},"author":1,"featured_media":4579,"comment_status":"open","ping_status":"open","sticky":false,"template":"","format":"standard","meta":{"_rtcl_gb_attr":"","footnotes":""},"categories":[14],"tags":[],"class_list":["post-4578","post","type-post","status-publish","format-standard","has-post-thumbnail","hentry","category-ekonomi"],"_links":{"self":[{"href":"https:\/\/turkiyemhaber.com\/index.php?rest_route=\/wp\/v2\/posts\/4578","targetHints":{"allow":["GET"]}}],"collection":[{"href":"https:\/\/turkiyemhaber.com\/index.php?rest_route=\/wp\/v2\/posts"}],"about":[{"href":"https:\/\/turkiyemhaber.com\/index.php?rest_route=\/wp\/v2\/types\/post"}],"author":[{"embeddable":true,"href":"https:\/\/turkiyemhaber.com\/index.php?rest_route=\/wp\/v2\/users\/1"}],"replies":[{"embeddable":true,"href":"https:\/\/turkiyemhaber.com\/index.php?rest_route=%2Fwp%2Fv2%2Fcomments&post=4578"}],"version-history":[{"count":1,"href":"https:\/\/turkiyemhaber.com\/index.php?rest_route=\/wp\/v2\/posts\/4578\/revisions"}],"predecessor-version":[{"id":4580,"href":"https:\/\/turkiyemhaber.com\/index.php?rest_route=\/wp\/v2\/posts\/4578\/revisions\/4580"}],"wp:featuredmedia":[{"embeddable":true,"href":"https:\/\/turkiyemhaber.com\/index.php?rest_route=\/wp\/v2\/media\/4579"}],"wp:attachment":[{"href":"https:\/\/turkiyemhaber.com\/index.php?rest_route=%2Fwp%2Fv2%2Fmedia&parent=4578"}],"wp:term":[{"taxonomy":"category","embeddable":true,"href":"https:\/\/turkiyemhaber.com\/index.php?rest_route=%2Fwp%2Fv2%2Fcategories&post=4578"},{"taxonomy":"post_tag","embeddable":true,"href":"https:\/\/turkiyemhaber.com\/index.php?rest_route=%2Fwp%2Fv2%2Ftags&post=4578"}],"curies":[{"name":"wp","href":"https:\/\/api.w.org\/{rel}","templated":true}]}}