{"id":4575,"date":"2026-08-01T15:20:59","date_gmt":"2026-08-01T15:20:59","guid":{"rendered":"https:\/\/turkiyemhaber.com\/?p=4575"},"modified":"2026-08-01T15:21:04","modified_gmt":"2026-08-01T15:21:04","slug":"a101in-sahibi-aydin-grup-carrefoursayi-resmen-satin-aldi","status":"publish","type":"post","link":"https:\/\/turkiyemhaber.com\/?p=4575","title":{"rendered":"A101&#8217;in Sahibi Ayd\u0131n Grup, CarrefourSA&#8217;y\u0131 Resmen Sat\u0131n Ald\u0131"},"content":{"rendered":"\n<p class=\"wp-block-paragraph\">T\u00fcrkiye perakende sekt\u00f6r\u00fcnde \u00f6nemli bir devir s\u00fcreci tamamland\u0131. CarrefourSA&#8217;n\u0131n sermayesini temsil eden hisselerin y\u00fczde 89,28&#8217;inin Ayd\u0131n Grup b\u00fcnyesinde faaliyet g\u00f6steren Yeni Ma\u011fazac\u0131l\u0131k A\u015e&#8217;ye devrine ili\u015fkin Rekabet Kurumu ba\u015fta olmak \u00fczere t\u00fcm yasal onay s\u00fcre\u00e7leri tamamlan\u0131rken, devir i\u015flemi bug\u00fcn itibar\u0131yla resmen ger\u00e7ekle\u015fti.<\/p>\n\n\n\n<p class=\"wp-block-paragraph\">Ger\u00e7ekle\u015fen hisse devriyle birlikte Sabanc\u0131 Holding ile Carrefour Grubu&#8217;nun CarrefourSA&#8217;daki ortakl\u0131klar\u0131 sona erdi. \u015eirket, bundan sonraki faaliyetlerini Ayd\u0131n Grup \u00e7at\u0131s\u0131 alt\u0131nda s\u00fcrd\u00fcrecek.<\/p>\n\n\n\n<h2 class=\"wp-block-heading\">CarrefourSA ve A101 Ayr\u0131 Markalar Olarak Faaliyetlerini S\u00fcrd\u00fcrecek<\/h2>\n\n\n\n<p class=\"wp-block-paragraph\">Devir i\u015fleminin ard\u0131ndan Ayd\u0131n Grup b\u00fcnyesindeki Yeni Ma\u011fazac\u0131l\u0131k \u00e7at\u0131s\u0131 alt\u0131nda faaliyet g\u00f6sterecek olan CarrefourSA ve A101, farkl\u0131 y\u00f6netim yap\u0131lar\u0131yla, kendi marka kimliklerini koruyarak ve faaliyet g\u00f6sterdikleri farkl\u0131 perakende segmentlerinde ba\u011f\u0131ms\u0131z \u015fekilde hizmet vermeye devam edecek.<\/p>\n\n\n\n<p class=\"wp-block-paragraph\">CarrefourSA&#8217;n\u0131n uzun y\u0131llara dayanan perakende deneyiminin, Ayd\u0131n Grup&#8217;un g\u00fc\u00e7l\u00fc finansal yap\u0131s\u0131yla birle\u015fmesiyle birlikte \u015firketin yeni bir b\u00fcy\u00fcme d\u00f6nemine girmesi hedefleniyor. CarrefourSA&#8217;n\u0131n \u00fcst y\u00f6netiminde ise CEO Hatice Evren g\u00f6revini s\u00fcrd\u00fcrecek.<\/p>\n\n\n\n<h2 class=\"wp-block-heading\">&#8220;Yeni Bir Sayfa A\u00e7\u0131yoruz&#8221;<\/h2>\n\n\n\n<p class=\"wp-block-paragraph\">Ayd\u0131n Grup Y\u00f6netim Kurulu \u00dcyesi Erhan Bostan, devir i\u015fleminin tamamlanmas\u0131n\u0131n ard\u0131ndan yapt\u0131\u011f\u0131 de\u011ferlendirmede CarrefourSA i\u00e7in yeni bir d\u00f6nemin ba\u015flad\u0131\u011f\u0131n\u0131 belirtti.<\/p>\n\n\n\n<p class=\"wp-block-paragraph\">Bostan, CarrefourSA&#8217;n\u0131n g\u00fc\u00e7lenecek finansal yap\u0131s\u0131yla birlikte daha cesur yat\u0131r\u0131mlar yapabileceklerini ifade ederek, ma\u011fazalara gelen m\u00fc\u015fterilere daha kaliteli ve keyifli bir al\u0131\u015fveri\u015f deneyimi sunmay\u0131 hedeflediklerini s\u00f6yledi.<\/p>\n\n\n\n<p class=\"wp-block-paragraph\">\u0130\u015f ortaklar\u0131 ve tedarik\u00e7iler a\u00e7\u0131s\u0131ndan g\u00fcven veren, birlikte b\u00fcy\u00fcmeyi te\u015fvik eden bir yap\u0131 olu\u015fturmay\u0131 \u00f6nemsediklerini belirten Bostan, \u00e7al\u0131\u015fanlar i\u00e7in ise geli\u015fim f\u0131rsatlar\u0131 sunan, motivasyonu y\u00fcksek ve par\u00e7as\u0131 olmaktan gurur duyulan bir \u00e7al\u0131\u015fma ortam\u0131 olu\u015fturmay\u0131 ama\u00e7lad\u0131klar\u0131n\u0131 dile getirdi.<\/p>\n\n\n\n<p class=\"wp-block-paragraph\">Bostan, g\u00fc\u00e7l\u00fc finansman, sa\u011flam bir ekosistem ve s\u00fcrd\u00fcr\u00fclebilir ticaret anlay\u0131\u015f\u0131n\u0131n bu yeni d\u00f6nemin temelini olu\u015fturaca\u011f\u0131n\u0131 vurgulad\u0131.<\/p>\n\n\n\n<h2 class=\"wp-block-heading\">Yeni Ma\u011fazalarla T\u00fcrkiye Genelinde B\u00fcy\u00fcme Hedefi<\/h2>\n\n\n\n<p class=\"wp-block-paragraph\">Erhan Bostan, CarrefourSA&#8217;n\u0131n en \u00f6nemli avantajlar\u0131ndan birinin taze, kaliteli ve zengin \u00fcr\u00fcn \u00e7e\u015fitlili\u011fi oldu\u011funu belirterek bu g\u00fcc\u00fc daha da art\u0131rmay\u0131 planlad\u0131klar\u0131n\u0131 s\u00f6yledi.<\/p>\n\n\n\n<p class=\"wp-block-paragraph\">T\u00fcrkiye&#8217;nin d\u00f6rt bir yan\u0131nda daha fazla t\u00fcketiciye ula\u015fmay\u0131 hedeflediklerini ifade eden Bostan, yeni ma\u011faza yat\u0131r\u0131mlar\u0131yla eri\u015fim a\u011f\u0131n\u0131 geni\u015fleteceklerini belirtti.<\/p>\n\n\n\n<p class=\"wp-block-paragraph\">Ayd\u0131n Grup&#8217;un hedefleri aras\u0131nda CarrefourSA&#8217;n\u0131n T\u00fcrkiye&#8217;nin t\u00fcm illerinde daha g\u00fc\u00e7l\u00fc \u015fekilde faaliyet g\u00f6stermesi, kaliteli \u00fcr\u00fcnleri daha eri\u015filebilir hale getirmesi ve yerli \u00fcreticilerle olan i\u015f birliklerini art\u0131rmas\u0131 yer al\u0131yor.<\/p>\n\n\n\n<p class=\"wp-block-paragraph\">\u015eirket, yeni d\u00f6nemde ekonomiye sa\u011flad\u0131\u011f\u0131 katk\u0131y\u0131 art\u0131rmay\u0131, istihdam\u0131 b\u00fcy\u00fctmeyi ve yerli tedarik\u00e7ilerle kurdu\u011fu g\u00fc\u00e7l\u00fc i\u015f ortakl\u0131klar\u0131n\u0131 daha da geli\u015ftirmeyi ama\u00e7l\u0131yor. B\u00f6ylece CarrefourSA&#8217;n\u0131n, Ayd\u0131n Grup&#8217;un finansal g\u00fcc\u00fcyle birlikte T\u00fcrkiye perakende sekt\u00f6r\u00fcndeki b\u00fcy\u00fcmesini h\u0131zland\u0131rmas\u0131 bekleniyor.<\/p>\n","protected":false},"excerpt":{"rendered":"<p>T\u00fcrkiye perakende sekt\u00f6r\u00fcnde \u00f6nemli bir devir s\u00fcreci tamamland\u0131. CarrefourSA&#8217;n\u0131n sermayesini temsil eden hisselerin y\u00fczde 89,28&#8217;inin<\/p>\n","protected":false},"author":1,"featured_media":4576,"comment_status":"open","ping_status":"open","sticky":false,"template":"","format":"standard","meta":{"_rtcl_gb_attr":"","footnotes":""},"categories":[14],"tags":[],"class_list":["post-4575","post","type-post","status-publish","format-standard","has-post-thumbnail","hentry","category-ekonomi"],"_links":{"self":[{"href":"https:\/\/turkiyemhaber.com\/index.php?rest_route=\/wp\/v2\/posts\/4575","targetHints":{"allow":["GET"]}}],"collection":[{"href":"https:\/\/turkiyemhaber.com\/index.php?rest_route=\/wp\/v2\/posts"}],"about":[{"href":"https:\/\/turkiyemhaber.com\/index.php?rest_route=\/wp\/v2\/types\/post"}],"author":[{"embeddable":true,"href":"https:\/\/turkiyemhaber.com\/index.php?rest_route=\/wp\/v2\/users\/1"}],"replies":[{"embeddable":true,"href":"https:\/\/turkiyemhaber.com\/index.php?rest_route=%2Fwp%2Fv2%2Fcomments&post=4575"}],"version-history":[{"count":1,"href":"https:\/\/turkiyemhaber.com\/index.php?rest_route=\/wp\/v2\/posts\/4575\/revisions"}],"predecessor-version":[{"id":4577,"href":"https:\/\/turkiyemhaber.com\/index.php?rest_route=\/wp\/v2\/posts\/4575\/revisions\/4577"}],"wp:featuredmedia":[{"embeddable":true,"href":"https:\/\/turkiyemhaber.com\/index.php?rest_route=\/wp\/v2\/media\/4576"}],"wp:attachment":[{"href":"https:\/\/turkiyemhaber.com\/index.php?rest_route=%2Fwp%2Fv2%2Fmedia&parent=4575"}],"wp:term":[{"taxonomy":"category","embeddable":true,"href":"https:\/\/turkiyemhaber.com\/index.php?rest_route=%2Fwp%2Fv2%2Fcategories&post=4575"},{"taxonomy":"post_tag","embeddable":true,"href":"https:\/\/turkiyemhaber.com\/index.php?rest_route=%2Fwp%2Fv2%2Ftags&post=4575"}],"curies":[{"name":"wp","href":"https:\/\/api.w.org\/{rel}","templated":true}]}}