{"id":4514,"date":"2026-07-31T12:19:38","date_gmt":"2026-07-31T12:19:38","guid":{"rendered":"https:\/\/turkiyemhaber.com\/?p=4514"},"modified":"2026-07-31T12:19:42","modified_gmt":"2026-07-31T12:19:42","slug":"uluslararasi-buyukcekmece-kultur-ve-sanat-festivali-12nci-kez-dunyanin-en-iyi-festivali-secildi","status":"publish","type":"post","link":"https:\/\/turkiyemhaber.com\/?p=4514","title":{"rendered":"Uluslararas\u0131 B\u00fcy\u00fck\u00e7ekmece K\u00fclt\u00fcr ve Sanat Festivali 12\u2019nci kez \u201cD\u00fcnyan\u0131n En \u0130yi Festivali\u201d se\u00e7ildi"},"content":{"rendered":"\n<p class=\"wp-block-paragraph\">K\u00fclt\u00fcrleri &#8220;dostluk, karde\u015flik ve bar\u0131\u015f&#8221; \u00e7at\u0131s\u0131 alt\u0131nda bulu\u015fturan Uluslararas\u0131 \u0130stanbul B\u00fcy\u00fck\u00e7ekmece K\u00fclt\u00fcr ve Sanat Festivali, uluslararas\u0131 alandaki ba\u015far\u0131s\u0131n\u0131 bir kez daha ta\u00e7land\u0131rd\u0131.<\/p>\n\n\n\n<p class=\"wp-block-paragraph\"><strong>(\u0130STANBUL)<\/strong>&nbsp;&#8211; K\u00fclt\u00fcrleri &#8220;dostluk, karde\u015flik ve bar\u0131\u015f&#8221; \u00e7at\u0131s\u0131 alt\u0131nda bulu\u015fturan Uluslararas\u0131&nbsp;<a href=\"https:\/\/www.sondakika.com\/istanbul\/\">\u0130stanbul<\/a>&nbsp;<a href=\"https:\/\/www.sondakika.com\/buyukcekmece\/\">B\u00fcy\u00fck\u00e7ekmece<\/a>&nbsp;K\u00fclt\u00fcr ve&nbsp;<a href=\"https:\/\/www.sondakika.com\/sanat\/\">Sanat<\/a>&nbsp;Festivali, uluslararas\u0131 alandaki ba\u015far\u0131s\u0131n\u0131 bir kez daha ta\u00e7land\u0131rd\u0131.<\/p>\n\n\n\n<p class=\"wp-block-paragraph\">27 y\u0131ld\u0131r d\u00fcnyan\u0131n farkl\u0131 co\u011frafyalar\u0131ndan sanat\u00e7\u0131lar\u0131 ve k\u00fclt\u00fcrleri B\u00fcy\u00fck\u00e7ekmece&#8217;de bulu\u015fturan festival, UNESCO&#8217;nun kurulu\u015fu olan CIOFF (Uluslararas\u0131 Folklor Festivalleri ve Geleneksel Sanatlar Organizasyon Konseyi) taraf\u0131ndan 12&#8217;nci kez &#8220;D\u00fcnyan\u0131n En \u0130yi Festivali&#8221; se\u00e7ildi.<\/p>\n\n\n\n<p class=\"wp-block-paragraph\">B\u00fcy\u00fck\u00e7ekmece Belediye Ba\u015fkan\u0131 Hasan Akg\u00fcn&#8217;\u00fcn \u00f6nc\u00fcl\u00fc\u011f\u00fcnde 27 y\u0131ld\u0131r aral\u0131ks\u0131z devam eden Uluslararas\u0131 \u0130stanbul B\u00fcy\u00fck\u00e7ekmece K\u00fclt\u00fcr ve Sanat Festivali, 12&#8217;nci kez elde etti\u011fi bu ba\u015far\u0131yla d\u00fcnya festivalleri aras\u0131nda zirvedeki yerini korudu.<\/p>\n\n\n\n<p class=\"wp-block-paragraph\">Festival kapsam\u0131nda ger\u00e7ekle\u015ftirilen \u00f6d\u00fcl t\u00f6reninde b\u00fcy\u00fck bir gurur ya\u015fatan \u00f6d\u00fcl, CIOFF Ba\u015fkan\u0131 Muammer Arslan taraf\u0131ndan takdim edildi. \u00d6d\u00fcl\u00fc B\u00fcy\u00fck\u00e7ekmece Belediye Ba\u015fkan Vekili Hakan \u00c7ebi ile FIDAF E\u015f Ba\u015fkan\u0131 ve Festival Komitesi Ba\u015fkan Yard\u0131mc\u0131s\u0131 H. G\u00fcrhan Ozano\u011flu ald\u0131.<\/p>\n\n\n\n<p class=\"wp-block-paragraph\"><strong>HAKAN \u00c7EB<\/strong><strong>\u0130<\/strong><strong>: &#8220;FEST<\/strong><strong>\u0130<\/strong><strong>VAL<\/strong><strong>\u0130<\/strong><strong>M<\/strong><strong>\u0130<\/strong><strong>ZLE B\u00dcY\u00dcK B<\/strong><strong>\u0130<\/strong><strong>R GURUR YA\u015e<\/strong><strong>I<\/strong><strong>YORUZ&#8221;<\/strong><\/p>\n\n\n\n<p class=\"wp-block-paragraph\">B\u00fcy\u00fck\u00e7ekmece Belediye Ba\u015fkan Vekili Hakan \u00c7ebi, Uluslararas\u0131 \u0130stanbul B\u00fcy\u00fck\u00e7ekmece K\u00fclt\u00fcr ve Sanat Festivali&#8217;nin 12&#8217;nci kez &#8220;D\u00fcnyan\u0131n En \u0130yi Festivali&#8221; se\u00e7ilmesinin b\u00fcy\u00fck bir gurur oldu\u011funu belirterek \u015funlar\u0131 s\u00f6yledi:<\/p>\n\n\n\n<p class=\"wp-block-paragraph\">&#8220;Bug\u00fcn burada, B\u00fcy\u00fck\u00e7ekmece&#8217;miz ad\u0131na bir kez daha b\u00fcy\u00fck bir gururu ve onuru hep birlikte ya\u015f\u0131yoruz. UNESCO&#8217;nun resmi orta\u011f\u0131 olan CIOFF (Uluslararas\u0131 Folklor Festivalleri ve Geleneksel Sanatlar Organizasyon Konseyi); d\u00fcnya k\u00fclt\u00fcr miras\u0131n\u0131n korunmas\u0131, ya\u015fat\u0131lmas\u0131 ve gelecek ku\u015faklara aktar\u0131lmas\u0131 i\u00e7in faaliyet g\u00f6steren en sayg\u0131n uluslararas\u0131 k\u00fclt\u00fcr kurulu\u015flar\u0131ndan biridir. B\u00f6ylesine de\u011ferli bir kurulu\u015f taraf\u0131ndan bir kez daha &#8216;D\u00fcnyan\u0131n En \u0130yi Festivali&#8217;&nbsp;\u00f6d\u00fcl\u00fcne lay\u0131k g\u00f6r\u00fclmek, bizler i\u00e7in b\u00fcy\u00fck bir onurdur. B\u00fcy\u00fck\u00e7ekmece Belediye Ba\u015fkan\u0131&#8217;m\u0131z Say\u0131n Hasan Akg\u00fcn&#8217;\u00fcn \u00f6nc\u00fcl\u00fc\u011f\u00fcnde 27 y\u0131ld\u0131r aral\u0131ks\u0131z d\u00fczenledi\u011fimiz Uluslararas\u0131 \u0130stanbul B\u00fcy\u00fck\u00e7ekmece K\u00fclt\u00fcr ve Sanat Festivali&#8217;miz; farkl\u0131 k\u00fclt\u00fcrleri dostluk, karde\u015flik ve bar\u0131\u015f \u00e7at\u0131s\u0131 alt\u0131nda bulu\u015fturan anlay\u0131\u015f\u0131yla bu y\u0131l da &#8216;D\u00fcnyan\u0131n En \u0130yi Festivali&#8217; \u00fcnvan\u0131na lay\u0131k g\u00f6r\u00fclm\u00fc\u015f ve bu b\u00fcy\u00fck ba\u015far\u0131y\u0131 12 kez ta\u00e7land\u0131rm\u0131\u015ft\u0131r. Ba\u015fta CIOFF ailesi olmak \u00fczere festival komitemize, g\u00f6n\u00fcll\u00fclerimize, sanat\u00e7\u0131lar\u0131m\u0131za ve festivalimizi y\u0131llard\u0131r ayn\u0131 co\u015fkuyla sahiplenen de\u011ferli B\u00fcy\u00fck\u00e7ekmece ailemize y\u00fcrekten te\u015fekk\u00fcr ediyorum. \u00d6n\u00fcm\u00fczdeki y\u0131llarda da d\u00fcnya k\u00fclt\u00fcrlerini bar\u0131\u015f ve dostluk \u00e7at\u0131s\u0131 alt\u0131nda bulu\u015fturmaya ayn\u0131 kararl\u0131l\u0131kla devam edece\u011fimizi ifade ediyor, hepinizi sayg\u0131 ve sevgiyle selaml\u0131yorum.&#8221;<\/p>\n","protected":false},"excerpt":{"rendered":"<p>K\u00fclt\u00fcrleri &#8220;dostluk, karde\u015flik ve bar\u0131\u015f&#8221; \u00e7at\u0131s\u0131 alt\u0131nda bulu\u015fturan Uluslararas\u0131 \u0130stanbul B\u00fcy\u00fck\u00e7ekmece K\u00fclt\u00fcr ve Sanat Festivali,<\/p>\n","protected":false},"author":1,"featured_media":4515,"comment_status":"open","ping_status":"open","sticky":false,"template":"","format":"standard","meta":{"_rtcl_gb_attr":"","footnotes":""},"categories":[1],"tags":[],"class_list":["post-4514","post","type-post","status-publish","format-standard","has-post-thumbnail","hentry","category-http-turkiyemhaber-com-wp-content-uploads-2026-03-saray-59-haber-13-mart-pdf"],"_links":{"self":[{"href":"https:\/\/turkiyemhaber.com\/index.php?rest_route=\/wp\/v2\/posts\/4514","targetHints":{"allow":["GET"]}}],"collection":[{"href":"https:\/\/turkiyemhaber.com\/index.php?rest_route=\/wp\/v2\/posts"}],"about":[{"href":"https:\/\/turkiyemhaber.com\/index.php?rest_route=\/wp\/v2\/types\/post"}],"author":[{"embeddable":true,"href":"https:\/\/turkiyemhaber.com\/index.php?rest_route=\/wp\/v2\/users\/1"}],"replies":[{"embeddable":true,"href":"https:\/\/turkiyemhaber.com\/index.php?rest_route=%2Fwp%2Fv2%2Fcomments&post=4514"}],"version-history":[{"count":1,"href":"https:\/\/turkiyemhaber.com\/index.php?rest_route=\/wp\/v2\/posts\/4514\/revisions"}],"predecessor-version":[{"id":4516,"href":"https:\/\/turkiyemhaber.com\/index.php?rest_route=\/wp\/v2\/posts\/4514\/revisions\/4516"}],"wp:featuredmedia":[{"embeddable":true,"href":"https:\/\/turkiyemhaber.com\/index.php?rest_route=\/wp\/v2\/media\/4515"}],"wp:attachment":[{"href":"https:\/\/turkiyemhaber.com\/index.php?rest_route=%2Fwp%2Fv2%2Fmedia&parent=4514"}],"wp:term":[{"taxonomy":"category","embeddable":true,"href":"https:\/\/turkiyemhaber.com\/index.php?rest_route=%2Fwp%2Fv2%2Fcategories&post=4514"},{"taxonomy":"post_tag","embeddable":true,"href":"https:\/\/turkiyemhaber.com\/index.php?rest_route=%2Fwp%2Fv2%2Ftags&post=4514"}],"curies":[{"name":"wp","href":"https:\/\/api.w.org\/{rel}","templated":true}]}}