{"id":4503,"date":"2026-07-31T11:51:17","date_gmt":"2026-07-31T11:51:17","guid":{"rendered":"https:\/\/turkiyemhaber.com\/?p=4503"},"modified":"2026-07-31T11:51:23","modified_gmt":"2026-07-31T11:51:23","slug":"yalovada-chpli-6-belediye-baskani-yeni-partiye-gecti","status":"publish","type":"post","link":"https:\/\/turkiyemhaber.com\/?p=4503","title":{"rendered":"Yalova\u2019da CHP&#8217;li 6 belediye ba\u015fkan\u0131 Yeni Parti\u2019ye ge\u00e7ti"},"content":{"rendered":"\n<p class=\"wp-block-paragraph\">Yalova Belediye Ba\u015fkan\u0131 Mehmet G\u00fcrel, \u00c7iftlikk\u00f6y Belediye Ba\u015fkan\u0131 Adil Yele, \u00c7\u0131narc\u0131k Belediye Ba\u015fkan\u0131 Avni Kurt ve 3 belde belediye ba\u015fkan\u0131 CHP&#8217;den istifa ederek Yeni Parti&#8217;ye kat\u0131ld\u0131.<\/p>\n\n\n\n<p class=\"wp-block-paragraph\">\u00d6zg\u00fcr \u00d6zel ve ekibinin Yeni Parti&#8217;yi kurmas\u0131n\u0131n ard\u0131ndan CHP&#8217;de ba\u015flayan istifalar devam ediyor.<\/p>\n\n\n\n<h3 class=\"wp-block-heading\">6 BELED\u0130YE BA\u015eKANI DAHA YEN\u0130 PART\u0130\u2019YE GE\u00c7T\u0130<\/h3>\n\n\n\n<p class=\"wp-block-paragraph\">Son olarak;&nbsp;<a href=\"https:\/\/www.sondakika.com\/yalova\/\">Yalova<\/a>&nbsp;Belediye Ba\u015fkan\u0131&nbsp;<a href=\"https:\/\/www.sondakika.com\/mehmet-gurel\/\">Mehmet G\u00fcrel<\/a>,&nbsp;<a href=\"https:\/\/www.sondakika.com\/ciftlikkoy\/\">\u00c7iftlikk\u00f6y<\/a>&nbsp;Belediye Ba\u015fkan\u0131&nbsp;<a href=\"https:\/\/www.sondakika.com\/adil-yele\/\">Adil Yele<\/a>,&nbsp;<a href=\"https:\/\/www.sondakika.com\/cinarcik\/\">\u00c7\u0131narc\u0131k<\/a>&nbsp;Belediye Ba\u015fkan\u0131&nbsp;<a href=\"https:\/\/www.sondakika.com\/avni-kurt\/\">Avni Kurt<\/a>, Koru Belediye Ba\u015fkan\u0131 Kamil Yaman, Suba\u015f\u0131 Belediye Ba\u015fkan\u0131 Turan Canbay ve Kad\u0131k\u00f6y Belediye Ba\u015fkan\u0131 Y\u0131lmaz Tav\u015fan, ortak a\u00e7\u0131klamada bulunarak CHP&#8217;den istifa ettiklerini ve Yeni Parti&#8217;ye ge\u00e7tiklerini a\u00e7\u0131klad\u0131lar.&nbsp;<\/p>\n\n\n\n<h3 class=\"wp-block-heading\">\u201c\u0130LK G\u00dcNK\u00dc HEYECAN, AZ\u0130M VE SORUMLULUK B\u0130L\u0130NC\u0130YLE S\u00dcRD\u00dcR\u00dcYORUZ\u201d<\/h3>\n\n\n\n<p class=\"wp-block-paragraph\">Sanal medya hesab\u0131ndan payla\u015f\u0131m yapan Yalova Belediye Ba\u015fkan\u0131 G\u00fcrel, &#8220;Sizlerin takdiri, g\u00fcveni ve deste\u011fiyle \u00fcstlendi\u011fimiz belediye ba\u015fkanl\u0131\u011f\u0131 g\u00f6revini; ilk g\u00fcnk\u00fc heyecan, azim ve sorumluluk bilinciyle s\u00fcrd\u00fcr\u00fcyoruz. Ortak akl\u0131, hizmet odakl\u0131 siyaseti ve \u015fehrimizin gelece\u011fini merkeze alan 6 belediye ba\u015fkan\u0131 olarak; vatanda\u015flar\u0131m\u0131za daha etkin hizmet edebilmek ve yerelde yakalad\u0131\u011f\u0131m\u0131z ba\u015far\u0131 ivmesini ulusal bir vizyonla bulu\u015fturmak amac\u0131yla hizmetlerimizi Yeni Parti \u00e7at\u0131s\u0131 alt\u0131nda s\u00fcrd\u00fcrme karar\u0131 alm\u0131\u015f bulunuyoruz. Yeni d\u00f6nemimizin \u015fehrimize ve \u00fclkemize hay\u0131rl\u0131 olmas\u0131n\u0131 diliyoruz&#8221; ifadelerini kulland\u0131.<\/p>\n","protected":false},"excerpt":{"rendered":"<p>Yalova Belediye Ba\u015fkan\u0131 Mehmet G\u00fcrel, \u00c7iftlikk\u00f6y Belediye Ba\u015fkan\u0131 Adil Yele, \u00c7\u0131narc\u0131k Belediye Ba\u015fkan\u0131 Avni Kurt<\/p>\n","protected":false},"author":1,"featured_media":4504,"comment_status":"open","ping_status":"open","sticky":false,"template":"","format":"standard","meta":{"_rtcl_gb_attr":"","footnotes":""},"categories":[44],"tags":[],"class_list":["post-4503","post","type-post","status-publish","format-standard","has-post-thumbnail","hentry","category-politika"],"_links":{"self":[{"href":"https:\/\/turkiyemhaber.com\/index.php?rest_route=\/wp\/v2\/posts\/4503","targetHints":{"allow":["GET"]}}],"collection":[{"href":"https:\/\/turkiyemhaber.com\/index.php?rest_route=\/wp\/v2\/posts"}],"about":[{"href":"https:\/\/turkiyemhaber.com\/index.php?rest_route=\/wp\/v2\/types\/post"}],"author":[{"embeddable":true,"href":"https:\/\/turkiyemhaber.com\/index.php?rest_route=\/wp\/v2\/users\/1"}],"replies":[{"embeddable":true,"href":"https:\/\/turkiyemhaber.com\/index.php?rest_route=%2Fwp%2Fv2%2Fcomments&post=4503"}],"version-history":[{"count":1,"href":"https:\/\/turkiyemhaber.com\/index.php?rest_route=\/wp\/v2\/posts\/4503\/revisions"}],"predecessor-version":[{"id":4505,"href":"https:\/\/turkiyemhaber.com\/index.php?rest_route=\/wp\/v2\/posts\/4503\/revisions\/4505"}],"wp:featuredmedia":[{"embeddable":true,"href":"https:\/\/turkiyemhaber.com\/index.php?rest_route=\/wp\/v2\/media\/4504"}],"wp:attachment":[{"href":"https:\/\/turkiyemhaber.com\/index.php?rest_route=%2Fwp%2Fv2%2Fmedia&parent=4503"}],"wp:term":[{"taxonomy":"category","embeddable":true,"href":"https:\/\/turkiyemhaber.com\/index.php?rest_route=%2Fwp%2Fv2%2Fcategories&post=4503"},{"taxonomy":"post_tag","embeddable":true,"href":"https:\/\/turkiyemhaber.com\/index.php?rest_route=%2Fwp%2Fv2%2Ftags&post=4503"}],"curies":[{"name":"wp","href":"https:\/\/api.w.org\/{rel}","templated":true}]}}