{"id":4500,"date":"2026-07-31T11:48:20","date_gmt":"2026-07-31T11:48:20","guid":{"rendered":"https:\/\/turkiyemhaber.com\/?p=4500"},"modified":"2026-07-31T11:48:25","modified_gmt":"2026-07-31T11:48:25","slug":"yalovada-tersanede-muhendis-mudurunu-vurdu","status":"publish","type":"post","link":"https:\/\/turkiyemhaber.com\/?p=4500","title":{"rendered":"Yalova\u2019da tersanede m\u00fchendis, m\u00fcd\u00fcr\u00fcn\u00fc vurdu"},"content":{"rendered":"\n<p class=\"wp-block-paragraph\">Yalova\u2019n\u0131n Alt\u0131nova il\u00e7esindeki bir tersanede m\u00fchendis ile \u00fcretim m\u00fcd\u00fcr\u00fc aras\u0131nda \u00e7\u0131kan silahl\u0131 olayda m\u00fcd\u00fcr, bacaklar\u0131na isabet eden 6 kur\u015funla yaraland\u0131. Olay\u0131n ard\u0131ndan ka\u00e7an 30 ya\u015f\u0131ndaki m\u00fchendisin yakalanmas\u0131 i\u00e7in \u00e7al\u0131\u015fma ba\u015flat\u0131ld\u0131.<\/p>\n\n\n\n<p class=\"wp-block-paragraph\"><a href=\"https:\/\/www.sondakika.com\/yalova\/\">Yalova<\/a>&#8216;n\u0131n&nbsp;<a href=\"https:\/\/www.sondakika.com\/altinova\/\">Alt\u0131nova<\/a>&nbsp;il\u00e7esinde faaliyet g\u00f6steren bir tersanede \u00e7al\u0131\u015fan m\u00fchendis Mete A. (30), tart\u0131\u015ft\u0131\u011f\u0131 \u00fcretim m\u00fcd\u00fcr\u00fc Engin Y.&#8217;yi (41) tabancayla baca\u011f\u0131ndan vurarak yaralad\u0131.<\/p>\n\n\n\n<h3 class=\"wp-block-heading\">M\u00dcD\u00dcR\u00dcNE KUR\u015eUN YA\u011eDIRDI<\/h3>\n\n\n\n<p class=\"wp-block-paragraph\">Al\u0131nan bilgiye g\u00f6re, \u00f6\u011fle saatlerinde Alt\u0131nova il\u00e7esine ba\u011fl\u0131 Hersek Mahallesi Hakk\u0131 Kan Caddesi&#8217;nde bulunan Cemre-1 Tersanesi&#8217;nde meydana gelen olayda, tersanede m\u00fchendis olarak g\u00f6rev yapan Mete A., hen\u00fcz bilinmeyen nedenle \u00fcretim m\u00fcd\u00fcr\u00fc Engin Y.&#8217;ye tabancayla ate\u015f a\u00e7t\u0131.<\/p>\n\n\n\n<h3 class=\"wp-block-heading\">M\u00dcHEND\u0130S KAYIPLARA KARI\u015eTI<\/h3>\n\n\n\n<p class=\"wp-block-paragraph\">Bacaklar\u0131na isabet eden 6 kur\u015funla yaralanan 41 ya\u015f\u0131ndaki Engin Y., olay yerine sevk edilen sa\u011fl\u0131k ekiplerinin ilk m\u00fcdahalesinin ard\u0131ndan hastaneye kald\u0131r\u0131ld\u0131. Yaral\u0131n\u0131n hayati tehlikesinin bulunmad\u0131\u011f\u0131 \u00f6\u011frenildi.<\/p>\n\n\n\n<p class=\"wp-block-paragraph\">Olay\u0131n ard\u0131ndan ka\u00e7an \u015f\u00fcpheli Mete A.&#8217;n\u0131n yakalanmas\u0131 i\u00e7in polis ekiplerince \u00e7al\u0131\u015fma ba\u015flat\u0131l\u0131rken olayla ilgili soru\u015fturma s\u00fcr\u00fcyor.<\/p>\n","protected":false},"excerpt":{"rendered":"<p>Yalova\u2019n\u0131n Alt\u0131nova il\u00e7esindeki bir tersanede m\u00fchendis ile \u00fcretim m\u00fcd\u00fcr\u00fc aras\u0131nda \u00e7\u0131kan silahl\u0131 olayda m\u00fcd\u00fcr, bacaklar\u0131na<\/p>\n","protected":false},"author":1,"featured_media":4501,"comment_status":"open","ping_status":"open","sticky":false,"template":"","format":"standard","meta":{"_rtcl_gb_attr":"","footnotes":""},"categories":[1],"tags":[],"class_list":["post-4500","post","type-post","status-publish","format-standard","has-post-thumbnail","hentry","category-http-turkiyemhaber-com-wp-content-uploads-2026-03-saray-59-haber-13-mart-pdf"],"_links":{"self":[{"href":"https:\/\/turkiyemhaber.com\/index.php?rest_route=\/wp\/v2\/posts\/4500","targetHints":{"allow":["GET"]}}],"collection":[{"href":"https:\/\/turkiyemhaber.com\/index.php?rest_route=\/wp\/v2\/posts"}],"about":[{"href":"https:\/\/turkiyemhaber.com\/index.php?rest_route=\/wp\/v2\/types\/post"}],"author":[{"embeddable":true,"href":"https:\/\/turkiyemhaber.com\/index.php?rest_route=\/wp\/v2\/users\/1"}],"replies":[{"embeddable":true,"href":"https:\/\/turkiyemhaber.com\/index.php?rest_route=%2Fwp%2Fv2%2Fcomments&post=4500"}],"version-history":[{"count":1,"href":"https:\/\/turkiyemhaber.com\/index.php?rest_route=\/wp\/v2\/posts\/4500\/revisions"}],"predecessor-version":[{"id":4502,"href":"https:\/\/turkiyemhaber.com\/index.php?rest_route=\/wp\/v2\/posts\/4500\/revisions\/4502"}],"wp:featuredmedia":[{"embeddable":true,"href":"https:\/\/turkiyemhaber.com\/index.php?rest_route=\/wp\/v2\/media\/4501"}],"wp:attachment":[{"href":"https:\/\/turkiyemhaber.com\/index.php?rest_route=%2Fwp%2Fv2%2Fmedia&parent=4500"}],"wp:term":[{"taxonomy":"category","embeddable":true,"href":"https:\/\/turkiyemhaber.com\/index.php?rest_route=%2Fwp%2Fv2%2Fcategories&post=4500"},{"taxonomy":"post_tag","embeddable":true,"href":"https:\/\/turkiyemhaber.com\/index.php?rest_route=%2Fwp%2Fv2%2Ftags&post=4500"}],"curies":[{"name":"wp","href":"https:\/\/api.w.org\/{rel}","templated":true}]}}