{"id":4497,"date":"2026-07-31T11:45:17","date_gmt":"2026-07-31T11:45:17","guid":{"rendered":"https:\/\/turkiyemhaber.com\/?p=4497"},"modified":"2026-07-31T11:45:22","modified_gmt":"2026-07-31T11:45:22","slug":"bursada-trafik-duzenlemesi","status":"publish","type":"post","link":"https:\/\/turkiyemhaber.com\/?p=4497","title":{"rendered":"Bursa\u2019da trafik d\u00fczenlemesi"},"content":{"rendered":"\n<p class=\"wp-block-paragraph\">Bursa B\u00fcy\u00fck\u015fehir Belediyesi Ula\u015f\u0131m Dairesi Ba\u015fkanl\u0131\u011f\u0131 Yol Bak\u0131m ve Onar\u0131m \u015eube M\u00fcd\u00fcrl\u00fc\u011f\u00fc taraf\u0131ndan 11 Eyl\u00fcl Bulvar\u0131 ve Yalova Yolu Caddesi\u2019nde yap\u0131lacak yol \u00e7al\u0131\u015fmas\u0131 sebebiyle sa\u011f \u015ferit trafi\u011fe kapat\u0131lacakt\u0131r.<\/p>\n\n\n\n<p class=\"wp-block-paragraph\"><a href=\"https:\/\/www.sondakika.com\/bursa-buyuksehir-belediyesi\/\">Bursa B\u00fcy\u00fck\u015fehir Belediyesi<\/a>&nbsp;Ula\u015f\u0131m Dairesi Ba\u015fkanl\u0131\u011f\u0131 Yol Bak\u0131m ve Onar\u0131m \u015eube M\u00fcd\u00fcrl\u00fc\u011f\u00fc taraf\u0131ndan 11&nbsp;<a href=\"https:\/\/www.sondakika.com\/eylul\/\">Eyl\u00fcl<\/a>&nbsp;Bulvar\u0131 ve&nbsp;<a href=\"https:\/\/www.sondakika.com\/yalova\/\">Yalova<\/a>&nbsp;Yolu Caddesi&#8217;nde yap\u0131lacak yol \u00e7al\u0131\u015fmas\u0131 sebebiyle sa\u011f \u015ferit trafi\u011fe kapat\u0131lacakt\u0131r.<\/p>\n\n\n\n<p class=\"wp-block-paragraph\">Ger\u00e7ekle\u015ftirilecek olan yol yap\u0131m \u00e7al\u0131\u015fmas\u0131 \u015fu \u015fekilde a\u00e7\u0131kland\u0131;<\/p>\n\n\n\n<p class=\"wp-block-paragraph\">&#8220;11 Eyl\u00fcl Bulvar\u0131 Yalova Yolu ba\u011flant\u0131s\u0131 ile devam\u0131nda yer alan Yalova Yolu Caddesi sa\u011f \u015feridi, 04\/08\/2026 tarihinden itibaren Orman B\u00f6lge M\u00fcd\u00fcrl\u00fc\u011f\u00fc&#8217;ne kadar trafi\u011fe kapat\u0131lacakt\u0131r. S\u00fcr\u00fcc\u00fclerin \u00e7al\u0131\u015fmalar s\u00fcresince alternatif g\u00fczergahlar\u0131 kullanmalar\u0131 \u00f6nemle rica olunur.&#8221;<\/p>\n","protected":false},"excerpt":{"rendered":"<p>Bursa B\u00fcy\u00fck\u015fehir Belediyesi Ula\u015f\u0131m Dairesi Ba\u015fkanl\u0131\u011f\u0131 Yol Bak\u0131m ve Onar\u0131m \u015eube M\u00fcd\u00fcrl\u00fc\u011f\u00fc taraf\u0131ndan 11 Eyl\u00fcl<\/p>\n","protected":false},"author":1,"featured_media":4498,"comment_status":"open","ping_status":"open","sticky":false,"template":"","format":"standard","meta":{"_rtcl_gb_attr":"","footnotes":""},"categories":[74],"tags":[],"class_list":["post-4497","post","type-post","status-publish","format-standard","has-post-thumbnail","hentry","category-yerel-haberler"],"_links":{"self":[{"href":"https:\/\/turkiyemhaber.com\/index.php?rest_route=\/wp\/v2\/posts\/4497","targetHints":{"allow":["GET"]}}],"collection":[{"href":"https:\/\/turkiyemhaber.com\/index.php?rest_route=\/wp\/v2\/posts"}],"about":[{"href":"https:\/\/turkiyemhaber.com\/index.php?rest_route=\/wp\/v2\/types\/post"}],"author":[{"embeddable":true,"href":"https:\/\/turkiyemhaber.com\/index.php?rest_route=\/wp\/v2\/users\/1"}],"replies":[{"embeddable":true,"href":"https:\/\/turkiyemhaber.com\/index.php?rest_route=%2Fwp%2Fv2%2Fcomments&post=4497"}],"version-history":[{"count":1,"href":"https:\/\/turkiyemhaber.com\/index.php?rest_route=\/wp\/v2\/posts\/4497\/revisions"}],"predecessor-version":[{"id":4499,"href":"https:\/\/turkiyemhaber.com\/index.php?rest_route=\/wp\/v2\/posts\/4497\/revisions\/4499"}],"wp:featuredmedia":[{"embeddable":true,"href":"https:\/\/turkiyemhaber.com\/index.php?rest_route=\/wp\/v2\/media\/4498"}],"wp:attachment":[{"href":"https:\/\/turkiyemhaber.com\/index.php?rest_route=%2Fwp%2Fv2%2Fmedia&parent=4497"}],"wp:term":[{"taxonomy":"category","embeddable":true,"href":"https:\/\/turkiyemhaber.com\/index.php?rest_route=%2Fwp%2Fv2%2Fcategories&post=4497"},{"taxonomy":"post_tag","embeddable":true,"href":"https:\/\/turkiyemhaber.com\/index.php?rest_route=%2Fwp%2Fv2%2Ftags&post=4497"}],"curies":[{"name":"wp","href":"https:\/\/api.w.org\/{rel}","templated":true}]}}