{"id":4494,"date":"2026-07-31T10:59:38","date_gmt":"2026-07-31T10:59:38","guid":{"rendered":"https:\/\/turkiyemhaber.com\/?p=4494"},"modified":"2026-07-31T10:59:43","modified_gmt":"2026-07-31T10:59:43","slug":"karasuda-63-tarihi-eser-ele-gecirildi","status":"publish","type":"post","link":"https:\/\/turkiyemhaber.com\/?p=4494","title":{"rendered":"Karasu&#8217;da 63 Tarihi Eser Ele Ge\u00e7irildi"},"content":{"rendered":"\n<p class=\"wp-block-paragraph\">Sakarya&#8217;n\u0131n Karasu il\u00e7esinde d\u00fczenlenen operasyonda 63 tarihi eser ve silah ele ge\u00e7irildi.<\/p>\n\n\n\n<p class=\"wp-block-paragraph\"><a href=\"https:\/\/www.sondakika.com\/sakarya\/\">Sakarya<\/a>&#8216;n\u0131n&nbsp;<a href=\"https:\/\/www.sondakika.com\/karasu\/\">Karasu<\/a>&nbsp;il\u00e7esinde tarihi eser niteli\u011fi ta\u015f\u0131yan 63 obje ele ge\u00e7irildi.<\/p>\n\n\n\n<p class=\"wp-block-paragraph\">Karasu Cumhuriyet Ba\u015fsavc\u0131l\u0131\u011f\u0131n\u0131n koordinesinde, \u0130l Jandarma Komutanl\u0131\u011f\u0131 ekiplerince ka\u00e7ak\u00e7\u0131l\u0131kla m\u00fccadele kapsam\u0131nda operasyon d\u00fczenlendi.<\/p>\n\n\n\n<p class=\"wp-block-paragraph\">Operasyonda 1 \u015f\u00fcphelinin ev ve eklentilerinde yap\u0131lan aramada, 54&#8217;\u00fc sikke olmak \u00fczere tarihi eser niteli\u011finde 63 obje ile ruhsats\u0131z tabanca ve av t\u00fcfe\u011fi ele ge\u00e7irildi.<\/p>\n\n\n\n<p class=\"wp-block-paragraph\">G\u00f6zalt\u0131na al\u0131nan zanl\u0131 hakk\u0131nda adli i\u015flem ba\u015flat\u0131ld\u0131.<\/p>\n","protected":false},"excerpt":{"rendered":"<p>Sakarya&#8217;n\u0131n Karasu il\u00e7esinde d\u00fczenlenen operasyonda 63 tarihi eser ve silah ele ge\u00e7irildi. Sakarya&#8216;n\u0131n&nbsp;Karasu&nbsp;il\u00e7esinde tarihi eser<\/p>\n","protected":false},"author":1,"featured_media":4495,"comment_status":"open","ping_status":"open","sticky":false,"template":"","format":"standard","meta":{"_rtcl_gb_attr":"","footnotes":""},"categories":[1],"tags":[],"class_list":["post-4494","post","type-post","status-publish","format-standard","has-post-thumbnail","hentry","category-http-turkiyemhaber-com-wp-content-uploads-2026-03-saray-59-haber-13-mart-pdf"],"_links":{"self":[{"href":"https:\/\/turkiyemhaber.com\/index.php?rest_route=\/wp\/v2\/posts\/4494","targetHints":{"allow":["GET"]}}],"collection":[{"href":"https:\/\/turkiyemhaber.com\/index.php?rest_route=\/wp\/v2\/posts"}],"about":[{"href":"https:\/\/turkiyemhaber.com\/index.php?rest_route=\/wp\/v2\/types\/post"}],"author":[{"embeddable":true,"href":"https:\/\/turkiyemhaber.com\/index.php?rest_route=\/wp\/v2\/users\/1"}],"replies":[{"embeddable":true,"href":"https:\/\/turkiyemhaber.com\/index.php?rest_route=%2Fwp%2Fv2%2Fcomments&post=4494"}],"version-history":[{"count":1,"href":"https:\/\/turkiyemhaber.com\/index.php?rest_route=\/wp\/v2\/posts\/4494\/revisions"}],"predecessor-version":[{"id":4496,"href":"https:\/\/turkiyemhaber.com\/index.php?rest_route=\/wp\/v2\/posts\/4494\/revisions\/4496"}],"wp:featuredmedia":[{"embeddable":true,"href":"https:\/\/turkiyemhaber.com\/index.php?rest_route=\/wp\/v2\/media\/4495"}],"wp:attachment":[{"href":"https:\/\/turkiyemhaber.com\/index.php?rest_route=%2Fwp%2Fv2%2Fmedia&parent=4494"}],"wp:term":[{"taxonomy":"category","embeddable":true,"href":"https:\/\/turkiyemhaber.com\/index.php?rest_route=%2Fwp%2Fv2%2Fcategories&post=4494"},{"taxonomy":"post_tag","embeddable":true,"href":"https:\/\/turkiyemhaber.com\/index.php?rest_route=%2Fwp%2Fv2%2Ftags&post=4494"}],"curies":[{"name":"wp","href":"https:\/\/api.w.org\/{rel}","templated":true}]}}