{"id":4491,"date":"2026-07-31T10:57:07","date_gmt":"2026-07-31T10:57:07","guid":{"rendered":"https:\/\/turkiyemhaber.com\/?p=4491"},"modified":"2026-07-31T10:57:12","modified_gmt":"2026-07-31T10:57:12","slug":"arkadasina-saka-amacli-bombayla-rehin-tutuluyorum-mesaji-ekipleri-harekete-gecirdi","status":"publish","type":"post","link":"https:\/\/turkiyemhaber.com\/?p=4491","title":{"rendered":"Arkada\u015f\u0131na \u015faka ama\u00e7l\u0131 \u2018bombayla rehin tutuluyorum\u2019 mesaj\u0131, ekipleri harekete ge\u00e7irdi"},"content":{"rendered":"\n<p class=\"wp-block-paragraph\">Sakarya&#8217;n\u0131n Arifiye il\u00e7esindeki bir fabrikan\u0131n tedarik\u00e7i firmalar\u0131ndan birinde y\u00f6neticilik yapan \u015fah\u0131s, arkada\u015f\u0131na &#8220;Bombayla rehin tutuluyorum&#8221; diye mesaj g\u00f6nderdi. Mesaj\u0131 ger\u00e7ek sanan arkada\u015f\u0131n\u0131n ihbar\u0131 ilgili kurumlar\u0131 alarma ge\u00e7irdi. Mesaj\u0131n \u015faka amac\u0131yla at\u0131ld\u0131\u011f\u0131 ortaya \u00e7\u0131karken, \u015fah\u0131s hakk\u0131nda iki ayr\u0131 su\u00e7tan soru\u015fturma ba\u015flat\u0131ld\u0131.<\/p>\n\n\n\n<p class=\"wp-block-paragraph\"><a href=\"https:\/\/www.sondakika.com\/sakarya\/\">Sakarya<\/a>&#8216;n\u0131n&nbsp;<a href=\"https:\/\/www.sondakika.com\/arifiye\/\">Arifiye<\/a>&nbsp;il\u00e7esinde bulunan bir fabrikan\u0131n tedarik\u00e7i firmalar\u0131ndan birinin \u00fcst d\u00fczey y\u00f6neticisi Fatih B., kendisini arayan arkada\u015f\u0131na \u201cBombayla rehin tutuluyorum&#8221; mesaj\u0131 g\u00f6nderdi.<\/p>\n\n\n\n<h3 class=\"wp-block-heading\">ARKADA\u015eI MESAJI GER\u00c7EK SANINCA EK\u0130PLER ALARMA GE\u00c7T\u0130<\/h3>\n\n\n\n<p class=\"wp-block-paragraph\">Mesaj\u0131 ger\u00e7ek sanan arkada\u015f\u0131, durumu 112 Acil \u00c7a\u011fr\u0131 Merkezi&#8217;ne bildirdi. \u0130hbar \u00fczerine fabrikaya \u00e7ok say\u0131da polis, sa\u011fl\u0131k ve itfaiye ekibi sevk edildi. Ekipler, fabrikada geni\u015f \u00e7apl\u0131 inceleme yapt\u0131. Yap\u0131lan \u00e7al\u0131\u015fmalar sonucunda ihbar\u0131n ger\u00e7e\u011fi yans\u0131tmad\u0131\u011f\u0131, olay\u0131n tamamen \u015faka amac\u0131yla g\u00f6nderilen bir mesajdan ibaret oldu\u011fu belirlendi.<\/p>\n\n\n\n<h3 class=\"wp-block-heading\">2 AYRI SU\u00c7TAN SORU\u015eTURMA BA\u015eLATILDI<\/h3>\n\n\n\n<p class=\"wp-block-paragraph\">Olay\u0131n \u015faka oldu\u011funun ortaya \u00e7\u0131kmas\u0131n\u0131n ard\u0131ndan kamu kurumlar\u0131n\u0131n gereksiz yere alarma ge\u00e7irilmesinden dolay\u0131 polis taraf\u0131ndan Fatih B. hakk\u0131nda, \u2018su\u00e7 uydurmak\u2019 ve \u2018resmi makamlar\u0131 me\u015fgul etmek\u2019 su\u00e7lar\u0131ndan soru\u015fturma ba\u015flat\u0131ld\u0131<\/p>\n","protected":false},"excerpt":{"rendered":"<p>Sakarya&#8217;n\u0131n Arifiye il\u00e7esindeki bir fabrikan\u0131n tedarik\u00e7i firmalar\u0131ndan birinde y\u00f6neticilik yapan \u015fah\u0131s, arkada\u015f\u0131na &#8220;Bombayla rehin tutuluyorum&#8221;<\/p>\n","protected":false},"author":1,"featured_media":4492,"comment_status":"open","ping_status":"open","sticky":false,"template":"","format":"standard","meta":{"_rtcl_gb_attr":"","footnotes":""},"categories":[74],"tags":[],"class_list":["post-4491","post","type-post","status-publish","format-standard","has-post-thumbnail","hentry","category-yerel-haberler"],"_links":{"self":[{"href":"https:\/\/turkiyemhaber.com\/index.php?rest_route=\/wp\/v2\/posts\/4491","targetHints":{"allow":["GET"]}}],"collection":[{"href":"https:\/\/turkiyemhaber.com\/index.php?rest_route=\/wp\/v2\/posts"}],"about":[{"href":"https:\/\/turkiyemhaber.com\/index.php?rest_route=\/wp\/v2\/types\/post"}],"author":[{"embeddable":true,"href":"https:\/\/turkiyemhaber.com\/index.php?rest_route=\/wp\/v2\/users\/1"}],"replies":[{"embeddable":true,"href":"https:\/\/turkiyemhaber.com\/index.php?rest_route=%2Fwp%2Fv2%2Fcomments&post=4491"}],"version-history":[{"count":1,"href":"https:\/\/turkiyemhaber.com\/index.php?rest_route=\/wp\/v2\/posts\/4491\/revisions"}],"predecessor-version":[{"id":4493,"href":"https:\/\/turkiyemhaber.com\/index.php?rest_route=\/wp\/v2\/posts\/4491\/revisions\/4493"}],"wp:featuredmedia":[{"embeddable":true,"href":"https:\/\/turkiyemhaber.com\/index.php?rest_route=\/wp\/v2\/media\/4492"}],"wp:attachment":[{"href":"https:\/\/turkiyemhaber.com\/index.php?rest_route=%2Fwp%2Fv2%2Fmedia&parent=4491"}],"wp:term":[{"taxonomy":"category","embeddable":true,"href":"https:\/\/turkiyemhaber.com\/index.php?rest_route=%2Fwp%2Fv2%2Fcategories&post=4491"},{"taxonomy":"post_tag","embeddable":true,"href":"https:\/\/turkiyemhaber.com\/index.php?rest_route=%2Fwp%2Fv2%2Ftags&post=4491"}],"curies":[{"name":"wp","href":"https:\/\/api.w.org\/{rel}","templated":true}]}}