{"id":4487,"date":"2026-07-31T10:53:34","date_gmt":"2026-07-31T10:53:34","guid":{"rendered":"https:\/\/turkiyemhaber.com\/?p=4487"},"modified":"2026-07-31T10:53:39","modified_gmt":"2026-07-31T10:53:39","slug":"imam-babanin-en-zor-gorevi-askerlik-cagindaki-oglunun-cenaze-namazini-kildirdi","status":"publish","type":"post","link":"https:\/\/turkiyemhaber.com\/?p=4487","title":{"rendered":"\u0130mam baban\u0131n en zor g\u00f6revi! Askerlik \u00e7a\u011f\u0131ndaki o\u011flunun cenaze namaz\u0131n\u0131 k\u0131ld\u0131rd\u0131"},"content":{"rendered":"\n<p class=\"wp-block-paragraph\">Sakarya&#8217;n\u0131n Sapanca il\u00e7esinde otomobil ile motosikletin \u00e7arp\u0131\u015fmas\u0131 sonucu a\u011f\u0131r yaralanan 20 ya\u015f\u0131ndaki haf\u0131z Mahmut Y\u00fc\u015fa G\u00fcl, hastanede yap\u0131lan t\u00fcm m\u00fcdahalelere ra\u011fmen kurtar\u0131lamad\u0131. Vatani g\u00f6revini yapmak \u00fczere 3 g\u00fcn sonra askere gitmeye haz\u0131rland\u0131\u011f\u0131 \u00f6\u011frenilen gencin cenaze namaz\u0131n\u0131, imam olan babas\u0131 g\u00f6zya\u015flar\u0131yla k\u0131ld\u0131rd\u0131. Talihsiz gen\u00e7, k\u0131l\u0131nan namaz\u0131n ard\u0131ndan son yolculu\u011funa u\u011furland\u0131.<\/p>\n\n\n\n<p class=\"wp-block-paragraph\"><a href=\"https:\/\/www.sondakika.com\/sakarya\/\">Sakarya<\/a>&#8216;n\u0131n&nbsp;<a href=\"https:\/\/www.sondakika.com\/sapanca\/\">Sapanca<\/a>&nbsp;il\u00e7esinde otomobil ile motosikletin \u00e7arp\u0131\u015fmas\u0131 sonucu meydana gelen kazada hayat\u0131n\u0131 kaybeden gen\u00e7, imam olan babas\u0131n\u0131n k\u0131ld\u0131rd\u0131\u011f\u0131 cenaze namaz\u0131n\u0131n ard\u0131ndan son yolculu\u011funa u\u011furland\u0131.<\/p>\n\n\n\n<p class=\"wp-block-paragraph\">Kaza d\u00fcn, Sapanca il\u00e7esi Uzunkum Mahallesi Sakarya Caddesi \u00fczerinde meydana geldi. Edinilen bilgilere g\u00f6re, Sapanca istikametine seyir halinde olan H.M.\u00c7. (24) idaresindeki 54 AOK 633 plakal\u0131 otomobil ile Mahmut Y\u00fc\u015fa G\u00fcl (20) y\u00f6netimindeki 54 APC 660 plakal\u0131 motosiklet \u00e7arp\u0131\u015ft\u0131. \u00c7arp\u0131\u015fman\u0131n \u015fiddetiyle motosikletin \u00f6n tekerle\u011fi yerinden koparken, s\u00fcr\u00fcc\u00fc yola savruldu. Kazada her iki ara\u00e7 s\u00fcr\u00fcc\u00fcs\u00fc de yaraland\u0131. Durumun 112 Acil \u00c7a\u011fr\u0131 Merkezi&#8217;ne bildirilmesi \u00fczerine adrese sa\u011fl\u0131k ve polis ekipleri sevk edildi. Sa\u011fl\u0131k ekiplerince ilk m\u00fcdahaleleri olay yerinde yap\u0131lan yaral\u0131lar, ambulanslarla \u00e7evredeki hastanelere kald\u0131r\u0131ld\u0131. A\u011f\u0131r yaral\u0131 olarak tedavi alt\u0131na al\u0131nan 20 ya\u015f\u0131ndaki Mahmut Y\u00fc\u015fa G\u00fcl, doktorlar\u0131n t\u00fcm m\u00fcdahalelerine ra\u011fmen kurtar\u0131lamayarak hayat\u0131n\u0131 kaybetti.<\/p>\n\n\n\n<figure class=\"wp-block-image size-full\"><img loading=\"lazy\" decoding=\"async\" width=\"640\" height=\"424\" src=\"https:\/\/turkiyemhaber.com\/wp-content\/uploads\/2026\/07\/imam-babanin-en-zor-gorevi-ask-20101813-8304_1_m.webp\" alt=\"\" class=\"wp-image-4489\" srcset=\"https:\/\/turkiyemhaber.com\/wp-content\/uploads\/2026\/07\/imam-babanin-en-zor-gorevi-ask-20101813-8304_1_m.webp 640w, https:\/\/turkiyemhaber.com\/wp-content\/uploads\/2026\/07\/imam-babanin-en-zor-gorevi-ask-20101813-8304_1_m-300x199.webp 300w, https:\/\/turkiyemhaber.com\/wp-content\/uploads\/2026\/07\/imam-babanin-en-zor-gorevi-ask-20101813-8304_1_m-18x12.webp 18w\" sizes=\"auto, (max-width: 640px) 100vw, 640px\" \/><\/figure>\n\n\n\n<h3 class=\"wp-block-heading\">3 G\u00dcN SONRA ASKERE G\u0130DECEKT\u0130&nbsp;<\/h3>\n\n\n\n<p class=\"wp-block-paragraph\">Hayat\u0131n\u0131 kaybeden Mahmut Y\u00fc\u015fa G\u00fcl&#8217;\u00fcn haf\u0131z oldu\u011fu ve vatani g\u00f6revini yapmak \u00fczere 3 g\u00fcn sonra askere gitmeye haz\u0131rland\u0131\u011f\u0131 \u00f6\u011frenildi. 20 ya\u015f\u0131ndaki gencin vefat\u0131 ailesini ve sevenlerini yasa bo\u011fdu.<\/p>\n\n\n\n<h3 class=\"wp-block-heading\">CENAZE NAMAZINI BABASI KILDIRDI&nbsp;<\/h3>\n\n\n\n<p class=\"wp-block-paragraph\">G\u00fcl&#8217;\u00fcn cenazesi, Karap\u00fcr\u00e7ek il\u00e7esi Mesudiye Mahallesi&#8217;nde bulunan Mesudiye Merkez Camii&#8217;ne getirildi. \u0130kindi namaz\u0131n\u0131 m\u00fcteakip k\u0131l\u0131nan cenaze namaz\u0131n\u0131 gencin imam olan babas\u0131 k\u0131ld\u0131rd\u0131. K\u0131l\u0131nan namaz\u0131n ard\u0131ndan Mahmut Y\u00fc\u015fa G\u00fcl, caminin biti\u015fi\u011findeki mezarl\u0131kta g\u00f6zya\u015flar\u0131 aras\u0131nda topra\u011fa verildi.<\/p>\n","protected":false},"excerpt":{"rendered":"<p>Sakarya&#8217;n\u0131n Sapanca il\u00e7esinde otomobil ile motosikletin \u00e7arp\u0131\u015fmas\u0131 sonucu a\u011f\u0131r yaralanan 20 ya\u015f\u0131ndaki haf\u0131z Mahmut Y\u00fc\u015fa<\/p>\n","protected":false},"author":1,"featured_media":4488,"comment_status":"open","ping_status":"open","sticky":false,"template":"","format":"standard","meta":{"_rtcl_gb_attr":"","footnotes":""},"categories":[74],"tags":[],"class_list":["post-4487","post","type-post","status-publish","format-standard","has-post-thumbnail","hentry","category-yerel-haberler"],"_links":{"self":[{"href":"https:\/\/turkiyemhaber.com\/index.php?rest_route=\/wp\/v2\/posts\/4487","targetHints":{"allow":["GET"]}}],"collection":[{"href":"https:\/\/turkiyemhaber.com\/index.php?rest_route=\/wp\/v2\/posts"}],"about":[{"href":"https:\/\/turkiyemhaber.com\/index.php?rest_route=\/wp\/v2\/types\/post"}],"author":[{"embeddable":true,"href":"https:\/\/turkiyemhaber.com\/index.php?rest_route=\/wp\/v2\/users\/1"}],"replies":[{"embeddable":true,"href":"https:\/\/turkiyemhaber.com\/index.php?rest_route=%2Fwp%2Fv2%2Fcomments&post=4487"}],"version-history":[{"count":1,"href":"https:\/\/turkiyemhaber.com\/index.php?rest_route=\/wp\/v2\/posts\/4487\/revisions"}],"predecessor-version":[{"id":4490,"href":"https:\/\/turkiyemhaber.com\/index.php?rest_route=\/wp\/v2\/posts\/4487\/revisions\/4490"}],"wp:featuredmedia":[{"embeddable":true,"href":"https:\/\/turkiyemhaber.com\/index.php?rest_route=\/wp\/v2\/media\/4488"}],"wp:attachment":[{"href":"https:\/\/turkiyemhaber.com\/index.php?rest_route=%2Fwp%2Fv2%2Fmedia&parent=4487"}],"wp:term":[{"taxonomy":"category","embeddable":true,"href":"https:\/\/turkiyemhaber.com\/index.php?rest_route=%2Fwp%2Fv2%2Fcategories&post=4487"},{"taxonomy":"post_tag","embeddable":true,"href":"https:\/\/turkiyemhaber.com\/index.php?rest_route=%2Fwp%2Fv2%2Ftags&post=4487"}],"curies":[{"name":"wp","href":"https:\/\/api.w.org\/{rel}","templated":true}]}}