{"id":4484,"date":"2026-07-31T10:49:31","date_gmt":"2026-07-31T10:49:31","guid":{"rendered":"https:\/\/turkiyemhaber.com\/?p=4484"},"modified":"2026-07-31T10:49:36","modified_gmt":"2026-07-31T10:49:36","slug":"nohut-kavurga-gelenegi-korunuyor","status":"publish","type":"post","link":"https:\/\/turkiyemhaber.com\/?p=4484","title":{"rendered":"Nohut Kavurga Gelene\u011fi Korunuyor"},"content":{"rendered":"\n<p class=\"wp-block-paragraph\">Sakarya&#8217;da as\u0131rl\u0131k nohut kavurga gelene\u011fi, Somut Olmayan K\u00fclt\u00fcrel Miras Ulusal Envanteri&#8217;ne al\u0131nacak.<\/p>\n\n\n\n<p class=\"wp-block-paragraph\"><a href=\"https:\/\/www.sondakika.com\/sakarya\/\">Sakarya<\/a>&#8216;da, Orta Asya&#8217;dan Anadolu&#8217;ya uzanan as\u0131rl\u0131k &#8220;nohut kavurga&#8221; gelene\u011finin &#8220;Somut Olmayan K\u00fclt\u00fcrel&nbsp;<a href=\"https:\/\/www.sondakika.com\/miras\/\">Miras<\/a>&nbsp;Ulusal Envanteri&#8221;ne kazand\u0131r\u0131lmas\u0131 i\u00e7in \u00e7al\u0131\u015fma y\u00fcr\u00fct\u00fcl\u00fcyor.<\/p>\n\n\n\n<p class=\"wp-block-paragraph\">K\u00fclt\u00fcr ve&nbsp;<a href=\"https:\/\/www.sondakika.com\/turizm\/\">Turizm<\/a>&nbsp;Bakanl\u0131\u011f\u0131nca y\u00fcr\u00fct\u00fclen somut olmayan k\u00fclt\u00fcrel miraslar\u0131n tespit edilerek gelecek ku\u015faklara aktar\u0131lmas\u0131na y\u00f6nelik \u00e7al\u0131\u015fmalar kapsam\u0131nda, \u0130l K\u00fclt\u00fcr ve Turizm M\u00fcd\u00fcrl\u00fc\u011f\u00fc b\u00fcnyesindeki &#8220;Somut Olmayan K\u00fclt\u00fcrel Miras Tespit Komisyonu&#8221; kentin geleneksel k\u00fclt\u00fcrel de\u011ferlerini kay\u0131t alt\u0131na al\u0131yor.<\/p>\n\n\n\n<p class=\"wp-block-paragraph\">Pamukova il\u00e7esine ba\u011fl\u0131 Ak\u00e7akaya Mahallesi&#8217;nde yakla\u015f\u0131k 300 y\u0131ld\u0131r s\u00fcrd\u00fcr\u00fclen &#8220;nohut kavurga&#8221; gelene\u011finin de &#8220;Somut Olmayan K\u00fclt\u00fcrel Miras Ulusal Envanteri&#8221;ne kazand\u0131r\u0131lmas\u0131 i\u00e7in \u00e7al\u0131\u015fma y\u00fcr\u00fct\u00fcl\u00fcyor.<\/p>\n\n\n\n<p class=\"wp-block-paragraph\">\u00d6zellikle k\u0131\u015f aylar\u0131nda t\u00fcketilen y\u00f6resel lezzet, mahalle halk\u0131n\u0131n sofralar\u0131n\u0131 s\u00fcslemenin yan\u0131 s\u0131ra k\u00fclt\u00fcrel miras\u0131n ya\u015fat\u0131lmas\u0131na da katk\u0131 sa\u011fl\u0131yor. Belirli d\u00f6nemlerde k\u00f6y kona\u011f\u0131nda bir araya gelen mahalle sakinleri, kavrulmu\u015f nohutlar\u0131 de\u011firmende \u00f6\u011f\u00fct\u00fcyor, yapt\u0131klar\u0131 nohut kahvesini misafirlerine ikram ediyor.<\/p>\n\n\n\n<p class=\"wp-block-paragraph\">&#8220;K\u00fclt\u00fcrel miras\u0131n korunmas\u0131 amac\u0131yla \u00e7al\u0131\u015fmalar y\u00fcr\u00fct\u00fcl\u00fcyor&#8221;<\/p>\n\n\n\n<p class=\"wp-block-paragraph\">K\u00fclt\u00fcr ve Turizm \u0130l M\u00fcd\u00fcr Vekili&nbsp;<a href=\"https:\/\/www.sondakika.com\/suleyman-acar\/\">S\u00fcleyman Acar<\/a>, AA muhabirine, Pamukova&#8217;n\u0131n, kadim k\u00fclt\u00fcr\u00fcn izlerini ta\u015f\u0131yan k\u00f6kl\u00fc ge\u00e7mi\u015fe sahip oldu\u011funu s\u00f6yledi.<\/p>\n\n\n\n<p class=\"wp-block-paragraph\">B\u00f6lgede ger\u00e7ekle\u015ftirilen arkeolojik kaz\u0131larda milattan \u00f6ncesine kadar uzanan bulgulara ula\u015f\u0131ld\u0131\u011f\u0131n\u0131 belirten Acar, &#8220;Bu b\u00f6lgede ya\u015fayan insanlar, T\u00fcrkistan&#8217;dan Anadolu&#8217;ya ger\u00e7ekle\u015fen g\u00f6\u00e7lerle buraya yerle\u015fmi\u015f, beraberlerinde getirdikleri gelenek ve g\u00f6reneklerini zaman ve mekandan ba\u011f\u0131ms\u0131z \u015fekilde ya\u015fatarak ku\u015faktan ku\u015fa\u011fa aktarm\u0131\u015ft\u0131r.&#8221; dedi.<\/p>\n\n\n\n<p class=\"wp-block-paragraph\">Acar, k\u00fclt\u00fcrel miras\u0131n korunmas\u0131 ve gelecek nesillere aktar\u0131lmas\u0131 amac\u0131yla \u00e7al\u0131\u015fmalar y\u00fcr\u00fct\u00fcld\u00fc\u011f\u00fcn\u00fc, &#8220;Somut Olmayan K\u00fclt\u00fcrel Miras Tespit Komisyonu&#8221;nun akademisyenler ve toplum temsilcilerinden olu\u015ftu\u011funu aktararak, &#8220;Komisyonumuz y\u0131lda iki kez \u0130l K\u00fclt\u00fcr ve Turizm M\u00fcd\u00fcrl\u00fc\u011f\u00fcm\u00fcz b\u00fcnyesinde toplan\u0131yor. Toplant\u0131lar\u0131m\u0131zda somut olmayan k\u00fclt\u00fcrel miras unsurlar\u0131n\u0131 tespit ederek ulusal envantere dahil edilmek \u00fczere K\u00fclt\u00fcr ve Turizm Bakanl\u0131\u011f\u0131m\u0131za teklif ediyoruz.&#8221; diye konu\u015ftu.<\/p>\n\n\n\n<p class=\"wp-block-paragraph\">&#8220;Nohut kavurga&#8221; gelene\u011finin de bu kapsamda de\u011ferlendirildi\u011fini anlatan Acar, &#8220;Kavurga gelene\u011fi, somut olmayan k\u00fclt\u00fcrel miras unsurlar\u0131m\u0131z aras\u0131nda \u00f6nemli yere sahiptir. Gerek Bakanl\u0131\u011f\u0131m\u0131z\u0131n gerekse \u0130l M\u00fcd\u00fcrl\u00fc\u011f\u00fcm\u00fcz\u00fcn temel hedefi, kadim k\u00fclt\u00fcr\u00fcm\u00fcz\u00fcn \u00f6nemli bile\u015fenlerinden olan de\u011ferleri ya\u015fatarak canl\u0131 tutmak ve gelecek ku\u015faklara aktarmakt\u0131r.&#8221; dedi.<\/p>\n\n\n\n<p class=\"wp-block-paragraph\">Ak\u00e7akaya Mahallesi muhtar\u0131 Ekrem O\u011fuz da &#8220;nohut kavurga&#8221; gelene\u011fini ya\u015fatmak ve gelecek ku\u015faklara aktarmak i\u00e7in \u00e7al\u0131\u015fmalar y\u00fcr\u00fctt\u00fcklerini, yakla\u015f\u0131k 300 y\u0131ld\u0131r devam eden gelene\u011fi g\u00fcncel tutarak gelecek nesillere ula\u015ft\u0131rmay\u0131 hedeflediklerini kaydetti.<\/p>\n\n\n\n<p class=\"wp-block-paragraph\">&#8220;Gen\u00e7 k\u0131zlar t\u00fcrk\u00fcler e\u015fli\u011finde nohut kavururdu&#8221;<\/p>\n\n\n\n<p class=\"wp-block-paragraph\">Mahalle sakini H\u00fclya O\u011fuz da &#8220;nohut kavurga&#8221; gelene\u011fini dedeleri, nineleri ve annelerinden \u00f6\u011frendiklerini anlatt\u0131.<\/p>\n\n\n\n<p class=\"wp-block-paragraph\">\u00c7ocukluk y\u0131llar\u0131nda gen\u00e7 k\u0131zlar\u0131n ak\u015famlar\u0131 evlerde bir araya gelerek mani ve t\u00fcrk\u00fcler e\u015fli\u011finde nohut, bulgur ve susam kavurdu\u011funu anlatan O\u011fuz, &#8220;O d\u00f6nemlerde bug\u00fcnk\u00fc gibi haz\u0131r ikraml\u0131klar olmad\u0131\u011f\u0131 i\u00e7in hem e\u011flenir hem de k\u0131\u015fl\u0131k kavurgam\u0131z\u0131 haz\u0131rlard\u0131k. Kavrulan \u00fcr\u00fcnler \u00f6\u011f\u00fct\u00fclerek toz haline getiriliyor. \u0130steyen \u015fekersiz t\u00fcketebiliyor, isteyen de pekmezle kar\u0131\u015ft\u0131rarak yiyebiliyor. Sade olarak da t\u00fcketilebilir.&#8221; ifadelerini kulland\u0131.<\/p>\n\n\n\n<p class=\"wp-block-paragraph\">Kavurgadan nohut kahvesi de haz\u0131rlad\u0131klar\u0131n\u0131 aktaran O\u011fuz, &#8220;Nohudu kahve \u00e7ekirde\u011fi k\u0131vam\u0131na gelinceye kadar k\u0131s\u0131k ate\u015fte kavuruyoruz. Bunun yan\u0131nda koza kabu\u011fu mant\u0131s\u0131 da yap\u0131yoruz. Yo\u011furtlu ya da sade olarak t\u00fcketilebiliyor.&#8221; dedi.<\/p>\n\n\n\n<p class=\"wp-block-paragraph\">Seyfettin Ta\u015f da kavurga gelene\u011fini dedelerinden g\u00f6rd\u00fckleri \u015fekilde ya\u015fatmaya devam ettiklerini belirterek, &#8220;Bu k\u00fclt\u00fcr\u00fc ya\u015fatmaya devam ediyor, \u00e7ocuklar\u0131m\u0131za ve bizden sonraki nesillere aktarmak i\u00e7in \u00e7aba g\u00f6steriyoruz.&#8221; diye konu\u015ftu.<\/p>\n","protected":false},"excerpt":{"rendered":"<p>Sakarya&#8217;da as\u0131rl\u0131k nohut kavurga gelene\u011fi, Somut Olmayan K\u00fclt\u00fcrel Miras Ulusal Envanteri&#8217;ne al\u0131nacak. Sakarya&#8216;da, Orta Asya&#8217;dan<\/p>\n","protected":false},"author":1,"featured_media":4485,"comment_status":"open","ping_status":"open","sticky":false,"template":"","format":"standard","meta":{"_rtcl_gb_attr":"","footnotes":""},"categories":[74],"tags":[],"class_list":["post-4484","post","type-post","status-publish","format-standard","has-post-thumbnail","hentry","category-yerel-haberler"],"_links":{"self":[{"href":"https:\/\/turkiyemhaber.com\/index.php?rest_route=\/wp\/v2\/posts\/4484","targetHints":{"allow":["GET"]}}],"collection":[{"href":"https:\/\/turkiyemhaber.com\/index.php?rest_route=\/wp\/v2\/posts"}],"about":[{"href":"https:\/\/turkiyemhaber.com\/index.php?rest_route=\/wp\/v2\/types\/post"}],"author":[{"embeddable":true,"href":"https:\/\/turkiyemhaber.com\/index.php?rest_route=\/wp\/v2\/users\/1"}],"replies":[{"embeddable":true,"href":"https:\/\/turkiyemhaber.com\/index.php?rest_route=%2Fwp%2Fv2%2Fcomments&post=4484"}],"version-history":[{"count":1,"href":"https:\/\/turkiyemhaber.com\/index.php?rest_route=\/wp\/v2\/posts\/4484\/revisions"}],"predecessor-version":[{"id":4486,"href":"https:\/\/turkiyemhaber.com\/index.php?rest_route=\/wp\/v2\/posts\/4484\/revisions\/4486"}],"wp:featuredmedia":[{"embeddable":true,"href":"https:\/\/turkiyemhaber.com\/index.php?rest_route=\/wp\/v2\/media\/4485"}],"wp:attachment":[{"href":"https:\/\/turkiyemhaber.com\/index.php?rest_route=%2Fwp%2Fv2%2Fmedia&parent=4484"}],"wp:term":[{"taxonomy":"category","embeddable":true,"href":"https:\/\/turkiyemhaber.com\/index.php?rest_route=%2Fwp%2Fv2%2Fcategories&post=4484"},{"taxonomy":"post_tag","embeddable":true,"href":"https:\/\/turkiyemhaber.com\/index.php?rest_route=%2Fwp%2Fv2%2Ftags&post=4484"}],"curies":[{"name":"wp","href":"https:\/\/api.w.org\/{rel}","templated":true}]}}