{"id":4480,"date":"2026-07-31T10:40:43","date_gmt":"2026-07-31T10:40:43","guid":{"rendered":"https:\/\/turkiyemhaber.com\/?p=4480"},"modified":"2026-07-31T10:40:48","modified_gmt":"2026-07-31T10:40:48","slug":"balikesir-gomecte-3-gundur-suren-yangini-cikaran-2-kisi-tutuklandi","status":"publish","type":"post","link":"https:\/\/turkiyemhaber.com\/?p=4480","title":{"rendered":"Bal\u0131kesir G\u00f6me\u00e7&#8217;te 3 g\u00fcnd\u00fcr s\u00fcren yang\u0131n\u0131 \u00e7\u0131karan 2 ki\u015fi tutukland\u0131"},"content":{"rendered":"\n<p class=\"wp-block-paragraph\">Bal\u0131kesir&#8217;in G\u00f6me\u00e7 il\u00e7esinde ba\u015flay\u0131p Ayval\u0131k&#8217;a s\u0131\u00e7rayan orman yang\u0131n\u0131na havadan ve karadan m\u00fcdahale s\u00fcr\u00fcyor. Valilik, G\u00f6me\u00e7 yang\u0131n\u0131 ile ilgili 2 ki\u015finin tutukland\u0131\u011f\u0131n\u0131 duyurdu.<\/p>\n\n\n\n<p class=\"wp-block-paragraph\"><a href=\"https:\/\/www.sondakika.com\/balikesir\/\">Bal\u0131kesir<\/a>&#8216;in&nbsp;<a href=\"https:\/\/www.sondakika.com\/gomec\/\">G\u00f6me\u00e7<\/a>&nbsp;il\u00e7esinde ba\u015flay\u0131p&nbsp;<a href=\"https:\/\/www.sondakika.com\/ayvalik\/\">Ayval\u0131k<\/a>&#8216;a s\u0131\u00e7rayan orman yang\u0131n\u0131na havadan ve karadan m\u00fcdahale s\u00fcr\u00fcyor.<\/p>\n\n\n\n<p class=\"wp-block-paragraph\">G\u00f6me\u00e7&#8217;te \u00e7\u0131k\u0131p Ayval\u0131k il\u00e7esine s\u0131\u00e7rayan yang\u0131na 5 u\u00e7ak, 6 helikopter, 57 araz\u00f6z, 42 itfaiye arac\u0131, 58 su tankeri, 16 ilk m\u00fcdahale arac\u0131, 181 hizmet arac\u0131, 14 dozer, 17 kep\u00e7e ve greyder, 3 TOMA, 10 otob\u00fcs ve 13 ambulans ile 850 personel ve 55 orman g\u00f6n\u00fcll\u00fcs\u00fc m\u00fcdahale ediyor.<\/p>\n\n\n\n<h3 class=\"wp-block-heading\">4 K\u0130\u015e\u0130 YARALANDI<\/h3>\n\n\n\n<p class=\"wp-block-paragraph\">Risk alt\u0131nda bulunan Ayval\u0131k&#8217;a ba\u011fl\u0131 k\u0131rsal Hac\u0131veliler ve T\u0131f\u0131llar mahallelerinin sakinleri tedbir ama\u00e7l\u0131 tahliye edildi. K\u0131rsal Ba\u011fy\u00fcz\u00fc Mahallesi de tedbir amac\u0131yla bo\u015falt\u0131ld\u0131.&nbsp;\u00c7al\u0131\u015fmalar s\u0131ras\u0131nda ikisi itfaiye, biri orman personeli olmak \u00fczere 4 ki\u015fi yaraland\u0131, alevlerin aras\u0131nda kalan \u0130zmir B\u00fcy\u00fck\u015fehir Belediyesine ait bir su tankeri yand\u0131.<\/p>\n\n\n\n<h3 class=\"wp-block-heading\">2 K\u0130\u015e\u0130 TUTUKLANDI<\/h3>\n\n\n\n<p class=\"wp-block-paragraph\">G\u00f6me\u00e7 yang\u0131n\u0131 ile ilgili a\u00e7\u0131klama yapan Valilik, yang\u0131n\u0131 kaynak k\u0131v\u0131lc\u0131m\u0131yla \u00e7\u0131kard\u0131\u011f\u0131 tespit edilen 2 ki\u015finin tutukland\u0131\u011f\u0131n\u0131 duyurdu.<\/p>\n\n\n\n<p class=\"wp-block-paragraph\">Bal\u0131kesir Valili\u011fi&#8217;nin yapt\u0131\u011f\u0131 a\u00e7\u0131klamada \u015fu ifadelere yer verildi:<\/p>\n\n\n\n<p class=\"wp-block-paragraph\">&#8220;29 Temmuz \u00c7ar\u015famba g\u00fcn\u00fc saat 13.30 s\u0131ralar\u0131nda G\u00f6me\u00e7 il\u00e7emiz Kumgedik Mahallesi k\u0131rsal\u0131nda ba\u015flayan orman yang\u0131n\u0131 b\u00fcy\u00fck \u00f6l\u00e7\u00fcde kontrol alt\u0131na al\u0131nm\u0131\u015f olup so\u011futma \u00e7al\u0131\u015fmalar\u0131 devam etmektedir.<\/p>\n\n\n\n<p class=\"wp-block-paragraph\">Yang\u0131nla m\u00fccadelede 5 U\u00e7ak, 8 Helikopter, 66 Araz\u00f6z, 40 \u0130tfaiye Arac\u0131, 61 Su Tankeri, 7 \u0130lk M\u00fcdahale Arac\u0131, 162 Hizmet Arac\u0131, 13 Dozer, 27 Kep\u00e7e ve Greyder, 10 Otob\u00fcs, 3 TOMA, 8 Ambulans ve 944 personel ile 60 Orman G\u00f6n\u00fcll\u00fcs\u00fc g\u00f6rev yapm\u0131\u015ft\u0131r.<\/p>\n\n\n\n<p class=\"wp-block-paragraph\">G\u00f6me\u00e7 il\u00e7emizin d\u00f6rt, Ayval\u0131k \u0130l\u00e7emizin d\u00f6rt ve Burhaniye il\u00e7emizin bir mahallesi olmak \u00fczere toplam (9) mahallemiz yang\u0131ndan etkilenmi\u015ftir. Ayval\u0131k il\u00e7emiz Hac\u0131veliler, T\u0131f\u0131llar ve Ba\u011fy\u00fcz\u00fc Mahallelerimiz&#8217;den tedbir ama\u00e7l\u0131 tahliye edilen (63) vatanda\u015f\u0131m\u0131za Ayval\u0131k KYK Yurdunda bar\u0131nma imk\u00e2n\u0131 sa\u011flanm\u0131\u015ft\u0131r. Ayr\u0131ca (944) b\u00fcy\u00fckba\u015f ve k\u00fc\u00e7\u00fckba\u015f hayvan tahliye edilmi\u015ftir.<\/p>\n\n\n\n<p class=\"wp-block-paragraph\">Yang\u0131na m\u00fcdahale esnas\u0131nda yaralanan (2) Bal\u0131kesir B\u00fcy\u00fck\u015fehir Belediyesi \u0130tfaiye personeli, (1) \u0130zmir B\u00fcy\u00fck\u015fehir Belediyesi personeli, (1) Bursa Orman B\u00f6lge M\u00fcd\u00fcrl\u00fc\u011f\u00fc personeli, (1) sivil vatanda\u015f\u0131m\u0131z olmak \u00fczere toplam (5) ki\u015fi Ayval\u0131k Devlet Hastanesi ve Atat\u00fcrk \u015eehir Hastanesi&#8217;nde tedavi alt\u0131na al\u0131nm\u0131\u015f olup hayati tehlikeleri bulunmamakla birlikte tedavileri devam etmektedir. Yaralanan vatanda\u015flar\u0131m\u0131za ge\u00e7mi\u015f olsun dileklerimizi iletiyoruz.<\/p>\n\n\n\n<p class=\"wp-block-paragraph\">Yang\u0131n\u0131n \u00e7\u0131k\u0131\u015f sebebi ile ilgili olarak Bal\u0131kesir \u0130l Jandarma Komutanl\u0131\u011f\u0131nca yap\u0131lan \u00e7al\u0131\u015fmada, yang\u0131n\u0131n, O.G. ve M.Y. isimli \u015fah\u0131slar\u0131n evinin bah\u00e7esinde kaynak yapt\u0131\u011f\u0131 esnada \u00e7\u0131kan k\u0131v\u0131lc\u0131mdan ba\u015flad\u0131\u011f\u0131 tespit edilmi\u015f olup, \u015fah\u0131slar Burhaniye Sulh Ceza Hakimli\u011fince tutuklanm\u0131\u015ft\u0131r.<\/p>\n\n\n\n<p class=\"wp-block-paragraph\">Yang\u0131n\u0131n ilk an\u0131ndan itibaren fedak\u00e2rca g\u00f6rev yapan ba\u015fta Orman B\u00f6lge M\u00fcd\u00fcrl\u00fc\u011f\u00fc, Bal\u0131kesir B\u00fcy\u00fck\u015fehir Belediyesi \u0130tfaiyesi ve AFAD olmak \u00fczere s\u00f6nd\u00fcrme \u00e7al\u0131\u015fmalar\u0131na kat\u0131lan t\u00fcm kamu kurum ve kurulu\u015flar\u0131m\u0131za, sivil toplum kurulu\u015flar\u0131m\u0131z ile vatanda\u015flar\u0131m\u0131za te\u015fekk\u00fcr ediyoruz.&#8221;<\/p>\n\n\n\n<h3 class=\"wp-block-heading\">BAKAN YUMAKLI SON DURUMU PAYLA\u015eTI<\/h3>\n\n\n\n<p class=\"wp-block-paragraph\">Tar\u0131m ve Orman Bakan\u0131 \u0130brahim Yumakl\u0131 yang\u0131nlara ili\u015fkin a\u00e7\u0131klama yapt\u0131.<\/p>\n\n\n\n<p class=\"wp-block-paragraph\">Bakan Yumakl\u0131 \u015fu ifadeleri kulland\u0131:<\/p>\n\n\n\n<p class=\"wp-block-paragraph\">Sahada y\u00fcr\u00fctt\u00fc\u011f\u00fcm\u00fcz \u00f6zverili ve etkin m\u00fccadeleler neticesinde;<\/p>\n\n\n\n<p class=\"wp-block-paragraph\">Mu\u011fla\/ Fethiye yang\u0131n\u0131 TAMAMEN KONTROL ALTINA ALINMI\u015eTIR.<\/p>\n\n\n\n<p class=\"wp-block-paragraph\">Bal\u0131kesir\/ G\u00f6me\u00e7<\/p>\n\n\n\n<p class=\"wp-block-paragraph\">Antalya\/ Alanya ve<\/p>\n\n\n\n<p class=\"wp-block-paragraph\">Mersin\/ G\u00fclnar-Ayd\u0131nc\u0131k yang\u0131nlar\u0131 ise B\u00dcY\u00dcK \u00d6L\u00c7\u00dcDE KONTROL ALTINDA.<\/p>\n\n\n\n<p class=\"wp-block-paragraph\">Ayd\u0131n\/ \u00c7ine&#8217;de devam eden #yang\u0131n tamamen kontrol alt\u0131na al\u0131n\u0131ncaya kadar ekiplerimizin havadan ve karadan m\u00fcdahalesi aral\u0131ks\u0131z devam edecek.<\/p>\n\n\n\n<figure class=\"wp-block-image size-full\"><img loading=\"lazy\" decoding=\"async\" width=\"640\" height=\"425\" src=\"https:\/\/turkiyemhaber.com\/wp-content\/uploads\/2026\/07\/balikesir-gomecte-3-gundur-sur-20105370-7642_1_m.webp\" alt=\"\" class=\"wp-image-4482\" srcset=\"https:\/\/turkiyemhaber.com\/wp-content\/uploads\/2026\/07\/balikesir-gomecte-3-gundur-sur-20105370-7642_1_m.webp 640w, https:\/\/turkiyemhaber.com\/wp-content\/uploads\/2026\/07\/balikesir-gomecte-3-gundur-sur-20105370-7642_1_m-300x199.webp 300w, https:\/\/turkiyemhaber.com\/wp-content\/uploads\/2026\/07\/balikesir-gomecte-3-gundur-sur-20105370-7642_1_m-18x12.webp 18w\" sizes=\"auto, (max-width: 640px) 100vw, 640px\" \/><\/figure>\n\n\n\n<h3 class=\"wp-block-heading\">ALANYA&#8217;DA ORMAN YANGINI B\u00dcY\u00dcK \u00d6L\u00c7\u00dcDE KONTROL ALTINA ALINDI<\/h3>\n\n\n\n<p class=\"wp-block-paragraph\">Antalya&#8217;n\u0131n Alanya \u0130l\u00e7esi Sapadere Mahallesi&#8217;nde 29 Temmuz&#8217;da ormanl\u0131k alanda ba\u015flayan yang\u0131na Alanya Orman \u0130\u015fletme M\u00fcd\u00fcrl\u00fc\u011f\u00fc ve Antalya B\u00fcy\u00fck\u015fehir Belediyesi itfaiye ekiplerince m\u00fcdahale ediliyor.<\/p>\n\n\n\n<p class=\"wp-block-paragraph\">Yang\u0131n s\u00f6nd\u00fcrme \u00e7al\u0131\u015fmalar\u0131na 8 helikopter, 2 yang\u0131n s\u00f6nd\u00fcrme u\u00e7a\u011f\u0131, 40 araz\u00f6z, 8 su ikmal arac\u0131, 4 ilk m\u00fcdahale arac\u0131, 25 hizmet vas\u0131tas\u0131, 9 i\u015f makinesi ve 400 orman personeli kat\u0131l\u0131yor.<\/p>\n\n\n\n<p class=\"wp-block-paragraph\">Ekipler gece g\u00fcnd\u00fcz yapt\u0131klar\u0131 s\u00f6nd\u00fcrme \u00e7al\u0131\u015fmalar\u0131 sonucu yang\u0131n\u0131 b\u00fcy\u00fck \u00f6l\u00e7\u00fcde kontrol alt\u0131na ald\u0131.<\/p>\n\n\n\n<h3 class=\"wp-block-heading\">10 DAK\u0130KADA M\u00dcDAHALE ED\u0130LD\u0130<\/h3>\n\n\n\n<p class=\"wp-block-paragraph\">Antalya Orman B\u00f6lge M\u00fcd\u00fcr\u00fc Kemal Kay\u0131ran, AA muhabirine, 29 Temmuz saat 14.20 s\u0131ralar\u0131nda ba\u015flayan orman yang\u0131n\u0131na ekiplerin 10 dakika i\u00e7erisinde ilk m\u00fcdahaleye ba\u015flad\u0131\u011f\u0131n\u0131 s\u00f6yledi.<\/p>\n\n\n\n<p class=\"wp-block-paragraph\">Yang\u0131na kar\u015f\u0131 havadan ve karadan yo\u011fun \u015fekilde m\u00fcdahale yap\u0131ld\u0131\u011f\u0131n\u0131 aktaran Kay\u0131ran, &#8220;Yang\u0131n &#8216;tamamen kontrol alt\u0131na al\u0131nd\u0131&#8217; diyemeyiz ama b\u00fcy\u00fck \u00f6l\u00e7\u00fcde kontrol alt\u0131na al\u0131nd\u0131. Ekiplerimiz b\u00f6lgede \u00e7al\u0131\u015fmalar\u0131n\u0131 s\u00fcrd\u00fcr\u00fcyor. \u00c7al\u0131\u015fmalar tamamen bittikten sonra ne kadar alan\u0131n yang\u0131ndan etkilendi\u011fini daha net g\u00f6rebilece\u011fiz.&#8221; diye konu\u015ftu.<\/p>\n\n\n\n<h3 class=\"wp-block-heading\">TARIM VE ORMAN BAKANLI\u011eI: ORMAN YANGINLARIYLA M\u00dcCADELEM\u0130Z KES\u0130NT\u0130S\u0130Z S\u00dcR\u00dcYOR<\/h3>\n\n\n\n<p class=\"wp-block-paragraph\">Tar\u0131m ve Orman Bakanl\u0131\u011f\u0131 taraf\u0131ndan, &#8220;Orman yang\u0131nlar\u0131yla m\u00fccadelemiz kesintisiz s\u00fcr\u00fcyor&#8221; denildi.<\/p>\n\n\n\n<p class=\"wp-block-paragraph\">Tar\u0131m ve Orman Bakanl\u0131\u011f\u0131&#8217;n\u0131n sosyal medya hesab\u0131ndan devam eden yang\u0131nlara ili\u015fkin yap\u0131lan payla\u015f\u0131mda, &#8220;Sabah\u0131n ilk \u0131\u015f\u0131klar\u0131yla birlikte hava ara\u00e7lar\u0131m\u0131z da t\u00fcm g\u00fcc\u00fcyle sahada. Ayd\u0131n \u00c7ine ve Bal\u0131kesir G\u00f6me\u00e7 yang\u0131nlar\u0131na m\u00fcdahalemizi havadan yo\u011funla\u015ft\u0131rd\u0131k. Ye\u015fil Vatan&#8217;\u0131m\u0131z\u0131 yang\u0131nlara kar\u015f\u0131 havadan ve karadan korumak i\u00e7in t\u00fcm g\u00fcc\u00fcm\u00fczle sahaday\u0131z&#8221; ifadeleri kullan\u0131ld\u0131.<\/p>\n","protected":false},"excerpt":{"rendered":"<p>Bal\u0131kesir&#8217;in G\u00f6me\u00e7 il\u00e7esinde ba\u015flay\u0131p Ayval\u0131k&#8217;a s\u0131\u00e7rayan orman yang\u0131n\u0131na havadan ve karadan m\u00fcdahale s\u00fcr\u00fcyor. Valilik, G\u00f6me\u00e7<\/p>\n","protected":false},"author":1,"featured_media":4481,"comment_status":"open","ping_status":"open","sticky":false,"template":"","format":"standard","meta":{"_rtcl_gb_attr":"","footnotes":""},"categories":[43],"tags":[],"class_list":["post-4480","post","type-post","status-publish","format-standard","has-post-thumbnail","hentry","category-son-dakika"],"_links":{"self":[{"href":"https:\/\/turkiyemhaber.com\/index.php?rest_route=\/wp\/v2\/posts\/4480","targetHints":{"allow":["GET"]}}],"collection":[{"href":"https:\/\/turkiyemhaber.com\/index.php?rest_route=\/wp\/v2\/posts"}],"about":[{"href":"https:\/\/turkiyemhaber.com\/index.php?rest_route=\/wp\/v2\/types\/post"}],"author":[{"embeddable":true,"href":"https:\/\/turkiyemhaber.com\/index.php?rest_route=\/wp\/v2\/users\/1"}],"replies":[{"embeddable":true,"href":"https:\/\/turkiyemhaber.com\/index.php?rest_route=%2Fwp%2Fv2%2Fcomments&post=4480"}],"version-history":[{"count":1,"href":"https:\/\/turkiyemhaber.com\/index.php?rest_route=\/wp\/v2\/posts\/4480\/revisions"}],"predecessor-version":[{"id":4483,"href":"https:\/\/turkiyemhaber.com\/index.php?rest_route=\/wp\/v2\/posts\/4480\/revisions\/4483"}],"wp:featuredmedia":[{"embeddable":true,"href":"https:\/\/turkiyemhaber.com\/index.php?rest_route=\/wp\/v2\/media\/4481"}],"wp:attachment":[{"href":"https:\/\/turkiyemhaber.com\/index.php?rest_route=%2Fwp%2Fv2%2Fmedia&parent=4480"}],"wp:term":[{"taxonomy":"category","embeddable":true,"href":"https:\/\/turkiyemhaber.com\/index.php?rest_route=%2Fwp%2Fv2%2Fcategories&post=4480"},{"taxonomy":"post_tag","embeddable":true,"href":"https:\/\/turkiyemhaber.com\/index.php?rest_route=%2Fwp%2Fv2%2Ftags&post=4480"}],"curies":[{"name":"wp","href":"https:\/\/api.w.org\/{rel}","templated":true}]}}