{"id":4463,"date":"2026-07-31T10:06:44","date_gmt":"2026-07-31T10:06:44","guid":{"rendered":"https:\/\/turkiyemhaber.com\/?p=4463"},"modified":"2026-07-31T10:06:49","modified_gmt":"2026-07-31T10:06:49","slug":"iban-duzenlemesi-yururluge-girdi-cezalarda-yeni-donem-basladi","status":"publish","type":"post","link":"https:\/\/turkiyemhaber.com\/?p=4463","title":{"rendered":"IBAN d\u00fczenlemesi y\u00fcr\u00fcrl\u00fc\u011fe girdi! Cezalarda yeni d\u00f6nem ba\u015flad\u0131"},"content":{"rendered":"\n<p class=\"wp-block-paragraph\">Resmi Gazete&#8217;de yay\u0131mlanarak y\u00fcr\u00fcrl\u00fc\u011fe giren 12. Yarg\u0131 Paketi ile kamuoyunda &#8220;IBAN ma\u011fdurlar\u0131&#8221; olarak bilinen ki\u015filere ceza indirimi getirildi. D\u00fczenleme kapsam\u0131nda banka hesab\u0131n\u0131 veya \u00f6deme arac\u0131n\u0131 kulland\u0131rmakla s\u0131n\u0131rl\u0131 kalan ki\u015filere verilecek ceza yar\u0131 oran\u0131nda indirilebilecek. Yasayla ayr\u0131ca HAGB uygulamas\u0131 yeniden d\u00fczenlenirken, noterlik, icra-iflas ve idari yarg\u0131ya ili\u015fkin bir\u00e7ok alanda da de\u011fi\u015fikli\u011fe gidildi.<\/p>\n\n\n\n<p class=\"wp-block-paragraph\">Kamuoyunda &#8220;12. Yarg\u0131 Paketi&#8221; olarak an\u0131lan &#8220;Yarg\u0131n\u0131n Etkin ve Verimli \u0130\u015flemesine Y\u00f6nelik Baz\u0131 Kanunlarda De\u011fi\u015fiklik Yap\u0131lmas\u0131na Dair Kanun&#8221;, Resmi Gazete&#8217;de yay\u0131mlanarak y\u00fcr\u00fcrl\u00fc\u011fe girdi. D\u00fczenleme, ceza yarg\u0131lamas\u0131ndan noterlik i\u015flemlerine, icra-iflas hukukundan idari yarg\u0131ya kadar bir\u00e7ok alanda \u00f6nemli de\u011fi\u015fiklikler i\u00e7eriyor.<\/p>\n\n\n\n<h3 class=\"wp-block-heading\">IBAN MA\u011eDURLARINA CEZA \u0130ND\u0130R\u0130M\u0130 GELD\u0130<\/h3>\n\n\n\n<p class=\"wp-block-paragraph\">Yasan\u0131n en dikkat \u00e7eken d\u00fczenlemelerinden biri, kamuoyunda &#8220;IBAN ma\u011fdurlar\u0131&#8221; olarak bilinen ki\u015filere y\u00f6nelik oldu.<\/p>\n\n\n\n<p class=\"wp-block-paragraph\">T\u00fcrk Ceza Kanunu&#8217;nun nitelikli doland\u0131r\u0131c\u0131l\u0131k su\u00e7unu d\u00fczenleyen maddesinde yap\u0131lan de\u011fi\u015fikli\u011fe g\u00f6re, doland\u0131r\u0131c\u0131l\u0131k su\u00e7una i\u015ftiraki yaln\u0131zca banka hesab\u0131n\u0131, \u00f6deme arac\u0131n\u0131 veya bu hesaplar\u0131n kullan\u0131lmas\u0131n\u0131 sa\u011flayan bilgileri ba\u015fkas\u0131na vermekle s\u0131n\u0131rl\u0131 kalan ki\u015filere verilecek ceza yar\u0131 oran\u0131nda indirilebilecek.<\/p>\n\n\n\n<p class=\"wp-block-paragraph\">D\u00fczenleme; banka hesaplar\u0131, kredi kartlar\u0131 ile banka, arac\u0131 kurum, \u00f6deme hizmeti sa\u011flay\u0131c\u0131lar\u0131 ve kripto varl\u0131k hizmet sa\u011flay\u0131c\u0131lar\u0131 nezdindeki hesaplar\u0131n kullan\u0131lmas\u0131na imkan sa\u011flayan bilgi ve ara\u00e7lar\u0131n payla\u015f\u0131lmas\u0131 durumlar\u0131n\u0131 kaps\u0131yor.<\/p>\n\n\n\n<h3 class=\"wp-block-heading\">HAGB YEN\u0130DEN D\u00dcZENLEND\u0130<\/h3>\n\n\n\n<p class=\"wp-block-paragraph\">Kanunun \u00f6nemli ba\u015fl\u0131klar\u0131ndan biri de H\u00fckm\u00fcn A\u00e7\u0131klanmas\u0131n\u0131n Geri B\u0131rak\u0131lmas\u0131 (HAGB) uygulamas\u0131nda yap\u0131lan de\u011fi\u015fiklikler oldu.<\/p>\n\n\n\n<p class=\"wp-block-paragraph\">Anayasa Mahkemesi&#8217;nin iptal karar\u0131 do\u011frultusunda yeniden d\u00fczenlenen h\u00fck\u00fcmlere g\u00f6re, san\u0131\u011fa verilen cezan\u0131n iki y\u0131l veya daha az s\u00fcreli hapis ya da adli para cezas\u0131 olmas\u0131 halinde, gerekli \u015fartlar\u0131n olu\u015fmas\u0131 durumunda mahkeme HAGB karar\u0131 verebilecek.<\/p>\n\n\n\n<p class=\"wp-block-paragraph\">Bunun i\u00e7in san\u0131\u011f\u0131n daha \u00f6nce kas\u0131tl\u0131 bir su\u00e7tan mahkum olmam\u0131\u015f olmas\u0131, yeniden su\u00e7 i\u015flemeyece\u011fine ili\u015fkin kanaat olu\u015fmas\u0131 ve ma\u011fdur ya da kamunun u\u011frad\u0131\u011f\u0131 zarar\u0131n tamamen giderilmi\u015f olmas\u0131 gerekecek.<\/p>\n\n\n\n<p class=\"wp-block-paragraph\">\u00d6te yandan i\u015fkence, eziyet ve kamu g\u00f6revlilerinin g\u00f6revleri s\u0131ras\u0131nda i\u015fledi\u011fi baz\u0131 k\u00f6t\u00fc muamele su\u00e7lar\u0131nda HAGB uygulanmayacak.<\/p>\n\n\n\n<h3 class=\"wp-block-heading\">NOTERL\u0130K \u0130\u015eLEMLER\u0130 D\u0130J\u0130TALLE\u015e\u0130YOR<\/h3>\n\n\n\n<p class=\"wp-block-paragraph\">Noterlik Kanunu&#8217;nda yap\u0131lan de\u011fi\u015fiklikle noterlik evraklar\u0131n\u0131n mahkemeler ve kamu kurumlar\u0131yla elektronik ortamda payla\u015f\u0131lmas\u0131n\u0131n \u00f6n\u00fc a\u00e7\u0131ld\u0131. Onayl\u0131 belge \u00f6rnekleri g\u00fcvenli elektronik imzayla dijital olarak g\u00f6nderilebilecek ve bu i\u015flemler i\u00e7in ayr\u0131ca har\u00e7 veya vergi al\u0131nmayacak.<\/p>\n\n\n\n<h3 class=\"wp-block-heading\">\u0130CRA VE \u0130DAR\u0130 YARGIDA YEN\u0130 D\u00dcZENLEMELER<\/h3>\n\n\n\n<p class=\"wp-block-paragraph\">Yasayla icra-iflas sisteminde ortakl\u0131\u011f\u0131n giderilmesine ili\u015fkin sat\u0131\u015f usulleri de\u011fi\u015ftirilirken, elektronik sat\u0131\u015f portal\u0131 ve a\u00e7\u0131k art\u0131rmalara ili\u015fkin kurallar da yeniden d\u00fczenlendi.<\/p>\n\n\n\n<p class=\"wp-block-paragraph\">\u0130dari ve vergi yarg\u0131s\u0131nda tek hakim taraf\u0131ndan g\u00f6r\u00fclebilecek dava kapsam\u0131 geni\u015fletilirken, istinaf ve temyiz sisteminde de de\u011fi\u015fiklik yap\u0131ld\u0131. B\u00f6lge idare mahkemelerine daha geni\u015f yetkiler tan\u0131n\u0131rken, baz\u0131 kararlar i\u00e7in Dan\u0131\u015ftay&#8217;a temyiz yolu a\u00e7\u0131ld\u0131.<\/p>\n","protected":false},"excerpt":{"rendered":"<p>Resmi Gazete&#8217;de yay\u0131mlanarak y\u00fcr\u00fcrl\u00fc\u011fe giren 12. Yarg\u0131 Paketi ile kamuoyunda &#8220;IBAN ma\u011fdurlar\u0131&#8221; olarak bilinen ki\u015filere<\/p>\n","protected":false},"author":1,"featured_media":4464,"comment_status":"open","ping_status":"open","sticky":false,"template":"","format":"standard","meta":{"_rtcl_gb_attr":"","footnotes":""},"categories":[43],"tags":[],"class_list":["post-4463","post","type-post","status-publish","format-standard","has-post-thumbnail","hentry","category-son-dakika"],"_links":{"self":[{"href":"https:\/\/turkiyemhaber.com\/index.php?rest_route=\/wp\/v2\/posts\/4463","targetHints":{"allow":["GET"]}}],"collection":[{"href":"https:\/\/turkiyemhaber.com\/index.php?rest_route=\/wp\/v2\/posts"}],"about":[{"href":"https:\/\/turkiyemhaber.com\/index.php?rest_route=\/wp\/v2\/types\/post"}],"author":[{"embeddable":true,"href":"https:\/\/turkiyemhaber.com\/index.php?rest_route=\/wp\/v2\/users\/1"}],"replies":[{"embeddable":true,"href":"https:\/\/turkiyemhaber.com\/index.php?rest_route=%2Fwp%2Fv2%2Fcomments&post=4463"}],"version-history":[{"count":1,"href":"https:\/\/turkiyemhaber.com\/index.php?rest_route=\/wp\/v2\/posts\/4463\/revisions"}],"predecessor-version":[{"id":4465,"href":"https:\/\/turkiyemhaber.com\/index.php?rest_route=\/wp\/v2\/posts\/4463\/revisions\/4465"}],"wp:featuredmedia":[{"embeddable":true,"href":"https:\/\/turkiyemhaber.com\/index.php?rest_route=\/wp\/v2\/media\/4464"}],"wp:attachment":[{"href":"https:\/\/turkiyemhaber.com\/index.php?rest_route=%2Fwp%2Fv2%2Fmedia&parent=4463"}],"wp:term":[{"taxonomy":"category","embeddable":true,"href":"https:\/\/turkiyemhaber.com\/index.php?rest_route=%2Fwp%2Fv2%2Fcategories&post=4463"},{"taxonomy":"post_tag","embeddable":true,"href":"https:\/\/turkiyemhaber.com\/index.php?rest_route=%2Fwp%2Fv2%2Ftags&post=4463"}],"curies":[{"name":"wp","href":"https:\/\/api.w.org\/{rel}","templated":true}]}}