{"id":4460,"date":"2026-07-31T10:02:28","date_gmt":"2026-07-31T10:02:28","guid":{"rendered":"https:\/\/turkiyemhaber.com\/?p=4460"},"modified":"2026-07-31T10:02:33","modified_gmt":"2026-07-31T10:02:33","slug":"gozaltindaki-sinem-dedetasla-ilgili-yeni-gelisme","status":"publish","type":"post","link":"https:\/\/turkiyemhaber.com\/?p=4460","title":{"rendered":"G\u00f6zalt\u0131ndaki Sinem Dedeta\u015f&#8217;la ilgili yeni geli\u015fme"},"content":{"rendered":"\n<p class=\"wp-block-paragraph\">\u00dcsk\u00fcdar Belediyesi&#8217;ne y\u00f6nelik r\u00fc\u015fvet ve usuls\u00fczl\u00fck soru\u015fturmas\u0131nda g\u00f6zalt\u0131na al\u0131nan Belediye Ba\u015fkan\u0131 Sinem Dedeta\u015f ile birlikte 6 \u015f\u00fcpheli, emniyetteki i\u015flemlerinin ard\u0131ndan adliyeye sevk edildi.<\/p>\n\n\n\n<p class=\"wp-block-paragraph\"><a href=\"https:\/\/www.sondakika.com\/uskudar-belediyesi\/\">\u00dcsk\u00fcdar Belediyesi<\/a>&#8216;nde yap\u0131 ruhsat\u0131 ve iskan i\u015flemlerinde usuls\u00fczl\u00fck yap\u0131larak &#8220;r\u00fc\u015fvet&#8221; ve &#8220;irtikap&#8221; su\u00e7lar\u0131n\u0131n i\u015flendi\u011fi iddialar\u0131na ili\u015fkin y\u00fcr\u00fct\u00fclen soru\u015fturma kapsam\u0131nda g\u00f6zalt\u0131na al\u0131nan aralar\u0131nda Belediye Ba\u015fkan\u0131&nbsp;<a href=\"https:\/\/www.sondakika.com\/sinem-dedetas\/\">Sinem Dedeta\u015f<\/a>&#8216;\u0131n da bulundu\u011fu 6 \u015f\u00fcpheli, emniyetteki i\u015flemlerinin ard\u0131ndan adliyeye sevk edildi.<\/p>\n\n\n\n<h3 class=\"wp-block-heading\">YAPI RUHSATI S\u00dcREC\u0130NE \u0130L\u0130\u015eK\u0130N SORU\u015eTURMA<\/h3>\n\n\n\n<p class=\"wp-block-paragraph\">\u0130stanbul Anadolu Cumhuriyet Ba\u015fsavc\u0131l\u0131\u011f\u0131 taraf\u0131ndan y\u00fcr\u00fct\u00fclen soru\u015fturmada, \u00dcsk\u00fcdar Belediye Ba\u015fkan Yard\u0131mc\u0131s\u0131 F.D., Ba\u015fkan Dan\u0131\u015fman\u0131 U.M., \u00d6zel Kalem A.K., Kent A\u015e Genel M\u00fcd\u00fcr\u00fc N.A. ile ilgili birim amirleri ve personelin yap\u0131 ruhsat\u0131 ile iskan ruhsat\u0131 s\u00fcre\u00e7lerinde usuls\u00fczl\u00fck yapt\u0131\u011f\u0131 y\u00f6n\u00fcndeki ihbarlar, ma\u011fdur beyanlar\u0131 ve baz\u0131 \u015f\u00fcpheli ifadeleri \u00fczerine Belediye Ba\u015fkan\u0131 Sinem Dedeta\u015f hakk\u0131nda &#8220;r\u00fc\u015fvet&#8221;, &#8220;irtikap&#8221; ve &#8220;su\u00e7 i\u015flemek amac\u0131yla \u00f6rg\u00fct kurma ve y\u00f6netme&#8221; su\u00e7lar\u0131ndan soru\u015fturma ba\u015flat\u0131ld\u0131.<\/p>\n\n\n\n<h3 class=\"wp-block-heading\">YETK\u0130S\u0130Z K\u0130\u015e\u0130LER\u0130N RUHSAT S\u00dcREC\u0130N\u0130 Y\u00d6NETT\u0130\u011e\u0130 \u0130DD\u0130ASI<\/h3>\n\n\n\n<p class=\"wp-block-paragraph\">Soru\u015fturma kapsam\u0131nda, belediye i\u015ftiraki Kent A\u015e \u00e7al\u0131\u015fanlar\u0131n\u0131n herhangi bir resmi yetkileri bulunmamas\u0131na ra\u011fmen kriptolu kapal\u0131 devre e-posta sistemi \u00fczerinden olu\u015fturulan ileti\u015fim a\u011f\u0131 ve ada-parsel bazl\u0131 Excel tablolar\u0131 arac\u0131l\u0131\u011f\u0131yla belediye personeline talimat verdi\u011fi, yap\u0131 ruhsat\u0131 s\u00fcre\u00e7lerini fiilen koordine etti\u011fi \u00f6ne s\u00fcr\u00fcld\u00fc.<\/p>\n\n\n\n<h3 class=\"wp-block-heading\">361 M\u0130LYON L\u0130RALIK USULS\u00dcZ KAZAN\u00c7 \u0130DD\u0130ASI<\/h3>\n\n\n\n<p class=\"wp-block-paragraph\">MASAK incelemelerinde, Kent A\u015e ile m\u00fcteahhitler aras\u0131nda toplam 1 milyon 78 bin 870 lira bedelli dan\u0131\u015fmanl\u0131k hizmeti s\u00f6zle\u015fmeleri d\u00fczenlendi\u011fi, bu s\u00f6zle\u015fmeler \u00fczerinden yap\u0131 ruhsat\u0131 almak isteyen m\u00fcteahhitlerden toplam 361 milyon 392 bin 264 liran\u0131n gayriresmi \u015fekilde tahsil edildi\u011fi iddia edildi.<\/p>\n\n\n\n<h3 class=\"wp-block-heading\">ELDEN DOLARLA R\u00dc\u015eVET \u0130DD\u0130ASI<\/h3>\n\n\n\n<p class=\"wp-block-paragraph\">Soru\u015fturma dosyas\u0131ndaki iddialara g\u00f6re, y\u00fcksek hacimli in\u015faat projelerinde Belediye Ba\u015fkan\u0131 Sinem Dedeta\u015f&#8217;\u0131n dan\u0131\u015fman\u0131 U.M. ile Kent A\u015e Genel M\u00fcd\u00fcr\u00fc N.A. koordinasyonunda m\u00fcteahhitlerden elden dolar cinsinden r\u00fc\u015fvet al\u0131nd\u0131. R\u00fc\u015fvet kar\u015f\u0131l\u0131\u011f\u0131nda mevzuata ayk\u0131r\u0131 \u015fekilde iskan ruhsat\u0131 verildi\u011fi, paralar\u0131n belediye binas\u0131nda dan\u0131\u015fman U.M.&#8217;ye par\u00e7a par\u00e7a teslim edildi\u011fi HTS kay\u0131tlar\u0131, baz verileri ve \u015f\u00fcpheli ifadeleriyle tespit edildi\u011fi \u00f6ne s\u00fcr\u00fcld\u00fc.<\/p>\n\n\n\n<h3 class=\"wp-block-heading\">6 \u015e\u00dcPHEL\u0130 ADL\u0130YEYE G\u00d6T\u00dcR\u00dcLD\u00dc<\/h3>\n\n\n\n<p class=\"wp-block-paragraph\">Soru\u015fturma kapsam\u0131nda 29 Temmuz&#8217;da 11 adrese d\u00fczenlenen e\u015f zamanl\u0131 operasyonda g\u00f6zalt\u0131na al\u0131nan 6 \u015f\u00fcphelinin emniyetteki i\u015flemleri tamamland\u0131. Sa\u011fl\u0131k kontrol\u00fcnden ge\u00e7irilen \u015f\u00fcpheliler, aralar\u0131nda \u00dcsk\u00fcdar Belediye Ba\u015fkan\u0131 Sinem Dedeta\u015f&#8217;\u0131n da bulundu\u011fu 6 ki\u015fiyle birlikte \u0130stanbul Anadolu Adliyesi&#8217;ne sevk edildi.<\/p>\n","protected":false},"excerpt":{"rendered":"<p>\u00dcsk\u00fcdar Belediyesi&#8217;ne y\u00f6nelik r\u00fc\u015fvet ve usuls\u00fczl\u00fck soru\u015fturmas\u0131nda g\u00f6zalt\u0131na al\u0131nan Belediye Ba\u015fkan\u0131 Sinem Dedeta\u015f ile birlikte<\/p>\n","protected":false},"author":1,"featured_media":4461,"comment_status":"open","ping_status":"open","sticky":false,"template":"","format":"standard","meta":{"_rtcl_gb_attr":"","footnotes":""},"categories":[1],"tags":[],"class_list":["post-4460","post","type-post","status-publish","format-standard","has-post-thumbnail","hentry","category-http-turkiyemhaber-com-wp-content-uploads-2026-03-saray-59-haber-13-mart-pdf"],"_links":{"self":[{"href":"https:\/\/turkiyemhaber.com\/index.php?rest_route=\/wp\/v2\/posts\/4460","targetHints":{"allow":["GET"]}}],"collection":[{"href":"https:\/\/turkiyemhaber.com\/index.php?rest_route=\/wp\/v2\/posts"}],"about":[{"href":"https:\/\/turkiyemhaber.com\/index.php?rest_route=\/wp\/v2\/types\/post"}],"author":[{"embeddable":true,"href":"https:\/\/turkiyemhaber.com\/index.php?rest_route=\/wp\/v2\/users\/1"}],"replies":[{"embeddable":true,"href":"https:\/\/turkiyemhaber.com\/index.php?rest_route=%2Fwp%2Fv2%2Fcomments&post=4460"}],"version-history":[{"count":1,"href":"https:\/\/turkiyemhaber.com\/index.php?rest_route=\/wp\/v2\/posts\/4460\/revisions"}],"predecessor-version":[{"id":4462,"href":"https:\/\/turkiyemhaber.com\/index.php?rest_route=\/wp\/v2\/posts\/4460\/revisions\/4462"}],"wp:featuredmedia":[{"embeddable":true,"href":"https:\/\/turkiyemhaber.com\/index.php?rest_route=\/wp\/v2\/media\/4461"}],"wp:attachment":[{"href":"https:\/\/turkiyemhaber.com\/index.php?rest_route=%2Fwp%2Fv2%2Fmedia&parent=4460"}],"wp:term":[{"taxonomy":"category","embeddable":true,"href":"https:\/\/turkiyemhaber.com\/index.php?rest_route=%2Fwp%2Fv2%2Fcategories&post=4460"},{"taxonomy":"post_tag","embeddable":true,"href":"https:\/\/turkiyemhaber.com\/index.php?rest_route=%2Fwp%2Fv2%2Ftags&post=4460"}],"curies":[{"name":"wp","href":"https:\/\/api.w.org\/{rel}","templated":true}]}}