{"id":4457,"date":"2026-07-31T09:58:28","date_gmt":"2026-07-31T09:58:28","guid":{"rendered":"https:\/\/turkiyemhaber.com\/?p=4457"},"modified":"2026-07-31T09:58:32","modified_gmt":"2026-07-31T09:58:32","slug":"tekirdagda-poyraz-ulasimi-aksatti","status":"publish","type":"post","link":"https:\/\/turkiyemhaber.com\/?p=4457","title":{"rendered":"Tekirda\u011f&#8217;da Poyraz Ula\u015f\u0131m\u0131 Aksatt\u0131"},"content":{"rendered":"\n<p class=\"wp-block-paragraph\">Marmara Denizi&#8217;ndeki etkili poyraz, Tekirda\u011f&#8217;da deniz ula\u015f\u0131m\u0131n\u0131 olumsuz etkiliyor.<\/p>\n\n\n\n<p class=\"wp-block-paragraph\"><a href=\"https:\/\/www.sondakika.com\/marmara-denizi\/\">Marmara Denizi<\/a>&#8216;nde etkili olan poyraz,&nbsp;<a href=\"https:\/\/www.sondakika.com\/tekirdag\/\">Tekirda\u011f<\/a>&#8216;da deniz ula\u015f\u0131m\u0131nda aksamalara neden oluyor.<\/p>\n\n\n\n<p class=\"wp-block-paragraph\">H\u0131z\u0131 zaman zaman saatte 40 kilometreye ula\u015fan poyraz nedeniyle, yerli ve yabanc\u0131 band\u0131ral\u0131 9 \u015filep ile tanker, Tekirda\u011f a\u00e7\u0131klar\u0131nda bekliyor.<\/p>\n\n\n\n<p class=\"wp-block-paragraph\">Kentte k\u00fc\u00e7\u00fck teknelerle avc\u0131l\u0131k yapan bal\u0131k\u00e7\u0131lar da olumsuz hava ko\u015fullar\u0131 nedeniyle denize a\u00e7\u0131lamad\u0131.<\/p>\n\n\n\n<p class=\"wp-block-paragraph\">Poyraz\u0131n 2 g\u00fcn etkili olmas\u0131 bekleniyor.<\/p>\n","protected":false},"excerpt":{"rendered":"<p>Marmara Denizi&#8217;ndeki etkili poyraz, Tekirda\u011f&#8217;da deniz ula\u015f\u0131m\u0131n\u0131 olumsuz etkiliyor. Marmara Denizi&#8216;nde etkili olan poyraz,&nbsp;Tekirda\u011f&#8216;da deniz<\/p>\n","protected":false},"author":1,"featured_media":4458,"comment_status":"open","ping_status":"open","sticky":false,"template":"","format":"standard","meta":{"_rtcl_gb_attr":"","footnotes":""},"categories":[74],"tags":[],"class_list":["post-4457","post","type-post","status-publish","format-standard","has-post-thumbnail","hentry","category-yerel-haberler"],"_links":{"self":[{"href":"https:\/\/turkiyemhaber.com\/index.php?rest_route=\/wp\/v2\/posts\/4457","targetHints":{"allow":["GET"]}}],"collection":[{"href":"https:\/\/turkiyemhaber.com\/index.php?rest_route=\/wp\/v2\/posts"}],"about":[{"href":"https:\/\/turkiyemhaber.com\/index.php?rest_route=\/wp\/v2\/types\/post"}],"author":[{"embeddable":true,"href":"https:\/\/turkiyemhaber.com\/index.php?rest_route=\/wp\/v2\/users\/1"}],"replies":[{"embeddable":true,"href":"https:\/\/turkiyemhaber.com\/index.php?rest_route=%2Fwp%2Fv2%2Fcomments&post=4457"}],"version-history":[{"count":1,"href":"https:\/\/turkiyemhaber.com\/index.php?rest_route=\/wp\/v2\/posts\/4457\/revisions"}],"predecessor-version":[{"id":4459,"href":"https:\/\/turkiyemhaber.com\/index.php?rest_route=\/wp\/v2\/posts\/4457\/revisions\/4459"}],"wp:featuredmedia":[{"embeddable":true,"href":"https:\/\/turkiyemhaber.com\/index.php?rest_route=\/wp\/v2\/media\/4458"}],"wp:attachment":[{"href":"https:\/\/turkiyemhaber.com\/index.php?rest_route=%2Fwp%2Fv2%2Fmedia&parent=4457"}],"wp:term":[{"taxonomy":"category","embeddable":true,"href":"https:\/\/turkiyemhaber.com\/index.php?rest_route=%2Fwp%2Fv2%2Fcategories&post=4457"},{"taxonomy":"post_tag","embeddable":true,"href":"https:\/\/turkiyemhaber.com\/index.php?rest_route=%2Fwp%2Fv2%2Ftags&post=4457"}],"curies":[{"name":"wp","href":"https:\/\/api.w.org\/{rel}","templated":true}]}}