{"id":4450,"date":"2026-07-31T09:40:35","date_gmt":"2026-07-31T09:40:35","guid":{"rendered":"https:\/\/turkiyemhaber.com\/?p=4450"},"modified":"2026-07-31T09:40:45","modified_gmt":"2026-07-31T09:40:45","slug":"tekirdagda-yaz-spor-ve-sanatla-dolu-gececek","status":"publish","type":"post","link":"https:\/\/turkiyemhaber.com\/?p=4450","title":{"rendered":"Tekirda\u011f&#8217;da yaz, spor ve sanatla dolu ge\u00e7ecek"},"content":{"rendered":"\n<p class=\"wp-block-paragraph\">Tekirda\u011f B\u00fcy\u00fck\u015fehir Belediyesi, vatanda\u015flar\u0131n yaz aylar\u0131n\u0131 daha verimli de\u011ferlendirmelerine katk\u0131 sa\u011flamak amac\u0131yla S\u00fcleymanpa\u015fa ve \u00c7erkezk\u00f6y il\u00e7elerinde \u00fccretsiz yaz etkinlikleri ve kurs program\u0131 d\u00fczenleyecek. B\u00fcy\u00fck\u015fehir Belediye Ba\u015fkan\u0131 Candan Y\u00fcceer,\u00a0&#8220;Kentimizin her k\u00f6\u015fesinde sanat\u0131, sporu ve e\u011fitimi herkes i\u00e7in eri\u015filebilir k\u0131lmaya devam edece\u011fiz&#8221; dedi.<\/p>\n\n\n\n<p class=\"wp-block-paragraph\"><strong>(TEK\u0130RDA\u011e)<\/strong>&nbsp;&#8211;&nbsp;<a href=\"https:\/\/www.sondakika.com\/tekirdag-buyuksehir-belediyesi\/\">Tekirda\u011f B\u00fcy\u00fck\u015fehir Belediyesi<\/a>, vatanda\u015flar\u0131n yaz aylar\u0131n\u0131 daha verimli de\u011ferlendirmelerine katk\u0131 sa\u011flamak amac\u0131yla&nbsp;<a href=\"https:\/\/www.sondakika.com\/suleymanpasa\/\">S\u00fcleymanpa\u015fa<\/a>&nbsp;ve&nbsp;<a href=\"https:\/\/www.sondakika.com\/cerkezkoy\/\">\u00c7erkezk\u00f6y<\/a>&nbsp;il\u00e7elerinde \u00fccretsiz yaz etkinlikleri ve kurs program\u0131 d\u00fczenleyecek. B\u00fcy\u00fck\u015fehir Belediye Ba\u015fkan\u0131&nbsp;<a href=\"https:\/\/www.sondakika.com\/candan-yuceer\/\">Candan Y\u00fcceer<\/a>,&nbsp;&#8220;Kentimizin her k\u00f6\u015fesinde sanat\u0131, sporu ve e\u011fitimi herkes i\u00e7in eri\u015filebilir k\u0131lmaya devam edece\u011fiz&#8221; dedi.<\/p>\n\n\n\n<p class=\"wp-block-paragraph\">S\u00fcleymanpa\u015fa ve \u00c7erkezk\u00f6y il\u00e7elerindeki TEK At\u00f6lyeler ve S\u00fcleymanpa\u015fa T\u00fcrk-Macar K\u00fclt\u00fcr Evi&#8217;nde ger\u00e7ekle\u015ftirilecek kurs ve etkinlikler, yaz boyunca farkl\u0131 ya\u015f gruplar\u0131ndan yeti\u015fkinleri \u00f6\u011frenme ve \u00fcretim ortamlar\u0131nda bulu\u015fturacak.&nbsp;Sanattan spora, yabanc\u0131 dil e\u011fitiminden el sanatlar\u0131na ve ki\u015fisel geli\u015fim at\u00f6lyelerine kadar uzanan zengin i\u00e7erikli programlarla vatanda\u015flara yeni beceriler kazanabilecekleri sosyal ve e\u011fitici bir ortam sunulacak.<\/p>\n\n\n\n<p class=\"wp-block-paragraph\"><strong>YAZA DE\u011eER KATAN ETK\u0130NL\u0130KLER<\/strong><\/p>\n\n\n\n<p class=\"wp-block-paragraph\">B\u00fcy\u00fck\u015fehir Belediyesi taraf\u0131ndan d\u00fczenlenecek \u00fccretsiz yaz programlar\u0131 kapsam\u0131nda sa\u011fl\u0131kl\u0131 ya\u015fam\u0131 desteklemek amac\u0131yla S\u00fcleymanpa\u015fa Sahili Macar Park\u0131&#8217;nda her ya\u015ftan vatanda\u015f\u0131n kat\u0131l\u0131m\u0131na a\u00e7\u0131k Pilates ve Aerodans e\u011fitimleri verilecek. Haftan\u0131n d\u00f6rt g\u00fcn\u00fc (sal\u0131, \u00e7ar\u015famba, per\u015fembe ve cuma) 08.00-09.00 saatleri aras\u0131nda ger\u00e7ekle\u015ftirilecek sabah sporlar\u0131 ile vatanda\u015flar g\u00fcne enerjik bir ba\u015flang\u0131\u00e7 yapma imkan\u0131 bulacak.<\/p>\n\n\n\n<p class=\"wp-block-paragraph\">Yabanc\u0131 dil becerilerini geli\u015ftirmek isteyen 18-70 ya\u015f aras\u0131 yeti\u015fkinler i\u00e7in ise S\u00fcleymanpa\u015fa T\u00fcrk-Macar K\u00fclt\u00fcr Evi&#8217;nde sal\u0131 ve per\u015fembe g\u00fcnleri \u00fc\u00e7er saatlik Almanca Konu\u015fma Kul\u00fcb\u00fc d\u00fczenlenecek.<\/p>\n\n\n\n<p class=\"wp-block-paragraph\">El sanatlar\u0131na ilgi duyan vatanda\u015flar i\u00e7in S\u00fcleymanpa\u015fa TEK At\u00f6lye&#8217;de Seramik Tasar\u0131m ve Ebru Sanat\u0131 at\u00f6lyeleri farkl\u0131 seanslarla ger\u00e7ekle\u015ftirilecek. S\u00fcleymanpa\u015fa Alt\u0131nova TEK At\u00f6lye&#8217;de ise 18-70 ya\u015f grubuna y\u00f6nelik Yaz Temal\u0131 Tekstil \u00dcr\u00fcnleri Dikim At\u00f6lyeleri sal\u0131 ve per\u015fembe g\u00fcnleri d\u00fczenlenecek.<\/p>\n\n\n\n<p class=\"wp-block-paragraph\">\u00c7erkezk\u00f6y K\u0131z\u0131lp\u0131nar TEK At\u00f6lye&#8217;de de yeti\u015fkinlere y\u00f6nelik alt\u0131 haftal\u0131k zenginle\u015ftirilmi\u015f kurs program\u0131 uygulanacak. Program kapsam\u0131nda Kordon \u00c7anta Dikim At\u00f6lyesi ile Yazl\u0131k Giyim At\u00f6lyesi farkl\u0131 gruplar halinde yap\u0131lacak. Ayr\u0131ca 18 ya\u015f ve \u00fczeri kad\u0131n kursiyerlere y\u00f6nelik Manevi Dan\u0131\u015fmanl\u0131k ve Rehberlik At\u00f6lyesi&#8217;nde \u00f6z fark\u0131ndal\u0131k, manevi dayan\u0131kl\u0131l\u0131k, duygularla sa\u011fl\u0131kl\u0131 ba\u015fa \u00e7\u0131kma, etkili ileti\u015fim ve ya\u015fam\u0131n anlam\u0131 gibi konular ele al\u0131nacak.<\/p>\n\n\n\n<p class=\"wp-block-paragraph\"><strong>&#8220;SANATI, SPORU VE E\u011e\u0130T\u0130M\u0130 HERKES \u0130\u00c7\u0130N ER\u0130\u015e\u0130LEB\u0130L\u0130R KILMAYI S\u00dcRD\u00dcRECE\u011e\u0130Z&#8221;<\/strong><\/p>\n\n\n\n<p class=\"wp-block-paragraph\">Yeti\u015fkinlere y\u00f6nelik yaz etkinliklerinin yaln\u0131zca yeni beceriler kazand\u0131rmakla kalmay\u0131p sosyal ya\u015fam\u0131 da g\u00fc\u00e7lendirdi\u011fini belirten B\u00fcy\u00fck\u015fehir Belediye Ba\u015fkan\u0131 Candan Y\u00fcceer, t\u00fcm vatanda\u015flar\u0131 \u00fccretsiz kurs ve at\u00f6lyelere davet etti. Y\u00fcceer, &#8220;<a href=\"https:\/\/www.sondakika.com\/yasam\/\">Ya\u015fam<\/a>&nbsp;boyu \u00f6\u011frenmeyi destekleyen \u00e7al\u0131\u015fmalar\u0131m\u0131zla vatanda\u015flar\u0131m\u0131z\u0131n sosyal hayata daha aktif kat\u0131lmalar\u0131n\u0131 \u00f6nemsiyoruz. Yaz aylar\u0131n\u0131 \u00fcretmenin, \u00f6\u011frenmenin ve payla\u015fman\u0131n zaman\u0131 olarak g\u00f6r\u00fcyoruz. Kentimizin her k\u00f6\u015fesinde sanat\u0131, sporu ve e\u011fitimi herkes i\u00e7in eri\u015filebilir k\u0131lmaya devam edece\u011fiz. TEK At\u00f6lyelerimiz ve T\u00fcrk-Macar K\u00fclt\u00fcr Evimiz de bu anlay\u0131\u015f\u0131n en \u00f6nemli bulu\u015fma noktalar\u0131ndan biri olmay\u0131 s\u00fcrd\u00fcrecek&#8221; ifadelerini kulland\u0131.<\/p>\n\n\n\n<p class=\"wp-block-paragraph\"><strong>KAYITLAR DEVAM ED\u0130YOR<\/strong><\/p>\n\n\n\n<p class=\"wp-block-paragraph\">Tekirda\u011f B\u00fcy\u00fck\u015fehir Belediyesi&#8217;nin yeti\u015fkinlere y\u00f6nelik \u00fccretsiz yaz kurslar\u0131 ve etkinliklerinde kay\u0131t s\u00fcreci devam ediyor. Programlara ili\u015fkin ayr\u0131nt\u0131l\u0131 bilgi almak ve ba\u015fvuruda bulunmak isteyen vatanda\u015flar, ALO 153 Candan \u00c7\u00f6z\u00fcm Merkezi \u00fczerinden ba\u015fvurular\u0131n\u0131 ger\u00e7ekle\u015ftirebilecek ve bilgi alabilecek.<\/p>\n","protected":false},"excerpt":{"rendered":"<p>Tekirda\u011f B\u00fcy\u00fck\u015fehir Belediyesi, vatanda\u015flar\u0131n yaz aylar\u0131n\u0131 daha verimli de\u011ferlendirmelerine katk\u0131 sa\u011flamak amac\u0131yla S\u00fcleymanpa\u015fa ve \u00c7erkezk\u00f6y<\/p>\n","protected":false},"author":1,"featured_media":4451,"comment_status":"open","ping_status":"open","sticky":false,"template":"","format":"standard","meta":{"_rtcl_gb_attr":"","footnotes":""},"categories":[74],"tags":[],"class_list":["post-4450","post","type-post","status-publish","format-standard","has-post-thumbnail","hentry","category-yerel-haberler"],"_links":{"self":[{"href":"https:\/\/turkiyemhaber.com\/index.php?rest_route=\/wp\/v2\/posts\/4450","targetHints":{"allow":["GET"]}}],"collection":[{"href":"https:\/\/turkiyemhaber.com\/index.php?rest_route=\/wp\/v2\/posts"}],"about":[{"href":"https:\/\/turkiyemhaber.com\/index.php?rest_route=\/wp\/v2\/types\/post"}],"author":[{"embeddable":true,"href":"https:\/\/turkiyemhaber.com\/index.php?rest_route=\/wp\/v2\/users\/1"}],"replies":[{"embeddable":true,"href":"https:\/\/turkiyemhaber.com\/index.php?rest_route=%2Fwp%2Fv2%2Fcomments&post=4450"}],"version-history":[{"count":1,"href":"https:\/\/turkiyemhaber.com\/index.php?rest_route=\/wp\/v2\/posts\/4450\/revisions"}],"predecessor-version":[{"id":4452,"href":"https:\/\/turkiyemhaber.com\/index.php?rest_route=\/wp\/v2\/posts\/4450\/revisions\/4452"}],"wp:featuredmedia":[{"embeddable":true,"href":"https:\/\/turkiyemhaber.com\/index.php?rest_route=\/wp\/v2\/media\/4451"}],"wp:attachment":[{"href":"https:\/\/turkiyemhaber.com\/index.php?rest_route=%2Fwp%2Fv2%2Fmedia&parent=4450"}],"wp:term":[{"taxonomy":"category","embeddable":true,"href":"https:\/\/turkiyemhaber.com\/index.php?rest_route=%2Fwp%2Fv2%2Fcategories&post=4450"},{"taxonomy":"post_tag","embeddable":true,"href":"https:\/\/turkiyemhaber.com\/index.php?rest_route=%2Fwp%2Fv2%2Ftags&post=4450"}],"curies":[{"name":"wp","href":"https:\/\/api.w.org\/{rel}","templated":true}]}}