{"id":4447,"date":"2026-07-31T09:35:52","date_gmt":"2026-07-31T09:35:52","guid":{"rendered":"https:\/\/turkiyemhaber.com\/?p=4447"},"modified":"2026-07-31T09:35:58","modified_gmt":"2026-07-31T09:35:58","slug":"tekirdagda-takla-atan-aractan-kacan-surucu-araniyor","status":"publish","type":"post","link":"https:\/\/turkiyemhaber.com\/?p=4447","title":{"rendered":"Tekirda\u011f&#8217;da Takla Atan Ara\u00e7tan Ka\u00e7an S\u00fcr\u00fcc\u00fc Aran\u0131yor"},"content":{"rendered":"\n<p class=\"wp-block-paragraph\">\u00c7orlu&#8217;da takla atan hafif ticari ara\u00e7 s\u00fcr\u00fcc\u00fcs\u00fc, yolcusunu b\u0131rak\u0131p ka\u00e7t\u0131. Polis incelemede.<\/p>\n\n\n\n<p class=\"wp-block-paragraph\">TEK\u0130RDA\u011e&#8217;\u0131n&nbsp;<a href=\"https:\/\/www.sondakika.com\/corlu\/\">\u00c7orlu<\/a>&nbsp;il\u00e7esinde, takla atan hafif ticari arac\u0131n s\u00fcr\u00fcc\u00fcs\u00fc, yan\u0131ndaki hafif yaralanan ki\u015fiyi b\u0131rak\u0131p ka\u00e7t\u0131.<\/p>\n\n\n\n<p class=\"wp-block-paragraph\">Kaza, saat 03.00 s\u0131ralar\u0131nda, Salih Omurtak Caddesi ile Atat\u00fcrk Bulvar\u0131&#8217;ndaki kav\u015fakta meydana geldi. S\u00fcr\u00fcc\u00fcs\u00fcn\u00fcn kontrol\u00fcn\u00fc kaybetti\u011fi 34 EYF 958 plakal\u0131 hafif ticari ara\u00e7, takla atarak devrildi. Ara\u00e7 ters d\u00f6nerken, s\u00fcr\u00fcc\u00fcs\u00fc ka\u00e7t\u0131. S\u00fcr\u00fcc\u00fcn\u00fcn ara\u00e7ta b\u0131rakt\u0131\u011f\u0131 yolcu ise kazay\u0131 hafif s\u0131yr\u0131kla atlatt\u0131. \u0130hbar \u00fczerine b\u00f6lgeye polis, sa\u011fl\u0131k ve itfaiye ekipleri sevk edildi.&nbsp;<a href=\"https:\/\/www.sondakika.com\/polis\/\">Polis<\/a>, hafif yaral\u0131y\u0131, sa\u011fl\u0131k ekibinin m\u00fcdahalesinin ard\u0131ndan ifadesine ba\u015fvurmak \u00fczere polis merkezine g\u00f6t\u00fcrd\u00fc. Ara\u00e7, \u00e7ekiciyle alandan kald\u0131r\u0131ld\u0131.<\/p>\n\n\n\n<p class=\"wp-block-paragraph\">Polisin kazaya ili\u015fkin incelemesi s\u00fcr\u00fcyor.<\/p>\n","protected":false},"excerpt":{"rendered":"<p>\u00c7orlu&#8217;da takla atan hafif ticari ara\u00e7 s\u00fcr\u00fcc\u00fcs\u00fc, yolcusunu b\u0131rak\u0131p ka\u00e7t\u0131. Polis incelemede. TEK\u0130RDA\u011e&#8217;\u0131n&nbsp;\u00c7orlu&nbsp;il\u00e7esinde, takla atan<\/p>\n","protected":false},"author":1,"featured_media":4448,"comment_status":"open","ping_status":"open","sticky":false,"template":"","format":"standard","meta":{"_rtcl_gb_attr":"","footnotes":""},"categories":[74],"tags":[],"class_list":["post-4447","post","type-post","status-publish","format-standard","has-post-thumbnail","hentry","category-yerel-haberler"],"_links":{"self":[{"href":"https:\/\/turkiyemhaber.com\/index.php?rest_route=\/wp\/v2\/posts\/4447","targetHints":{"allow":["GET"]}}],"collection":[{"href":"https:\/\/turkiyemhaber.com\/index.php?rest_route=\/wp\/v2\/posts"}],"about":[{"href":"https:\/\/turkiyemhaber.com\/index.php?rest_route=\/wp\/v2\/types\/post"}],"author":[{"embeddable":true,"href":"https:\/\/turkiyemhaber.com\/index.php?rest_route=\/wp\/v2\/users\/1"}],"replies":[{"embeddable":true,"href":"https:\/\/turkiyemhaber.com\/index.php?rest_route=%2Fwp%2Fv2%2Fcomments&post=4447"}],"version-history":[{"count":1,"href":"https:\/\/turkiyemhaber.com\/index.php?rest_route=\/wp\/v2\/posts\/4447\/revisions"}],"predecessor-version":[{"id":4449,"href":"https:\/\/turkiyemhaber.com\/index.php?rest_route=\/wp\/v2\/posts\/4447\/revisions\/4449"}],"wp:featuredmedia":[{"embeddable":true,"href":"https:\/\/turkiyemhaber.com\/index.php?rest_route=\/wp\/v2\/media\/4448"}],"wp:attachment":[{"href":"https:\/\/turkiyemhaber.com\/index.php?rest_route=%2Fwp%2Fv2%2Fmedia&parent=4447"}],"wp:term":[{"taxonomy":"category","embeddable":true,"href":"https:\/\/turkiyemhaber.com\/index.php?rest_route=%2Fwp%2Fv2%2Fcategories&post=4447"},{"taxonomy":"post_tag","embeddable":true,"href":"https:\/\/turkiyemhaber.com\/index.php?rest_route=%2Fwp%2Fv2%2Ftags&post=4447"}],"curies":[{"name":"wp","href":"https:\/\/api.w.org\/{rel}","templated":true}]}}