{"id":4441,"date":"2026-07-31T09:22:32","date_gmt":"2026-07-31T09:22:32","guid":{"rendered":"https:\/\/turkiyemhaber.com\/?p=4441"},"modified":"2026-07-31T09:22:37","modified_gmt":"2026-07-31T09:22:37","slug":"kumbag-sahilinde-olu-yunus-bulundu","status":"publish","type":"post","link":"https:\/\/turkiyemhaber.com\/?p=4441","title":{"rendered":"Kumba\u011f sahilinde \u00f6l\u00fc yunus bulundu"},"content":{"rendered":"\n<p class=\"wp-block-paragraph\">Tekirda\u011f\u2019\u0131n S\u00fcleymanpa\u015fa il\u00e7esinde k\u0131y\u0131ya vuran yunus \u00f6l\u00fcs\u00fc bulundu.<\/p>\n\n\n\n<p class=\"wp-block-paragraph\"><a href=\"https:\/\/www.sondakika.com\/tekirdag\/\">Tekirda\u011f<\/a>&#8216;\u0131n&nbsp;<a href=\"https:\/\/www.sondakika.com\/suleymanpasa\/\">S\u00fcleymanpa\u015fa<\/a>&nbsp;il\u00e7esinde k\u0131y\u0131ya vuran yunus \u00f6l\u00fcs\u00fc bulundu.<\/p>\n\n\n\n<p class=\"wp-block-paragraph\">Tekirda\u011f&#8217;\u0131n S\u00fcleymanpa\u015fa il\u00e7esine ba\u011fl\u0131&nbsp;<a href=\"https:\/\/www.sondakika.com\/kumbag\/\">Kumba\u011f<\/a>&nbsp;Mahallesi&#8217;nde sahil kenar\u0131nda y\u00fcr\u00fcy\u00fc\u015f yapan vatanda\u015flar, k\u0131y\u0131da \u00f6l\u00fc yunusla kar\u015f\u0131la\u015ft\u0131. Sahilde hareketsiz halde yatan yunusu g\u00f6ren vatanda\u015flar durumu yetkililere bildirdi. \u0130hbar \u00fczerine b\u00f6lgeye gelen Tekirda\u011f B\u00fcy\u00fck\u015fehir Belediyesi ekipleri, k\u0131y\u0131ya vuran yunusu bulundu\u011fu yerden kald\u0131rd\u0131.<\/p>\n\n\n\n<p class=\"wp-block-paragraph\">Olayla ilgili inceleme ba\u015flat\u0131ld\u0131.<\/p>\n","protected":false},"excerpt":{"rendered":"<p>Tekirda\u011f\u2019\u0131n S\u00fcleymanpa\u015fa il\u00e7esinde k\u0131y\u0131ya vuran yunus \u00f6l\u00fcs\u00fc bulundu. Tekirda\u011f&#8216;\u0131n&nbsp;S\u00fcleymanpa\u015fa&nbsp;il\u00e7esinde k\u0131y\u0131ya vuran yunus \u00f6l\u00fcs\u00fc bulundu. Tekirda\u011f&#8217;\u0131n<\/p>\n","protected":false},"author":1,"featured_media":4442,"comment_status":"open","ping_status":"open","sticky":false,"template":"","format":"standard","meta":{"_rtcl_gb_attr":"","footnotes":""},"categories":[74],"tags":[],"class_list":["post-4441","post","type-post","status-publish","format-standard","has-post-thumbnail","hentry","category-yerel-haberler"],"_links":{"self":[{"href":"https:\/\/turkiyemhaber.com\/index.php?rest_route=\/wp\/v2\/posts\/4441","targetHints":{"allow":["GET"]}}],"collection":[{"href":"https:\/\/turkiyemhaber.com\/index.php?rest_route=\/wp\/v2\/posts"}],"about":[{"href":"https:\/\/turkiyemhaber.com\/index.php?rest_route=\/wp\/v2\/types\/post"}],"author":[{"embeddable":true,"href":"https:\/\/turkiyemhaber.com\/index.php?rest_route=\/wp\/v2\/users\/1"}],"replies":[{"embeddable":true,"href":"https:\/\/turkiyemhaber.com\/index.php?rest_route=%2Fwp%2Fv2%2Fcomments&post=4441"}],"version-history":[{"count":1,"href":"https:\/\/turkiyemhaber.com\/index.php?rest_route=\/wp\/v2\/posts\/4441\/revisions"}],"predecessor-version":[{"id":4443,"href":"https:\/\/turkiyemhaber.com\/index.php?rest_route=\/wp\/v2\/posts\/4441\/revisions\/4443"}],"wp:featuredmedia":[{"embeddable":true,"href":"https:\/\/turkiyemhaber.com\/index.php?rest_route=\/wp\/v2\/media\/4442"}],"wp:attachment":[{"href":"https:\/\/turkiyemhaber.com\/index.php?rest_route=%2Fwp%2Fv2%2Fmedia&parent=4441"}],"wp:term":[{"taxonomy":"category","embeddable":true,"href":"https:\/\/turkiyemhaber.com\/index.php?rest_route=%2Fwp%2Fv2%2Fcategories&post=4441"},{"taxonomy":"post_tag","embeddable":true,"href":"https:\/\/turkiyemhaber.com\/index.php?rest_route=%2Fwp%2Fv2%2Ftags&post=4441"}],"curies":[{"name":"wp","href":"https:\/\/api.w.org\/{rel}","templated":true}]}}