{"id":4438,"date":"2026-07-31T09:16:42","date_gmt":"2026-07-31T09:16:42","guid":{"rendered":"https:\/\/turkiyemhaber.com\/?p=4438"},"modified":"2026-07-31T09:16:49","modified_gmt":"2026-07-31T09:16:49","slug":"tekirdag-itfaiyesi-balikesir-gomecte-yangin-sondurme-calismalarina-katki-sunuyor","status":"publish","type":"post","link":"https:\/\/turkiyemhaber.com\/?p=4438","title":{"rendered":"Tekirda\u011f \u0130tfaiyesi, Bal\u0131kesir G\u00f6me\u00e7&#8217;te yang\u0131n s\u00f6nd\u00fcrme \u00e7al\u0131\u015fmalar\u0131na katk\u0131 sunuyor"},"content":{"rendered":"\n<p class=\"wp-block-paragraph\">Tekirda\u011f B\u00fcy\u00fck\u015fehir Belediyesi \u0130tfaiye Dairesi Ba\u015fkanl\u0131\u011f\u0131&#8217;na ba\u011fl\u0131 alt\u0131 personel, bir itfaiye arac\u0131 ve bir su tankeri ile Fen \u0130\u015fleri Dairesi Ba\u015fkanl\u0131\u011f\u0131&#8217;na ba\u011fl\u0131 \u00fc\u00e7 personel, bir lowbet, bir \u00f6nc\u00fc pikap ara\u00e7 ve bir dozer, Bal\u0131kesir G\u00f6me\u00e7&#8217;te yang\u0131n s\u00f6nd\u00fcrme \u00e7al\u0131\u015fmalar\u0131na katk\u0131 sunmak \u00fczere b\u00f6lgeye g\u00f6nderildi.<\/p>\n\n\n\n<p class=\"wp-block-paragraph\"><strong>(TEK\u0130RDA\u011e)<\/strong>&nbsp;&#8211;&nbsp;<a href=\"https:\/\/www.sondakika.com\/tekirdag-buyuksehir-belediyesi\/\">Tekirda\u011f B\u00fcy\u00fck\u015fehir Belediyesi<\/a>&nbsp;<a href=\"https:\/\/www.sondakika.com\/itfaiye\/\">\u0130tfaiye<\/a>&nbsp;Dairesi Ba\u015fkanl\u0131\u011f\u0131&#8217;na ba\u011fl\u0131 alt\u0131 personel, bir itfaiye arac\u0131 ve bir su tankeri ile Fen \u0130\u015fleri Dairesi Ba\u015fkanl\u0131\u011f\u0131&#8217;na ba\u011fl\u0131 \u00fc\u00e7 personel, bir lowbet, bir \u00f6nc\u00fc pikap ara\u00e7 ve bir dozer,&nbsp;<a href=\"https:\/\/www.sondakika.com\/balikesir\/\">Bal\u0131kesir<\/a>&nbsp;<a href=\"https:\/\/www.sondakika.com\/gomec\/\">G\u00f6me\u00e7<\/a>&#8216;te yang\u0131n s\u00f6nd\u00fcrme \u00e7al\u0131\u015fmalar\u0131na katk\u0131 sunmak \u00fczere b\u00f6lgeye g\u00f6nderildi.<\/p>\n\n\n\n<p class=\"wp-block-paragraph\">Bal\u0131kesir&#8217;in G\u00f6me\u00e7 il\u00e7esinde ormanl\u0131k ve zeytinlik alanda \u00e7\u0131kan, r\u00fczgar\u0131n etkisiyle geni\u015f bir alana yay\u0131lan yang\u0131na havadan ve karadan m\u00fcdahale s\u00fcrerken, Tekirda\u011f B\u00fcy\u00fck\u015fehir Belediyesi gelen destek talebi \u00fczerine zaman kaybetmeden harekete ge\u00e7ti. Yang\u0131n b\u00f6lgesine ula\u015fan \u0130tfaiye ve Fen \u0130\u015fleri ekipleri, s\u00f6nd\u00fcrme \u00e7al\u0131\u015fmalar\u0131na destek verirken, i\u015f makineleriyle de sahadaki m\u00fcdahale \u00e7al\u0131\u015fmalar\u0131na katk\u0131 sa\u011fl\u0131yor.<\/p>\n\n\n\n<p class=\"wp-block-paragraph\"><strong>Y\u00dcCEER&#8217;DEN DAYANI\u015eMA VURGUSU<\/strong><\/p>\n\n\n\n<p class=\"wp-block-paragraph\">B\u00fcy\u00fck\u015fehir Belediye Ba\u015fkan\u0131 Candan Y\u00fcceer, dayan\u0131\u015fman\u0131n afet zamanlar\u0131nda b\u00fcy\u00fck \u00f6nem ta\u015f\u0131d\u0131\u011f\u0131na dikkati \u00e7ekerek,&nbsp;&#8220;Bal\u0131kesir&#8217;in G\u00f6me\u00e7 il\u00e7esinde meydana gelen orman yang\u0131n\u0131na m\u00fcdahale \u00e7al\u0131\u015fmalar\u0131na destek olmak \u00fczere Tekirda\u011f B\u00fcy\u00fck\u015fehir Belediyesi ekiplerimiz h\u0131zla b\u00f6lgeye hareket etti. \u0130tfaiye Daire Ba\u015fkanl\u0131\u011f\u0131&#8217;m\u0131zdan alt\u0131 personelimiz, itfaiye arac\u0131m\u0131z ve su tankerimiz, Fen \u0130\u015fleri Daire Ba\u015fkanl\u0131\u011f\u0131&#8217;m\u0131zdan ise \u00fc\u00e7 personelimiz, lowbet, \u00f6nc\u00fc pikap arac\u0131m\u0131z ve dozerimizle s\u00f6nd\u00fcrme \u00e7al\u0131\u015fmalar\u0131na katk\u0131 sunuyoruz. Yang\u0131ndan etkilenen t\u00fcm vatanda\u015flar\u0131m\u0131za ge\u00e7mi\u015f olsun dileklerimizi iletiyor, sahada b\u00fcy\u00fck bir fedakarl\u0131kla g\u00f6rev yapan t\u00fcm ekiplere kolayl\u0131klar diliyorum. En b\u00fcy\u00fck temennimiz, yang\u0131n\u0131n en k\u0131sa s\u00fcrede kontrol alt\u0131na al\u0131narak daha fazla alana yay\u0131lmadan tamamen s\u00f6nd\u00fcr\u00fclmesidir&#8221; dedi.<\/p>\n","protected":false},"excerpt":{"rendered":"<p>Tekirda\u011f B\u00fcy\u00fck\u015fehir Belediyesi \u0130tfaiye Dairesi Ba\u015fkanl\u0131\u011f\u0131&#8217;na ba\u011fl\u0131 alt\u0131 personel, bir itfaiye arac\u0131 ve bir su<\/p>\n","protected":false},"author":1,"featured_media":4439,"comment_status":"open","ping_status":"open","sticky":false,"template":"","format":"standard","meta":{"_rtcl_gb_attr":"","footnotes":""},"categories":[74],"tags":[],"class_list":["post-4438","post","type-post","status-publish","format-standard","has-post-thumbnail","hentry","category-yerel-haberler"],"_links":{"self":[{"href":"https:\/\/turkiyemhaber.com\/index.php?rest_route=\/wp\/v2\/posts\/4438","targetHints":{"allow":["GET"]}}],"collection":[{"href":"https:\/\/turkiyemhaber.com\/index.php?rest_route=\/wp\/v2\/posts"}],"about":[{"href":"https:\/\/turkiyemhaber.com\/index.php?rest_route=\/wp\/v2\/types\/post"}],"author":[{"embeddable":true,"href":"https:\/\/turkiyemhaber.com\/index.php?rest_route=\/wp\/v2\/users\/1"}],"replies":[{"embeddable":true,"href":"https:\/\/turkiyemhaber.com\/index.php?rest_route=%2Fwp%2Fv2%2Fcomments&post=4438"}],"version-history":[{"count":1,"href":"https:\/\/turkiyemhaber.com\/index.php?rest_route=\/wp\/v2\/posts\/4438\/revisions"}],"predecessor-version":[{"id":4440,"href":"https:\/\/turkiyemhaber.com\/index.php?rest_route=\/wp\/v2\/posts\/4438\/revisions\/4440"}],"wp:featuredmedia":[{"embeddable":true,"href":"https:\/\/turkiyemhaber.com\/index.php?rest_route=\/wp\/v2\/media\/4439"}],"wp:attachment":[{"href":"https:\/\/turkiyemhaber.com\/index.php?rest_route=%2Fwp%2Fv2%2Fmedia&parent=4438"}],"wp:term":[{"taxonomy":"category","embeddable":true,"href":"https:\/\/turkiyemhaber.com\/index.php?rest_route=%2Fwp%2Fv2%2Fcategories&post=4438"},{"taxonomy":"post_tag","embeddable":true,"href":"https:\/\/turkiyemhaber.com\/index.php?rest_route=%2Fwp%2Fv2%2Ftags&post=4438"}],"curies":[{"name":"wp","href":"https:\/\/api.w.org\/{rel}","templated":true}]}}