{"id":4435,"date":"2026-07-31T09:11:05","date_gmt":"2026-07-31T09:11:05","guid":{"rendered":"https:\/\/turkiyemhaber.com\/?p=4435"},"modified":"2026-07-31T09:11:12","modified_gmt":"2026-07-31T09:11:12","slug":"tekirdagda-tarih-ve-kultur-gezileri-icin-agustos-takvimi-belli-oldu","status":"publish","type":"post","link":"https:\/\/turkiyemhaber.com\/?p=4435","title":{"rendered":"Tekirda\u011f\u2019da tarih ve k\u00fclt\u00fcr gezileri i\u00e7in A\u011fustos takvimi belli oldu"},"content":{"rendered":"\n<p class=\"wp-block-paragraph\">Tekirda\u011f B\u00fcy\u00fck\u015fehir Belediyesi taraf\u0131ndan vatanda\u015flar\u0131n tarih\u00ee ve k\u00fclt\u00fcrel mirasla bulu\u015fturulmas\u0131 amac\u0131yla d\u00fczenlenen \u00fccretsiz tarih ve k\u00fclt\u00fcr gezilerinin A\u011fustos ay\u0131 program\u0131 a\u00e7\u0131kland\u0131.<\/p>\n\n\n\n<p class=\"wp-block-paragraph\"><a href=\"https:\/\/www.sondakika.com\/tekirdag-buyuksehir-belediyesi\/\">Tekirda\u011f B\u00fcy\u00fck\u015fehir Belediyesi<\/a>&nbsp;taraf\u0131ndan vatanda\u015flar\u0131n tarihi ve k\u00fclt\u00fcrel mirasla bulu\u015fturulmas\u0131 amac\u0131yla d\u00fczenlenen \u00fccretsiz tarih ve k\u00fclt\u00fcr gezilerinin&nbsp;<a href=\"https:\/\/www.sondakika.com\/agustos\/\">A\u011fustos<\/a>&nbsp;ay\u0131 program\u0131 a\u00e7\u0131kland\u0131. Program kapsam\u0131nda \u0130stanbul ve \u00c7anakkale&#8217;ye geziler d\u00fczenlenecek.<\/p>\n\n\n\n<p class=\"wp-block-paragraph\">Tekirda\u011f B\u00fcy\u00fck\u015fehir Belediye Ba\u015fkan\u0131 Dr. Candan Y\u00fcceer&#8217;in \u00f6nc\u00fcl\u00fc\u011f\u00fcnde s\u00fcrd\u00fcr\u00fclen tarih ve k\u00fclt\u00fcr gezileriyle vatanda\u015flar\u0131n \u0130stanbul ve \u00c7anakkale&#8217;nin tarihi, k\u00fclt\u00fcrel ve manevi de\u011ferlerini yerinde g\u00f6rmeleri hedefleniyor. \u00c7anakkale gezileri i\u00e7in otob\u00fcsler saat 09.00&#8217;da, \u0130stanbul gezileri i\u00e7in ise saat 08.00&#8217;de hareket edecek.<\/p>\n\n\n\n<p class=\"wp-block-paragraph\">\u00c7anakkale gezileri 4 farkl\u0131 tarihte yap\u0131lacak<\/p>\n\n\n\n<p class=\"wp-block-paragraph\">\u0130l\u00e7elere g\u00f6re haz\u0131rlanan programa g\u00f6re \u00c7anakkale gezileri 3 A\u011fustos&#8217;ta Ergene, Saray ve Muratl\u0131; 6 A\u011fustos&#8217;ta \u015eark\u00f6y, Malkara ve Hayrabolu; 13 A\u011fustos&#8217;ta Marmaraere\u011flisi ve S\u00fcleymanpa\u015fa; 18 A\u011fustos&#8217;ta ise \u00c7erkezk\u00f6y, Kapakl\u0131 ve \u00c7orlu il\u00e7elerinden ger\u00e7ekle\u015ftirilecek.<\/p>\n\n\n\n<p class=\"wp-block-paragraph\">\u0130stanbul gezileri de d\u00fczenlenecek<\/p>\n\n\n\n<p class=\"wp-block-paragraph\">\u0130stanbul gezileri ise 4 A\u011fustos&#8217;ta \u00c7erkezk\u00f6y, \u00c7orlu ve Kapakl\u0131; 8 A\u011fustos&#8217;ta Malkara, Hayrabolu ve Saray; 11 A\u011fustos&#8217;ta S\u00fcleymanpa\u015fa ve Marmaraere\u011flisi; 26 A\u011fustos&#8217;ta ise \u015eark\u00f6y, Ergene ve Muratl\u0131 il\u00e7elerinden d\u00fczenlenecek.<\/p>\n\n\n\n<p class=\"wp-block-paragraph\">Ba\u015fvurular internet \u00fczerinden yap\u0131lacak<\/p>\n\n\n\n<p class=\"wp-block-paragraph\">Kontenjanla s\u0131n\u0131rl\u0131 olarak ger\u00e7ekle\u015ftirilecek \u00fccretsiz gezilere 7-65 ya\u015f aras\u0131ndaki vatanda\u015flar kat\u0131labilecek. Ba\u015fvuru yapacak vatanda\u015flar\u0131n ilgili il\u00e7ede ikamet etmesi \u015fart\u0131 aran\u0131rken, ayn\u0131 aileden en fazla 2 ki\u015fi programa dahil olabilecek.<\/p>\n\n\n\n<p class=\"wp-block-paragraph\">Tarih ve k\u00fclt\u00fcr gezilerine kat\u0131lmak isteyen vatanda\u015flar ba\u015fvurular\u0131n\u0131 Tekirda\u011f B\u00fcy\u00fck\u015fehir Belediyesi&#8217;nin internet sitesindeki ba\u015fvuru formu \u00fczerinden ger\u00e7ekle\u015ftirebilecek.<\/p>\n","protected":false},"excerpt":{"rendered":"<p>Tekirda\u011f B\u00fcy\u00fck\u015fehir Belediyesi taraf\u0131ndan vatanda\u015flar\u0131n tarih\u00ee ve k\u00fclt\u00fcrel mirasla bulu\u015fturulmas\u0131 amac\u0131yla d\u00fczenlenen \u00fccretsiz tarih ve<\/p>\n","protected":false},"author":1,"featured_media":4436,"comment_status":"open","ping_status":"open","sticky":false,"template":"","format":"standard","meta":{"_rtcl_gb_attr":"","footnotes":""},"categories":[74],"tags":[],"class_list":["post-4435","post","type-post","status-publish","format-standard","has-post-thumbnail","hentry","category-yerel-haberler"],"_links":{"self":[{"href":"https:\/\/turkiyemhaber.com\/index.php?rest_route=\/wp\/v2\/posts\/4435","targetHints":{"allow":["GET"]}}],"collection":[{"href":"https:\/\/turkiyemhaber.com\/index.php?rest_route=\/wp\/v2\/posts"}],"about":[{"href":"https:\/\/turkiyemhaber.com\/index.php?rest_route=\/wp\/v2\/types\/post"}],"author":[{"embeddable":true,"href":"https:\/\/turkiyemhaber.com\/index.php?rest_route=\/wp\/v2\/users\/1"}],"replies":[{"embeddable":true,"href":"https:\/\/turkiyemhaber.com\/index.php?rest_route=%2Fwp%2Fv2%2Fcomments&post=4435"}],"version-history":[{"count":1,"href":"https:\/\/turkiyemhaber.com\/index.php?rest_route=\/wp\/v2\/posts\/4435\/revisions"}],"predecessor-version":[{"id":4437,"href":"https:\/\/turkiyemhaber.com\/index.php?rest_route=\/wp\/v2\/posts\/4435\/revisions\/4437"}],"wp:featuredmedia":[{"embeddable":true,"href":"https:\/\/turkiyemhaber.com\/index.php?rest_route=\/wp\/v2\/media\/4436"}],"wp:attachment":[{"href":"https:\/\/turkiyemhaber.com\/index.php?rest_route=%2Fwp%2Fv2%2Fmedia&parent=4435"}],"wp:term":[{"taxonomy":"category","embeddable":true,"href":"https:\/\/turkiyemhaber.com\/index.php?rest_route=%2Fwp%2Fv2%2Fcategories&post=4435"},{"taxonomy":"post_tag","embeddable":true,"href":"https:\/\/turkiyemhaber.com\/index.php?rest_route=%2Fwp%2Fv2%2Ftags&post=4435"}],"curies":[{"name":"wp","href":"https:\/\/api.w.org\/{rel}","templated":true}]}}