{"id":4432,"date":"2026-07-31T09:06:17","date_gmt":"2026-07-31T09:06:17","guid":{"rendered":"https:\/\/turkiyemhaber.com\/?p=4432"},"modified":"2026-07-31T09:06:22","modified_gmt":"2026-07-31T09:06:22","slug":"tekirdagda-6-ayda-1-712-kisiye-evde-bakim-hizmeti-verildi","status":"publish","type":"post","link":"https:\/\/turkiyemhaber.com\/?p=4432","title":{"rendered":"Tekirda\u011f\u2019da 6 ayda 1.712 ki\u015fiye evde bak\u0131m hizmeti verildi"},"content":{"rendered":"\n<p class=\"wp-block-paragraph\">Tekirda\u011f B\u00fcy\u00fck\u015fehir Belediyesi, do\u011fumdan ya\u015fl\u0131l\u0131\u011fa kadar ya\u015fam\u0131n her d\u00f6neminde vatanda\u015flar\u0131n yan\u0131nda olmay\u0131 hedefleyen sosyal belediyecilik anlay\u0131\u015f\u0131 kapsam\u0131nda Evde Ki\u015fisel Bak\u0131m ve Kuaf\u00f6rl\u00fck Hizmetini 11 il\u00e7ede s\u00fcrd\u00fcr\u00fcyor.<\/p>\n\n\n\n<p class=\"wp-block-paragraph\"><a href=\"https:\/\/www.sondakika.com\/tekirdag-buyuksehir-belediyesi\/\">Tekirda\u011f B\u00fcy\u00fck\u015fehir Belediyesi<\/a>, do\u011fumdan ya\u015fl\u0131l\u0131\u011fa kadar ya\u015fam\u0131n her d\u00f6neminde vatanda\u015flar\u0131n yan\u0131nda olmay\u0131 hedefleyen sosyal belediyecilik anlay\u0131\u015f\u0131 kapsam\u0131nda Evde Ki\u015fisel Bak\u0131m ve Kuaf\u00f6rl\u00fck Hizmetini 11 il\u00e7ede s\u00fcrd\u00fcr\u00fcyor. Hizmet kapsam\u0131nda 2026 y\u0131l\u0131n\u0131n ilk 6 ay\u0131nda 1.712 vatanda\u015fa ula\u015f\u0131ld\u0131.<\/p>\n\n\n\n<p class=\"wp-block-paragraph\">B\u00fcy\u00fck\u015fehir Belediyesi ekipleri, ya\u015fl\u0131l\u0131k, kronik hastal\u0131k veya engellilik nedeniyle ki\u015fisel bak\u0131m ihtiya\u00e7lar\u0131n\u0131 kendi ba\u015f\u0131na kar\u015f\u0131lamakta g\u00fc\u00e7l\u00fck ya\u015fayan vatanda\u015flar\u0131n evlerine giderek bak\u0131m hizmeti sunuyor. Belediye personeli taraf\u0131ndan ger\u00e7ekle\u015ftirilen hizmet kapsam\u0131nda banyo, sa\u00e7 ve sakal t\u0131ra\u015f\u0131, t\u0131rnak bak\u0131m\u0131 ve v\u00fccut temizli\u011fi gibi ki\u015fisel bak\u0131m ihtiya\u00e7lar\u0131 hijyenik ve \u00f6zenli \u015fekilde kar\u015f\u0131lan\u0131yor.<\/p>\n\n\n\n<p class=\"wp-block-paragraph\">6 ayda ge\u00e7en y\u0131l\u0131n tamam\u0131 geride b\u0131rak\u0131ld\u0131<\/p>\n\n\n\n<p class=\"wp-block-paragraph\">Tekirda\u011f B\u00fcy\u00fck\u015fehir Belediyesi taraf\u0131ndan 2025 y\u0131l\u0131 boyunca \u00f6zel ihtiya\u00e7 sahibi, ya\u015f alm\u0131\u015f ve bak\u0131ma ihtiya\u00e7 duyan 1.483 vatanda\u015f\u0131n evine ki\u015fisel bak\u0131m ve kuaf\u00f6rl\u00fck hizmeti g\u00f6t\u00fcr\u00fcld\u00fc.<\/p>\n\n\n\n<p class=\"wp-block-paragraph\">2026 y\u0131l\u0131n\u0131n ilk 6 ay\u0131nda ise hizmet ula\u015ft\u0131r\u0131lan vatanda\u015f say\u0131s\u0131 1.712&#8217;ye y\u00fckseldi. B\u00f6ylece y\u0131l\u0131n hen\u00fcz ilk yar\u0131s\u0131nda, 2025 y\u0131l\u0131n\u0131n tamam\u0131ndaki hizmet say\u0131s\u0131 geride b\u0131rak\u0131lm\u0131\u015f oldu.<\/p>\n\n\n\n<p class=\"wp-block-paragraph\">Sa\u011fl\u0131k ve Sosyal Hizmetler Dairesi Ba\u015fkanl\u0131\u011f\u0131 taraf\u0131ndan y\u00fcr\u00fct\u00fclen hizmetle ekipler, vatanda\u015flar\u0131n ihtiya\u00e7lar\u0131n\u0131 evlerinde kar\u015f\u0131l\u0131yor. G\u00fcler y\u00fczle vatanda\u015flar\u0131n kap\u0131s\u0131n\u0131 \u00e7alan belediye personeli, ki\u015fisel bak\u0131m hizmetlerinin yan\u0131 s\u0131ra g\u00f6sterdikleri ilgi ve samimiyetle vatanda\u015flara moral ve destek de sa\u011fl\u0131yor.<\/p>\n\n\n\n<p class=\"wp-block-paragraph\">11 il\u00e7ede s\u00fcrd\u00fcr\u00fclen hizmet sayesinde evinden \u00e7\u0131kmakta g\u00fc\u00e7l\u00fck ya\u015fayan vatanda\u015flar\u0131n g\u00fcnl\u00fck ya\u015famlar\u0131n\u0131n kolayla\u015ft\u0131r\u0131lmas\u0131 ve ya\u015fam kalitelerinin art\u0131r\u0131lmas\u0131 hedefleniyor.<\/p>\n\n\n\n<p class=\"wp-block-paragraph\">&#8220;Tekirda\u011f&#8217;\u0131m\u0131zda hi\u00e7 kimse yaln\u0131z de\u011fil&#8221;<\/p>\n\n\n\n<p class=\"wp-block-paragraph\">Tekirda\u011f B\u00fcy\u00fck\u015fehir Belediye Ba\u015fkan\u0131 Dr. Candan Y\u00fcceer, sosyal belediyecili\u011fin insana dokunan bir dayan\u0131\u015fma modeli oldu\u011funu belirterek, &#8220;Bizim belediyecilik anlay\u0131\u015f\u0131m\u0131zda hizmet, hem\u015ferilerimizin ihtiya\u00e7 duydu\u011fu her yerde var olmakt\u0131r. Kimi zaman bir sa\u011fl\u0131k deste\u011fi, kimi zaman bir s\u0131cak yemek, kimi zaman da evinden \u00e7\u0131kmakta g\u00fc\u00e7l\u00fck ya\u015fayan bir hem\u015ferimizin ki\u015fisel bak\u0131m ihtiyac\u0131na destek olmakt\u0131r. Tekirda\u011f&#8217;\u0131m\u0131zda hi\u00e7 kimse yaln\u0131z de\u011fil. Dayan\u0131\u015fman\u0131n her eve ula\u015ft\u0131\u011f\u0131, herkesin kendini g\u00fcvende ve de\u011ferli hissetti\u011fi bir kent i\u00e7in \u00e7al\u0131\u015fmaya devam ediyoruz&#8221; dedi.<\/p>\n\n\n\n<p class=\"wp-block-paragraph\">Ba\u015fvurular ALO 153 \u00fczerinden yap\u0131labiliyor<\/p>\n\n\n\n<p class=\"wp-block-paragraph\">Evde Ki\u015fisel Bak\u0131m ve Kuaf\u00f6rl\u00fck Hizmetinden yararlanmak isteyen vatanda\u015flar ALO 153 Candan \u00c7\u00f6z\u00fcm Merkezi ve belediyenin internet sitesi \u00fczerinden ba\u015fvuru yapabiliyor. Ba\u015fvurular\u0131n ard\u0131ndan ger\u00e7ekle\u015ftirilen sosyal inceleme sonucunda hizmetten yararlanmas\u0131 uygun g\u00f6r\u00fclen vatanda\u015flara hafta i\u00e7i 08.00-17.00 saatleri aras\u0131nda hizmet veriliyor.<\/p>\n","protected":false},"excerpt":{"rendered":"<p>Tekirda\u011f B\u00fcy\u00fck\u015fehir Belediyesi, do\u011fumdan ya\u015fl\u0131l\u0131\u011fa kadar ya\u015fam\u0131n her d\u00f6neminde vatanda\u015flar\u0131n yan\u0131nda olmay\u0131 hedefleyen sosyal belediyecilik<\/p>\n","protected":false},"author":1,"featured_media":4433,"comment_status":"open","ping_status":"open","sticky":false,"template":"","format":"standard","meta":{"_rtcl_gb_attr":"","footnotes":""},"categories":[74],"tags":[],"class_list":["post-4432","post","type-post","status-publish","format-standard","has-post-thumbnail","hentry","category-yerel-haberler"],"_links":{"self":[{"href":"https:\/\/turkiyemhaber.com\/index.php?rest_route=\/wp\/v2\/posts\/4432","targetHints":{"allow":["GET"]}}],"collection":[{"href":"https:\/\/turkiyemhaber.com\/index.php?rest_route=\/wp\/v2\/posts"}],"about":[{"href":"https:\/\/turkiyemhaber.com\/index.php?rest_route=\/wp\/v2\/types\/post"}],"author":[{"embeddable":true,"href":"https:\/\/turkiyemhaber.com\/index.php?rest_route=\/wp\/v2\/users\/1"}],"replies":[{"embeddable":true,"href":"https:\/\/turkiyemhaber.com\/index.php?rest_route=%2Fwp%2Fv2%2Fcomments&post=4432"}],"version-history":[{"count":1,"href":"https:\/\/turkiyemhaber.com\/index.php?rest_route=\/wp\/v2\/posts\/4432\/revisions"}],"predecessor-version":[{"id":4434,"href":"https:\/\/turkiyemhaber.com\/index.php?rest_route=\/wp\/v2\/posts\/4432\/revisions\/4434"}],"wp:featuredmedia":[{"embeddable":true,"href":"https:\/\/turkiyemhaber.com\/index.php?rest_route=\/wp\/v2\/media\/4433"}],"wp:attachment":[{"href":"https:\/\/turkiyemhaber.com\/index.php?rest_route=%2Fwp%2Fv2%2Fmedia&parent=4432"}],"wp:term":[{"taxonomy":"category","embeddable":true,"href":"https:\/\/turkiyemhaber.com\/index.php?rest_route=%2Fwp%2Fv2%2Fcategories&post=4432"},{"taxonomy":"post_tag","embeddable":true,"href":"https:\/\/turkiyemhaber.com\/index.php?rest_route=%2Fwp%2Fv2%2Ftags&post=4432"}],"curies":[{"name":"wp","href":"https:\/\/api.w.org\/{rel}","templated":true}]}}