{"id":4429,"date":"2026-07-31T09:00:59","date_gmt":"2026-07-31T09:00:59","guid":{"rendered":"https:\/\/turkiyemhaber.com\/?p=4429"},"modified":"2026-07-31T09:01:04","modified_gmt":"2026-07-31T09:01:04","slug":"havacilik-ekosistemi-konferansi-tekirdagda","status":"publish","type":"post","link":"https:\/\/turkiyemhaber.com\/?p=4429","title":{"rendered":"Havac\u0131l\u0131k Ekosistemi Konferans\u0131 Tekirda\u011f&#8217;da"},"content":{"rendered":"\n<p class=\"wp-block-paragraph\">M\u00dcS\u0130AD ve \u00c7TSO i\u015fbirli\u011fiyle d\u00fczenlenen konferansta yerli \u00fcretim ve havac\u0131l\u0131k sekt\u00f6r\u00fc ele al\u0131nd\u0131.<\/p>\n\n\n\n<p class=\"wp-block-paragraph\"><a href=\"https:\/\/www.sondakika.com\/tekirdag\/\">Tekirda\u011f<\/a>&#8216;\u0131n \u00c7erkezk\u00f6y il\u00e7esinde, M\u00fcstakil Sanayici ve \u0130\u015fadamlar\u0131 Derne\u011fi (M\u00dcS\u0130AD) Tekirda\u011f \u015eubesi ile \u00c7erkezk\u00f6y Ticaret ve Sanayi Odas\u0131 (\u00c7TSO) i\u015fbirli\u011finde &#8220;T\u00fcrkiye&#8217;nin&nbsp;<a href=\"https:\/\/www.sondakika.com\/havacilik\/\">Havac\u0131l\u0131k<\/a>&nbsp;Ekosistemi ve Tedarik Zincirinin Y\u00f6netimi&#8221; konulu konferans d\u00fczenlendi.<\/p>\n\n\n\n<p class=\"wp-block-paragraph\">\u00c7TSO Konferans Salonu&#8217;nda ger\u00e7ekle\u015ftirilen programda konu\u015fan Tekirda\u011f Valisi Recep Soyt\u00fcrk, savunma sanayisinde yerli \u00fcretimin stratejik \u00f6neminin her ge\u00e7en g\u00fcn daha belirgin hale geldi\u011fini s\u00f6yledi.<\/p>\n\n\n\n<p class=\"wp-block-paragraph\">T\u00fcrkiye&#8217;nin savunma sanayisinde yerlilik oran\u0131n\u0131 \u00f6nemli \u00f6l\u00e7\u00fcde art\u0131rd\u0131\u011f\u0131n\u0131 belirten Soyt\u00fcrk, \u00fclkenin \u00f6zellikle insans\u0131z hava ara\u00e7lar\u0131 alan\u0131nda d\u00fcnya \u00e7ap\u0131nda \u00f6nemli bir konuma ula\u015ft\u0131\u011f\u0131n\u0131 ifade etti.<\/p>\n\n\n\n<p class=\"wp-block-paragraph\">Tekirda\u011f&#8217;\u0131n sanayi g\u00fcc\u00fcne de de\u011finen Soyt\u00fcrk, kentte yakla\u015f\u0131k 3 bin 500 sanayi tescilli firman\u0131n faaliyet g\u00f6sterdi\u011fini, 200 bine yak\u0131n ki\u015finin istihdam edildi\u011fini ve ilin y\u0131ll\u0131k 13,2 milyar dolarl\u0131k ihracatla T\u00fcrkiye&#8217;nin \u00f6nde gelen \u00fcretim merkezlerinden biri oldu\u011funu kaydetti.<\/p>\n\n\n\n<p class=\"wp-block-paragraph\">\u00c7TSO Y\u00f6netim Kurulu Ba\u015fkan\u0131 Ahmet \u00c7etin de Tekirda\u011f&#8217;\u0131n sanayi ve tar\u0131mda T\u00fcrkiye&#8217;nin lokomotif b\u00f6lgelerinden biri oldu\u011funu belirterek, b\u00f6lgenin y\u00fcksek \u00fcretim kapasitesiyle \u00fclke ekonomisine \u00f6nemli katk\u0131 sundu\u011funu dile getirdi.<\/p>\n\n\n\n<p class=\"wp-block-paragraph\">Konferansta konu\u015fan T\u00fcrkiye Havac\u0131l\u0131k ve Uzay Sanayii (TUSA\u015e) Genel M\u00fcd\u00fcr Yard\u0131mc\u0131s\u0131 Prof. Dr. Fahrettin \u00d6zt\u00fcrk ise havac\u0131l\u0131kta geli\u015ftirilen y\u00fcksek teknoloji ve \u00fcretim k\u00fclt\u00fcr\u00fcn\u00fcn otomotiv, tekstil, tar\u0131m ve di\u011fer sekt\u00f6rlere de katk\u0131 sa\u011flayaca\u011f\u0131n\u0131 s\u00f6yledi.<\/p>\n\n\n\n<p class=\"wp-block-paragraph\">\u00d6zt\u00fcrk, y\u00fcksek teknoloji odakl\u0131 \u00fcretimin yaln\u0131zca savunma sanayisi i\u00e7in de\u011fil, t\u00fcm sekt\u00f6rler a\u00e7\u0131s\u0131ndan rekabet g\u00fcc\u00fcn\u00fc art\u0131ran \u00f6nemli bir unsur oldu\u011funu ifade etti.<\/p>\n\n\n\n<p class=\"wp-block-paragraph\">Konferansta ayr\u0131ca M\u00dcS\u0130AD Tekirda\u011f \u015eube Ba\u015fkan\u0131 Abdullah Demir, M\u00dcS\u0130AD Savunma Sanayi Sekt\u00f6r Kurulu Ba\u015fkan\u0131 Halil Akg\u00fcl ile M\u00dcS\u0130AD Y\u00fcksek \u0130sti\u015fare Kurulu \u00dcyesi ve eski Sanayi ve Teknoloji Bakan Yard\u0131mc\u0131s\u0131 Hasan B\u00fcy\u00fckdede de konu\u015fma yapt\u0131.<\/p>\n\n\n\n<p class=\"wp-block-paragraph\">Program, Prof. Dr. Fahrettin \u00d6zt\u00fcrk&#8217;\u00fcn &#8220;T\u00fcrkiye&#8217;nin Havac\u0131l\u0131k Ekosistemi ve Tedarik Zinciri Y\u00f6netimi&#8221; konulu sunumuyla sona erdi.<\/p>\n","protected":false},"excerpt":{"rendered":"<p>M\u00dcS\u0130AD ve \u00c7TSO i\u015fbirli\u011fiyle d\u00fczenlenen konferansta yerli \u00fcretim ve havac\u0131l\u0131k sekt\u00f6r\u00fc ele al\u0131nd\u0131. Tekirda\u011f&#8216;\u0131n \u00c7erkezk\u00f6y<\/p>\n","protected":false},"author":1,"featured_media":4430,"comment_status":"open","ping_status":"open","sticky":false,"template":"","format":"standard","meta":{"_rtcl_gb_attr":"","footnotes":""},"categories":[74],"tags":[],"class_list":["post-4429","post","type-post","status-publish","format-standard","has-post-thumbnail","hentry","category-yerel-haberler"],"_links":{"self":[{"href":"https:\/\/turkiyemhaber.com\/index.php?rest_route=\/wp\/v2\/posts\/4429","targetHints":{"allow":["GET"]}}],"collection":[{"href":"https:\/\/turkiyemhaber.com\/index.php?rest_route=\/wp\/v2\/posts"}],"about":[{"href":"https:\/\/turkiyemhaber.com\/index.php?rest_route=\/wp\/v2\/types\/post"}],"author":[{"embeddable":true,"href":"https:\/\/turkiyemhaber.com\/index.php?rest_route=\/wp\/v2\/users\/1"}],"replies":[{"embeddable":true,"href":"https:\/\/turkiyemhaber.com\/index.php?rest_route=%2Fwp%2Fv2%2Fcomments&post=4429"}],"version-history":[{"count":1,"href":"https:\/\/turkiyemhaber.com\/index.php?rest_route=\/wp\/v2\/posts\/4429\/revisions"}],"predecessor-version":[{"id":4431,"href":"https:\/\/turkiyemhaber.com\/index.php?rest_route=\/wp\/v2\/posts\/4429\/revisions\/4431"}],"wp:featuredmedia":[{"embeddable":true,"href":"https:\/\/turkiyemhaber.com\/index.php?rest_route=\/wp\/v2\/media\/4430"}],"wp:attachment":[{"href":"https:\/\/turkiyemhaber.com\/index.php?rest_route=%2Fwp%2Fv2%2Fmedia&parent=4429"}],"wp:term":[{"taxonomy":"category","embeddable":true,"href":"https:\/\/turkiyemhaber.com\/index.php?rest_route=%2Fwp%2Fv2%2Fcategories&post=4429"},{"taxonomy":"post_tag","embeddable":true,"href":"https:\/\/turkiyemhaber.com\/index.php?rest_route=%2Fwp%2Fv2%2Ftags&post=4429"}],"curies":[{"name":"wp","href":"https:\/\/api.w.org\/{rel}","templated":true}]}}