{"id":4426,"date":"2026-07-31T08:56:09","date_gmt":"2026-07-31T08:56:09","guid":{"rendered":"https:\/\/turkiyemhaber.com\/?p=4426"},"modified":"2026-07-31T08:56:15","modified_gmt":"2026-07-31T08:56:15","slug":"tekirdagda-korkutan-yangin-500-donum-aniz-alev-alev-yandi","status":"publish","type":"post","link":"https:\/\/turkiyemhaber.com\/?p=4426","title":{"rendered":"Tekirda\u011f\u2019da korkutan yang\u0131n: 500 d\u00f6n\u00fcm an\u0131z alev alev yand\u0131"},"content":{"rendered":"\n<p class=\"wp-block-paragraph\">Tekirda\u011f \u00c7orlu Karatepe mevkiinde \u00e7\u0131kan an\u0131z yang\u0131n\u0131nda 500 d\u00f6n\u00fcm alan k\u00fcle d\u00f6nd\u00fc.<\/p>\n\n\n\n<p class=\"wp-block-paragraph\"><a href=\"https:\/\/www.sondakika.com\/tekirdag\/\">Tekirda\u011f<\/a>&nbsp;<a href=\"https:\/\/www.sondakika.com\/corlu\/\">\u00c7orlu<\/a>&nbsp;Karatepe mevkiinde \u00e7\u0131kan an\u0131z yang\u0131n\u0131nda 500 d\u00f6n\u00fcm alan k\u00fcle d\u00f6nd\u00fc.<\/p>\n\n\n\n<p class=\"wp-block-paragraph\">G\u00fcnd\u00fcz saatlerinde hen\u00fcz bilinmeyen bir nedenle Hatip ile Yenice mahalleleri s\u0131n\u0131r\u0131ndaki Karatepe b\u00f6lgesinde bi\u00e7ilmi\u015f bu\u011fday tarlalar\u0131nda saplar alev ald\u0131. R\u00fczgar\u0131n da etkisiyle yang\u0131n geni\u015f bir alana yay\u0131ld\u0131. Yang\u0131n il\u00e7enin bir \u00e7ok noktas\u0131nda da g\u00f6r\u00fcld\u00fc.<\/p>\n\n\n\n<p class=\"wp-block-paragraph\">\u0130hbar \u00fczerine b\u00f6lgeye \u00c7orlu itfaiye istasyon ekiplerinin yan\u0131 s\u0131ra \u00c7orlu Belediyesi&#8217;nden de \u00e7ok say\u0131da yang\u0131n s\u00f6nd\u00fcrme ekibi sevk edildi. Yang\u0131n itfaiye ve belediye ekiplerinin yo\u011fun \u00e7abas\u0131 sonras\u0131 1 saat i\u00e7inde s\u00f6nd\u00fcr\u00fcld\u00fc.<\/p>\n","protected":false},"excerpt":{"rendered":"<p>Tekirda\u011f \u00c7orlu Karatepe mevkiinde \u00e7\u0131kan an\u0131z yang\u0131n\u0131nda 500 d\u00f6n\u00fcm alan k\u00fcle d\u00f6nd\u00fc. Tekirda\u011f&nbsp;\u00c7orlu&nbsp;Karatepe mevkiinde \u00e7\u0131kan<\/p>\n","protected":false},"author":1,"featured_media":4427,"comment_status":"open","ping_status":"open","sticky":false,"template":"","format":"standard","meta":{"_rtcl_gb_attr":"","footnotes":""},"categories":[74],"tags":[],"class_list":["post-4426","post","type-post","status-publish","format-standard","has-post-thumbnail","hentry","category-yerel-haberler"],"_links":{"self":[{"href":"https:\/\/turkiyemhaber.com\/index.php?rest_route=\/wp\/v2\/posts\/4426","targetHints":{"allow":["GET"]}}],"collection":[{"href":"https:\/\/turkiyemhaber.com\/index.php?rest_route=\/wp\/v2\/posts"}],"about":[{"href":"https:\/\/turkiyemhaber.com\/index.php?rest_route=\/wp\/v2\/types\/post"}],"author":[{"embeddable":true,"href":"https:\/\/turkiyemhaber.com\/index.php?rest_route=\/wp\/v2\/users\/1"}],"replies":[{"embeddable":true,"href":"https:\/\/turkiyemhaber.com\/index.php?rest_route=%2Fwp%2Fv2%2Fcomments&post=4426"}],"version-history":[{"count":1,"href":"https:\/\/turkiyemhaber.com\/index.php?rest_route=\/wp\/v2\/posts\/4426\/revisions"}],"predecessor-version":[{"id":4428,"href":"https:\/\/turkiyemhaber.com\/index.php?rest_route=\/wp\/v2\/posts\/4426\/revisions\/4428"}],"wp:featuredmedia":[{"embeddable":true,"href":"https:\/\/turkiyemhaber.com\/index.php?rest_route=\/wp\/v2\/media\/4427"}],"wp:attachment":[{"href":"https:\/\/turkiyemhaber.com\/index.php?rest_route=%2Fwp%2Fv2%2Fmedia&parent=4426"}],"wp:term":[{"taxonomy":"category","embeddable":true,"href":"https:\/\/turkiyemhaber.com\/index.php?rest_route=%2Fwp%2Fv2%2Fcategories&post=4426"},{"taxonomy":"post_tag","embeddable":true,"href":"https:\/\/turkiyemhaber.com\/index.php?rest_route=%2Fwp%2Fv2%2Ftags&post=4426"}],"curies":[{"name":"wp","href":"https:\/\/api.w.org\/{rel}","templated":true}]}}