{"id":4423,"date":"2026-07-31T08:50:38","date_gmt":"2026-07-31T08:50:38","guid":{"rendered":"https:\/\/turkiyemhaber.com\/?p=4423"},"modified":"2026-07-31T08:50:43","modified_gmt":"2026-07-31T08:50:43","slug":"tekirdagda-orman-yanginlarina-yasaklama","status":"publish","type":"post","link":"https:\/\/turkiyemhaber.com\/?p=4423","title":{"rendered":"Tekirda\u011f&#8217;da Orman Yang\u0131nlar\u0131na Yasaklama"},"content":{"rendered":"\n<p class=\"wp-block-paragraph\">Tekirda\u011f Valili\u011fi, orman yang\u0131nlar\u0131n\u0131 \u00f6nlemek i\u00e7in balya ba\u011flamay\u0131 ve ate\u015f yakmay\u0131 yasaklad\u0131.<\/p>\n\n\n\n<p class=\"wp-block-paragraph\">TEK\u0130RDA\u011e Valili\u011fi, orman yang\u0131nlar\u0131n \u00f6nlenmesi amac\u0131yla il genelinde balya ba\u011flanmas\u0131 ve a\u00e7\u0131k alanlarda ate\u015f yak\u0131lmas\u0131n\u0131 yasaklad\u0131.<\/p>\n\n\n\n<p class=\"wp-block-paragraph\"><a href=\"https:\/\/www.sondakika.com\/tekirdag-valiligi\/\">Tekirda\u011f Valili\u011fi<\/a>, an\u0131z ve orman yang\u0131nlar\u0131n\u0131n \u00f6nlenmesi amac\u0131yla yasaklama kararlar\u0131 al\u0131nd\u0131\u011f\u0131n\u0131 duyurdu. A\u00e7\u0131klamada, &#8220;\u0130limiz s\u0131n\u0131rlar\u0131 i\u00e7erisinde 31.07.2026 &#8211; 03.08.2026 tarihleri aras\u0131nda meteorolojik verilere dayan\u0131larak an\u0131z ve orman yang\u0131nlar\u0131n\u0131n \u00f6nlenmesi amac\u0131yla balya makinalar\u0131n\u0131n saat 12.00 ila 20.00 aras\u0131nda bi\u00e7ilmi\u015f hububat alanlar\u0131nda balya ba\u011flamalar\u0131 yasaklanm\u0131\u015ft\u0131r. Bu saatler aras\u0131nda balya makinas\u0131 \u00e7al\u0131\u015fmas\u0131 halinde 5442 Say\u0131l\u0131 \u0130l \u0130daresi Kanunu ve Kabahatler Kanunu&#8217;nun 32&#8217;nci maddesi uyar\u0131nca gerekli i\u015flemler uygulanacakt\u0131r. S\u00f6z konusu meteorolojik ko\u015fullar\u0131n olu\u015fturaca\u011f\u0131 y\u00fcksek yang\u0131n riskini azaltmak amac\u0131yla ilgili tarih aral\u0131\u011f\u0131nda her ne suretle olursa olsun a\u00e7\u0131k alanlarda ate\u015f yak\u0131lmas\u0131, a\u00e7\u0131k alanlarda spiral, ta\u015flama, kaynak vb. yang\u0131na sebebiyet verebilecek her t\u00fcrl\u00fc faaliyetin yap\u0131lmas\u0131 durdurulmu\u015ftur&#8221; denildi.<\/p>\n","protected":false},"excerpt":{"rendered":"<p>Tekirda\u011f Valili\u011fi, orman yang\u0131nlar\u0131n\u0131 \u00f6nlemek i\u00e7in balya ba\u011flamay\u0131 ve ate\u015f yakmay\u0131 yasaklad\u0131. TEK\u0130RDA\u011e Valili\u011fi, orman<\/p>\n","protected":false},"author":1,"featured_media":4424,"comment_status":"open","ping_status":"open","sticky":false,"template":"","format":"standard","meta":{"_rtcl_gb_attr":"","footnotes":""},"categories":[74],"tags":[],"class_list":["post-4423","post","type-post","status-publish","format-standard","has-post-thumbnail","hentry","category-yerel-haberler"],"_links":{"self":[{"href":"https:\/\/turkiyemhaber.com\/index.php?rest_route=\/wp\/v2\/posts\/4423","targetHints":{"allow":["GET"]}}],"collection":[{"href":"https:\/\/turkiyemhaber.com\/index.php?rest_route=\/wp\/v2\/posts"}],"about":[{"href":"https:\/\/turkiyemhaber.com\/index.php?rest_route=\/wp\/v2\/types\/post"}],"author":[{"embeddable":true,"href":"https:\/\/turkiyemhaber.com\/index.php?rest_route=\/wp\/v2\/users\/1"}],"replies":[{"embeddable":true,"href":"https:\/\/turkiyemhaber.com\/index.php?rest_route=%2Fwp%2Fv2%2Fcomments&post=4423"}],"version-history":[{"count":1,"href":"https:\/\/turkiyemhaber.com\/index.php?rest_route=\/wp\/v2\/posts\/4423\/revisions"}],"predecessor-version":[{"id":4425,"href":"https:\/\/turkiyemhaber.com\/index.php?rest_route=\/wp\/v2\/posts\/4423\/revisions\/4425"}],"wp:featuredmedia":[{"embeddable":true,"href":"https:\/\/turkiyemhaber.com\/index.php?rest_route=\/wp\/v2\/media\/4424"}],"wp:attachment":[{"href":"https:\/\/turkiyemhaber.com\/index.php?rest_route=%2Fwp%2Fv2%2Fmedia&parent=4423"}],"wp:term":[{"taxonomy":"category","embeddable":true,"href":"https:\/\/turkiyemhaber.com\/index.php?rest_route=%2Fwp%2Fv2%2Fcategories&post=4423"},{"taxonomy":"post_tag","embeddable":true,"href":"https:\/\/turkiyemhaber.com\/index.php?rest_route=%2Fwp%2Fv2%2Ftags&post=4423"}],"curies":[{"name":"wp","href":"https:\/\/api.w.org\/{rel}","templated":true}]}}