{"id":4420,"date":"2026-07-31T08:46:10","date_gmt":"2026-07-31T08:46:10","guid":{"rendered":"https:\/\/turkiyemhaber.com\/?p=4420"},"modified":"2026-07-31T08:46:15","modified_gmt":"2026-07-31T08:46:15","slug":"tekirdagda-aniz-yangini","status":"publish","type":"post","link":"https:\/\/turkiyemhaber.com\/?p=4420","title":{"rendered":"Tekirda\u011f\u2019da an\u0131z yang\u0131n\u0131"},"content":{"rendered":"\n<p class=\"wp-block-paragraph\">Tekirda\u011f\u2019\u0131n Muratl\u0131 il\u00e7esinde bir petrol istasyonu yak\u0131n\u0131nda \u00e7\u0131kan an\u0131z yang\u0131n\u0131, itfaiye ekiplerinin m\u00fcdahalesiyle s\u00f6nd\u00fcr\u00fcld\u00fc.<\/p>\n\n\n\n<p class=\"wp-block-paragraph\"><a href=\"https:\/\/www.sondakika.com\/tekirdag\/\">Tekirda\u011f<\/a>&#8216;\u0131n&nbsp;<a href=\"https:\/\/www.sondakika.com\/muratli\/\">Muratl\u0131<\/a>&nbsp;il\u00e7esinde bir petrol istasyonu yak\u0131n\u0131nda \u00e7\u0131kan an\u0131z yang\u0131n\u0131, itfaiye ekiplerinin m\u00fcdahalesiyle s\u00f6nd\u00fcr\u00fcld\u00fc.<\/p>\n\n\n\n<p class=\"wp-block-paragraph\">Ye\u015fils\u0131rt Mahallesi&#8217;nde \u00f6\u011fle saatlerinde araziden y\u00fckselen dumanlar\u0131 fark eden vatanda\u015flar\u0131n ihbar\u0131 \u00fczerine b\u00f6lgeye itfaiye ekipleri, jandarma ve belediyeye ait i\u015f makineleri sevk edildi. R\u00fczgar\u0131n etkisiyle an\u0131z ve kuru otlar\u0131n bulundu\u011fu alanda k\u0131sa s\u00fcrede yay\u0131lan alevlere ekipler h\u0131zla m\u00fcdahale etti. \u0130\u015f makinelerinin de destek verdi\u011fi \u00e7al\u0131\u015fmalarda, yang\u0131n\u0131n daha geni\u015f bir alana ve \u00e7evredeki tesislere s\u0131\u00e7ramamas\u0131 i\u00e7in yo\u011fun \u00e7aba harcand\u0131.<\/p>\n\n\n\n<p class=\"wp-block-paragraph\">Ekiplerin zaman\u0131nda m\u00fcdahalesi sayesinde yang\u0131n kontrol alt\u0131na al\u0131narak s\u00f6nd\u00fcr\u00fcld\u00fc. Yang\u0131n\u0131n \u00e7\u0131k\u0131\u015f nedeninin belirlenmesi amac\u0131yla inceleme ba\u015flat\u0131ld\u0131.<\/p>\n\n\n\n<p class=\"wp-block-paragraph\"><\/p>\n","protected":false},"excerpt":{"rendered":"<p>Tekirda\u011f\u2019\u0131n Muratl\u0131 il\u00e7esinde bir petrol istasyonu yak\u0131n\u0131nda \u00e7\u0131kan an\u0131z yang\u0131n\u0131, itfaiye ekiplerinin m\u00fcdahalesiyle s\u00f6nd\u00fcr\u00fcld\u00fc. Tekirda\u011f&#8216;\u0131n&nbsp;Muratl\u0131&nbsp;il\u00e7esinde<\/p>\n","protected":false},"author":1,"featured_media":4421,"comment_status":"open","ping_status":"open","sticky":false,"template":"","format":"standard","meta":{"_rtcl_gb_attr":"","footnotes":""},"categories":[74],"tags":[],"class_list":["post-4420","post","type-post","status-publish","format-standard","has-post-thumbnail","hentry","category-yerel-haberler"],"_links":{"self":[{"href":"https:\/\/turkiyemhaber.com\/index.php?rest_route=\/wp\/v2\/posts\/4420","targetHints":{"allow":["GET"]}}],"collection":[{"href":"https:\/\/turkiyemhaber.com\/index.php?rest_route=\/wp\/v2\/posts"}],"about":[{"href":"https:\/\/turkiyemhaber.com\/index.php?rest_route=\/wp\/v2\/types\/post"}],"author":[{"embeddable":true,"href":"https:\/\/turkiyemhaber.com\/index.php?rest_route=\/wp\/v2\/users\/1"}],"replies":[{"embeddable":true,"href":"https:\/\/turkiyemhaber.com\/index.php?rest_route=%2Fwp%2Fv2%2Fcomments&post=4420"}],"version-history":[{"count":1,"href":"https:\/\/turkiyemhaber.com\/index.php?rest_route=\/wp\/v2\/posts\/4420\/revisions"}],"predecessor-version":[{"id":4422,"href":"https:\/\/turkiyemhaber.com\/index.php?rest_route=\/wp\/v2\/posts\/4420\/revisions\/4422"}],"wp:featuredmedia":[{"embeddable":true,"href":"https:\/\/turkiyemhaber.com\/index.php?rest_route=\/wp\/v2\/media\/4421"}],"wp:attachment":[{"href":"https:\/\/turkiyemhaber.com\/index.php?rest_route=%2Fwp%2Fv2%2Fmedia&parent=4420"}],"wp:term":[{"taxonomy":"category","embeddable":true,"href":"https:\/\/turkiyemhaber.com\/index.php?rest_route=%2Fwp%2Fv2%2Fcategories&post=4420"},{"taxonomy":"post_tag","embeddable":true,"href":"https:\/\/turkiyemhaber.com\/index.php?rest_route=%2Fwp%2Fv2%2Ftags&post=4420"}],"curies":[{"name":"wp","href":"https:\/\/api.w.org\/{rel}","templated":true}]}}