{"id":4417,"date":"2026-07-31T08:40:49","date_gmt":"2026-07-31T08:40:49","guid":{"rendered":"https:\/\/turkiyemhaber.com\/?p=4417"},"modified":"2026-07-31T08:40:53","modified_gmt":"2026-07-31T08:40:53","slug":"tekirdagda-trafik-kazasi-2-yarali","status":"publish","type":"post","link":"https:\/\/turkiyemhaber.com\/?p=4417","title":{"rendered":"Tekirda\u011f&#8217;da Trafik Kazas\u0131: 2 Yaral\u0131"},"content":{"rendered":"\n<p class=\"wp-block-paragraph\">Muratl\u0131&#8217;da kontrolden \u00e7\u0131kan otomobil bariyere \u00e7arpt\u0131, 2 ki\u015fi yaraland\u0131. \u0130nceleme ba\u015flat\u0131ld\u0131.<\/p>\n\n\n\n<p class=\"wp-block-paragraph\"><a href=\"https:\/\/www.sondakika.com\/tekirdag\/\">Tekirda\u011f<\/a>&#8216;\u0131n&nbsp;<a href=\"https:\/\/www.sondakika.com\/muratli\/\">Muratl\u0131<\/a>&nbsp;il\u00e7esinde meydana gelen trafik kazas\u0131nda 2 ki\u015fi yaraland\u0131.<\/p>\n\n\n\n<p class=\"wp-block-paragraph\">Edinilen bilgilere g\u00f6re kaza, Muratl\u0131 \u00e7evreyolu \u00fczerindeki K\u0131rkkepenekli Mahallesi kav\u015fa\u011f\u0131nda meydana geldi. \u00d6.Y. y\u00f6netimindeki 17 UP 527 plakal\u0131 model otomobil, s\u00fcr\u00fcc\u00fcs\u00fcn\u00fcn direksiyon hakimiyetini kaybetmesi sonucu kontrolden \u00e7\u0131kt\u0131. Savrulan ara\u00e7, yol kenar\u0131ndaki bariyere \u00e7arpt\u0131. Kazada s\u00fcr\u00fcc\u00fc ile ara\u00e7ta yolcu olarak bulunan bir kad\u0131n yaraland\u0131.<\/p>\n\n\n\n<p class=\"wp-block-paragraph\">\u0130hbar \u00fczerine olay yerine sa\u011fl\u0131k ve emniyet ekipleri sevk edildi. Yaral\u0131lar ilk m\u00fcdahalenin ard\u0131ndan ambulanslarla Muratl\u0131 Devlet Hastanesi&#8217;ne kald\u0131r\u0131ld\u0131.<\/p>\n\n\n\n<p class=\"wp-block-paragraph\">Polis ekipleri, kaza yerinde g\u00fcvenlik \u00f6nlemleri alarak trafi\u011fi kontroll\u00fc \u015fekilde sa\u011flad\u0131. Kazaya kar\u0131\u015fan otomobil, \u00e7ekici yard\u0131m\u0131yla yoldan kald\u0131r\u0131larak otoparka \u00e7ekildi. Kazayla ilgili inceleme ba\u015flat\u0131ld\u0131.<\/p>\n","protected":false},"excerpt":{"rendered":"<p>Muratl\u0131&#8217;da kontrolden \u00e7\u0131kan otomobil bariyere \u00e7arpt\u0131, 2 ki\u015fi yaraland\u0131. \u0130nceleme ba\u015flat\u0131ld\u0131. Tekirda\u011f&#8216;\u0131n&nbsp;Muratl\u0131&nbsp;il\u00e7esinde meydana gelen trafik<\/p>\n","protected":false},"author":1,"featured_media":4418,"comment_status":"open","ping_status":"open","sticky":false,"template":"","format":"standard","meta":{"_rtcl_gb_attr":"","footnotes":""},"categories":[74],"tags":[],"class_list":["post-4417","post","type-post","status-publish","format-standard","has-post-thumbnail","hentry","category-yerel-haberler"],"_links":{"self":[{"href":"https:\/\/turkiyemhaber.com\/index.php?rest_route=\/wp\/v2\/posts\/4417","targetHints":{"allow":["GET"]}}],"collection":[{"href":"https:\/\/turkiyemhaber.com\/index.php?rest_route=\/wp\/v2\/posts"}],"about":[{"href":"https:\/\/turkiyemhaber.com\/index.php?rest_route=\/wp\/v2\/types\/post"}],"author":[{"embeddable":true,"href":"https:\/\/turkiyemhaber.com\/index.php?rest_route=\/wp\/v2\/users\/1"}],"replies":[{"embeddable":true,"href":"https:\/\/turkiyemhaber.com\/index.php?rest_route=%2Fwp%2Fv2%2Fcomments&post=4417"}],"version-history":[{"count":1,"href":"https:\/\/turkiyemhaber.com\/index.php?rest_route=\/wp\/v2\/posts\/4417\/revisions"}],"predecessor-version":[{"id":4419,"href":"https:\/\/turkiyemhaber.com\/index.php?rest_route=\/wp\/v2\/posts\/4417\/revisions\/4419"}],"wp:featuredmedia":[{"embeddable":true,"href":"https:\/\/turkiyemhaber.com\/index.php?rest_route=\/wp\/v2\/media\/4418"}],"wp:attachment":[{"href":"https:\/\/turkiyemhaber.com\/index.php?rest_route=%2Fwp%2Fv2%2Fmedia&parent=4417"}],"wp:term":[{"taxonomy":"category","embeddable":true,"href":"https:\/\/turkiyemhaber.com\/index.php?rest_route=%2Fwp%2Fv2%2Fcategories&post=4417"},{"taxonomy":"post_tag","embeddable":true,"href":"https:\/\/turkiyemhaber.com\/index.php?rest_route=%2Fwp%2Fv2%2Ftags&post=4417"}],"curies":[{"name":"wp","href":"https:\/\/api.w.org\/{rel}","templated":true}]}}