{"id":4411,"date":"2026-07-31T08:29:26","date_gmt":"2026-07-31T08:29:26","guid":{"rendered":"https:\/\/turkiyemhaber.com\/?p=4411"},"modified":"2026-07-31T08:33:59","modified_gmt":"2026-07-31T08:33:59","slug":"turkiyenin-yeni-nesil-arac-muayene-sistemi-icin-imtiyaz-sozlesmesi-imzalandi","status":"publish","type":"post","link":"https:\/\/turkiyemhaber.com\/?p=4411","title":{"rendered":"T\u00fcrkiye&#8217;nin yeni nesil ara\u00e7 muayene sistemi i\u00e7in imtiyaz s\u00f6zle\u015fmesi imzaland\u0131"},"content":{"rendered":"\n<p class=\"wp-block-paragraph\">T\u00fcrkiye&#8217;de 81 ilde ara\u00e7 muayene istasyonlar\u0131n\u0131n yap\u0131m\u0131, bak\u0131m\u0131, i\u015fletilmesi ve ara\u00e7 muayene hizmetlerinin y\u00fcr\u00fct\u00fclmesine ili\u015fkin 2027-2047 d\u00f6nemi \u0130mtiyaz Hakk\u0131 S\u00f6zle\u015fmesi imzaland\u0131.<\/p>\n\n\n\n<p class=\"wp-block-paragraph\">Ula\u015ft\u0131rma ve Altyap\u0131 Bakanl\u0131\u011f\u0131, \u00d6zelle\u015ftirme \u0130daresi Ba\u015fkanl\u0131\u011f\u0131 ve TURKA&#8217;n\u0131n imza att\u0131\u011f\u0131 s\u00f6zle\u015fmeyle birlikte yeni nesil ara\u00e7 muayene sistemi i\u00e7in geri say\u0131m resmen ba\u015flad\u0131. Yakla\u015f\u0131k 3 milyar dolarl\u0131k yat\u0131r\u0131m program\u0131 kapsam\u0131nda kurulacak altyap\u0131, 15 A\u011fustos 2027 itibar\u0131yla hizmete girecek.<\/p>\n\n\n\n<p class=\"wp-block-paragraph\"><a href=\"https:\/\/www.sondakika.com\/turkiye\/\">T\u00fcrkiye<\/a>&#8216;nin ara\u00e7 muayene altyap\u0131s\u0131n\u0131 \u00f6n\u00fcm\u00fczdeki 20 y\u0131l boyunca \u015fekillendirecek yeni d\u00f6nem resmen ba\u015fl\u0131yor. Ula\u015ft\u0131rma ve Altyap\u0131 Bakanl\u0131\u011f\u0131, \u00d6zelle\u015ftirme \u0130daresi Ba\u015fkanl\u0131\u011f\u0131 ve MOI Ortak Giri\u015fim Grubu taraf\u0131ndan kurulan TURKA aras\u0131nda, 2027\u20132047 d\u00f6nemini kapsayan Ara\u00e7 Muayene Hizmetleri \u0130mtiyaz Hakk\u0131 S\u00f6zle\u015fmesi Ankara&#8217;da imzaland\u0131.<\/p>\n\n\n\n<p class=\"wp-block-paragraph\">24 \u015eubat 2025 tarihinde ger\u00e7ekle\u015ftirilen ihalenin ard\u0131ndan hukuki, idari ve mali s\u00fcre\u00e7lerin tamamlanmas\u0131yla birlikte TURKA, 15 A\u011fustos 2027 tarihinden itibaren T\u00fcrkiye genelinde ara\u00e7 muayene hizmetlerini 20 y\u0131l s\u00fcreyle y\u00fcr\u00fctecek. Yakla\u015f\u0131k 3 milyar dolarl\u0131k yat\u0131r\u0131m program\u0131 kapsam\u0131nda kurulacak yeni nesil ara\u00e7 muayene altyap\u0131s\u0131 i\u00e7in i\u015fletme hakk\u0131 bedeli olarak 1,72 milyar dolar Hazine&#8217;ye pe\u015fin \u00f6deme ger\u00e7ekle\u015ftirildi. S\u00f6zle\u015fme s\u00fcresi boyunca elde edilecek gelirlerin yakla\u015f\u0131k y\u00fczde 65&#8217;i de kamuya aktar\u0131lacak.<\/p>\n\n\n\n<p class=\"wp-block-paragraph\">Hazine ve Maliye Bakanl\u0131\u011f\u0131 \u00d6zelle\u015ftirme \u0130daresi Ba\u015fkanl\u0131\u011f\u0131\u2019nda d\u00fczenlenen imza t\u00f6renine, Ula\u015ft\u0131rma ve Altyap\u0131 Bakan Abdulkadir Uralo\u011flu, Ula\u015ft\u0131rma ve Altyap\u0131 Bakan Yard\u0131mc\u0131lar\u0131 Osman Boyraz ve Ahmet Hamdi Atalay, \u00d6zelle\u015ftirme \u0130daresi Ba\u015fkan\u0131 Bekir Emre Hayk\u0131r, TURKA Y\u00f6netim Kurulu Ba\u015fkan\u0131 Halis Ezer ve \u0130spanya Ankara B\u00fcy\u00fckel\u00e7isi Cristina Latorre Sancho kat\u0131ld\u0131.<\/p>\n\n\n\n<figure class=\"wp-block-image size-full\"><img loading=\"lazy\" decoding=\"async\" width=\"640\" height=\"426\" src=\"http:\/\/turkiyemhaber.com\/wp-content\/uploads\/2026\/07\/turkiyenin-yeni-nesil-arac-mua-77159993-6686_1_m.webp\" alt=\"\" class=\"wp-image-4415\" srcset=\"https:\/\/turkiyemhaber.com\/wp-content\/uploads\/2026\/07\/turkiyenin-yeni-nesil-arac-mua-77159993-6686_1_m.webp 640w, https:\/\/turkiyemhaber.com\/wp-content\/uploads\/2026\/07\/turkiyenin-yeni-nesil-arac-mua-77159993-6686_1_m-300x200.webp 300w, https:\/\/turkiyemhaber.com\/wp-content\/uploads\/2026\/07\/turkiyenin-yeni-nesil-arac-mua-77159993-6686_1_m-18x12.webp 18w\" sizes=\"auto, (max-width: 640px) 100vw, 640px\" \/><\/figure>\n\n\n\n<h3 class=\"wp-block-heading\">\u201c20 y\u0131ll\u0131k yeni d\u00f6nemin temellerini at\u0131yoruz\u201d<\/h3>\n\n\n\n<p class=\"wp-block-paragraph\"><strong>Ula\u015ft\u0131rma ve Altyap\u0131 Bakan\u0131 Abdulkadir Uralo\u011flu, t\u00f6rende \u015f\u00f6yle konu\u015ftu:<\/strong><\/p>\n\n\n\n<p class=\"wp-block-paragraph\">\u201cBug\u00fcn imzalar\u0131n\u0131 att\u0131\u011f\u0131m\u0131z ihale s\u00fcrecini tamamlad\u0131k. Arazideki ara\u00e7 muayene istasyonlar\u0131n\u0131n kurulumlar\u0131 ba\u015flad\u0131. Toplamda 352 tane ara\u00e7 muayene istasyonuyla vatanda\u015f\u0131m\u0131za hizmet edece\u011fiz. M\u00fcmk\u00fcn oldu\u011fu kadar insan fakt\u00f6r\u00fcn\u00fc minimize edece\u011fiz. Ara\u00e7 ilk istasyona girerken plaka tan\u0131ma sistemiyle ba\u015flay\u0131p sonras\u0131nda da oradaki s\u00fcr\u00fcc\u00fcn\u00fcn ve teknisyenin m\u00fcmk\u00fcn oldu\u011fu kadar s\u00fcrecin i\u00e7erisinde olmad\u0131\u011f\u0131, ara\u00e7 sahibinin olmad\u0131\u011f\u0131, tamamen otomasyon sistemiyle ve belli ekranlarda da a\u015famalar\u0131 izlenebilen bir sistemi kuraca\u011f\u0131z. Kredi kartlar\u0131ndan al\u0131nan komisyonlar do\u011frudan buradaki ara\u00e7 sahibi veya \u015firket sahiplerine y\u00fckleniyordu. Biz ihaleye \u015fart koyarak bunun y\u00fcklenici taraf\u0131ndan \u00fcstlenilmesini sa\u011flad\u0131k. 2027&#8217;nin A\u011fustos ay\u0131nda i\u015fletmeye girdi\u011fimizde art\u0131k kredi kart\u0131 problemi ya da kredi kart\u0131 komisyon problemi de ortadan kalkacak. En \u00fcst seviyede d\u00fcnyada ne varsa T\u00fcrkiye&#8217;de de o olacak.\u201d<\/p>\n\n\n\n<p class=\"wp-block-paragraph\">\u00d6zelle\u015ftirme \u0130daresi Ba\u015fkan\u0131 Bekir Emre Hayk\u0131r da b\u00fcy\u00fckl\u00fc\u011f\u00fc, finansman yap\u0131s\u0131 ve uluslararas\u0131 yat\u0131r\u0131mc\u0131 ilgisiyle bu i\u015flemin, son y\u0131llarda yaln\u0131zca T\u00fcrkiye&#8217;nin de\u011fil, Avrupa&#8217;n\u0131n da en dikkat \u00e7ekici, en b\u00fcy\u00fck altyap\u0131 yat\u0131r\u0131m\u0131 ve imtiyaz projelerinden biri olarak \u00f6ne \u00e7\u0131kt\u0131\u011f\u0131na dikkat \u00e7ekti. Hayk\u0131r, \u201cBu sonu\u00e7, \u00fclkemize duyulan uluslararas\u0131 yat\u0131r\u0131mc\u0131 g\u00fcveninin, ekonomimizin sa\u011flam temellerinin ve \u015feffaf, \u00f6ng\u00f6r\u00fclebilir yat\u0131r\u0131m ortam\u0131n\u0131n en somut g\u00f6stergelerinden biridir\u201d dedi.<\/p>\n\n\n\n<p class=\"wp-block-paragraph\">Tekirda\u011f&#8217;da Trafik Kazas\u0131: 2 Yaral\u0131<\/p>\n","protected":false},"excerpt":{"rendered":"<p>T\u00fcrkiye&#8217;de 81 ilde ara\u00e7 muayene istasyonlar\u0131n\u0131n yap\u0131m\u0131, bak\u0131m\u0131, i\u015fletilmesi ve ara\u00e7 muayene hizmetlerinin y\u00fcr\u00fct\u00fclmesine ili\u015fkin<\/p>\n","protected":false},"author":1,"featured_media":4412,"comment_status":"open","ping_status":"open","sticky":false,"template":"","format":"standard","meta":{"_rtcl_gb_attr":"","footnotes":""},"categories":[1],"tags":[],"class_list":["post-4411","post","type-post","status-publish","format-standard","has-post-thumbnail","hentry","category-http-turkiyemhaber-com-wp-content-uploads-2026-03-saray-59-haber-13-mart-pdf"],"_links":{"self":[{"href":"https:\/\/turkiyemhaber.com\/index.php?rest_route=\/wp\/v2\/posts\/4411","targetHints":{"allow":["GET"]}}],"collection":[{"href":"https:\/\/turkiyemhaber.com\/index.php?rest_route=\/wp\/v2\/posts"}],"about":[{"href":"https:\/\/turkiyemhaber.com\/index.php?rest_route=\/wp\/v2\/types\/post"}],"author":[{"embeddable":true,"href":"https:\/\/turkiyemhaber.com\/index.php?rest_route=\/wp\/v2\/users\/1"}],"replies":[{"embeddable":true,"href":"https:\/\/turkiyemhaber.com\/index.php?rest_route=%2Fwp%2Fv2%2Fcomments&post=4411"}],"version-history":[{"count":3,"href":"https:\/\/turkiyemhaber.com\/index.php?rest_route=\/wp\/v2\/posts\/4411\/revisions"}],"predecessor-version":[{"id":4416,"href":"https:\/\/turkiyemhaber.com\/index.php?rest_route=\/wp\/v2\/posts\/4411\/revisions\/4416"}],"wp:featuredmedia":[{"embeddable":true,"href":"https:\/\/turkiyemhaber.com\/index.php?rest_route=\/wp\/v2\/media\/4412"}],"wp:attachment":[{"href":"https:\/\/turkiyemhaber.com\/index.php?rest_route=%2Fwp%2Fv2%2Fmedia&parent=4411"}],"wp:term":[{"taxonomy":"category","embeddable":true,"href":"https:\/\/turkiyemhaber.com\/index.php?rest_route=%2Fwp%2Fv2%2Fcategories&post=4411"},{"taxonomy":"post_tag","embeddable":true,"href":"https:\/\/turkiyemhaber.com\/index.php?rest_route=%2Fwp%2Fv2%2Ftags&post=4411"}],"curies":[{"name":"wp","href":"https:\/\/api.w.org\/{rel}","templated":true}]}}